{"id":111120,"date":"2025-09-12T23:25:16","date_gmt":"2025-09-12T23:25:16","guid":{"rendered":"https:\/\/www.europesays.com\/es\/111120\/"},"modified":"2025-09-12T23:25:16","modified_gmt":"2025-09-12T23:25:16","slug":"elpozo-murcia-vuelve-a-brillar-en-el-palacio-de-los-deportes","status":"publish","type":"post","link":"https:\/\/www.europesays.com\/es\/111120\/","title":{"rendered":"ElPozo Murcia vuelve a brillar en el Palacio de los Deportes"},"content":{"rendered":"<p class=\"ft-text\">ElPozo Murcia venci\u00f3 al Noia Portus en el Palacio (4-0). <strong>Los de Josan Gonz\u00e1lez llegaron al encuentro con la necesidad de sumar de tres ante su gente despu\u00e9s de la derrota ante el C\u00f3rdoba<\/strong>. El conjunto local salt\u00f3 a la pista con mucha energ\u00eda, siendo el claro dominador del juego desde el primer minuto. Pocos errores defensivos y mucha efectividad en ataque. <strong>Edu Sousa fue una pieza clave, dejando la porter\u00eda a cero y firmando una gran actuaci\u00f3n con muy buenas paradas<\/strong>. <a class=\"ft-link ft-link--decoration\" href=\"https:\/\/www.laopiniondemurcia.es\/deportes\/2025\/09\/10\/elpozo-murcia-gusta-suma-primeros-121447386.html\" target=\"_blank\" rel=\"nofollow noopener\">El cuadro murciano consigui\u00f3 su segunda victoria consecutiva<\/a>, dejando entender que el nuevo proyecto est\u00e1 empezando a funcionar y que esto va a ir hacia arriba. Los nuevos fichajes se est\u00e1n adaptando a la perfecci\u00f3n. <a class=\"ft-link ft-link--decoration\" href=\"https:\/\/www.laopiniondemurcia.es\/tags\/elpozo-murcia.html\" rel=\"nofollow noopener\" target=\"_blank\">ElPozo<\/a> ya mira a su pr\u00f3ximo objetivo despu\u00e9s del par\u00f3n de selecciones.<\/p>\n<p class=\"ft-text\"><strong>ElPozo llegaba a la tercera jornada con un objetivo muy claro, conseguir la victoria en el Palacio de los Deportes<\/strong>. Tras el p\u00e9simo comienzo de los murcianos en casa, el equipo estaba en deuda con los suyos, y por eso necesitaba ganar delante de toda su afici\u00f3n.<\/p>\n<p class=\"ft-text\">El Noia empez\u00f3 bien el encuentro, siendo capaz de acercarse con bastante peligro al arco murciano. <strong>El problema es que se top\u00f3 con un muro llamado Edu Sousa<\/strong>. La alegr\u00eda para ElPozo lleg\u00f3 cuando su p\u00edvot, Rafa Santos, abri\u00f3 la lata y adelant\u00f3 al cuadro murciano.<\/p>\n<p><img decoding=\"async\" src=\"https:\/\/www.europesays.com\/es\/wp-content\/uploads\/2025\/09\/a532efa6-e002-418e-9464-d6f5dd30ae8e_alta-libre-aspect-ratio_default_0.jpg\" width=\"1200\" height=\"800\" alt=\"David \u00c1lvarez remata a puerta en un lance del partido\" class=\"ft-helper-img-rd\" loading=\"lazy\" hasdataaida=\"true\"\/><\/p>\n<p class=\"ft-helper-fontColor-quaternary ft-helper-fontSize-body-S ft-helper-spacer-t-xxs\">David \u00c1lvarez remata a puerta en un lance del partido  \/ Israel S\u00e1nchez<\/p>\n<p class=\"ft-text\">El primer gol de ElPozo lleg\u00f3 en el ecuador del primer tiempo, pero segundos despu\u00e9s, y sumido en el subid\u00f3n, logr\u00f3 hacer el segundo. Gadeia recibi\u00f3 el esf\u00e9rico en el costado derecho y, con un zapatazo, mand\u00f3 el esf\u00e9rico al fondo de las mallas. <strong>El cuadro gallego se qued\u00f3 at\u00f3nito al ver c\u00f3mo salt\u00f3 el conjunto de Josan Gonz\u00e1lez tras haber anotado el primer tanto.<\/strong><\/p>\n<p class=\"ft-text\">En los \u00faltimos minutos del primer acto, el control del juego fue propiedad de ElPozo. Los locales se adue\u00f1aron del bal\u00f3n y se volcaron en el ataque. <strong>Lo intentaron de todas las maneras posibles, pero no lograron hacer el tercero.<\/strong> El p\u00fablico que acudi\u00f3 al Palacio de los Deportes estaba encantado de ver a los suyos hacer las cosas bien sobre la pista.<\/p>\n<p class=\"ft-text\">El segundo tiempo no cambi\u00f3 nada con respecto al primero. ElPozo Murcia segu\u00eda siendo el claro dominador y sus intenciones de buscar el tercero se ve\u00edan de lejos. <strong>A pesar del poco tiempo de recuperaci\u00f3n despu\u00e9s de haber jugado el pasado mi\u00e9rcoles ante el Alzira, el equipo murciano supo corregir los errores cometidos en el primer partido<\/strong>.<\/p>\n<p class=\"ft-text\">Las intenciones eran claras: anotar el tercer tanto cuanto antes. <strong>\u00c1lex Garc\u00eda cumpli\u00f3 y consigui\u00f3 sumar el gol. El p\u00edvot alicantino recibi\u00f3 un pase de la muerte, y desde el segundo palo, bati\u00f3 al meta gallego<\/strong>. El que fue uno de los m\u00e1ximos goleadores de Segunda Divisi\u00f3n el pasado a\u00f1o, con 23 dianas, este actual curso lleva ya dos tantos.<\/p>\n<p class=\"ft-text\">Los minutos pasaban y ElPozo Murcia disminuy\u00f3 la velocidad. <strong>A pesar de bajar un poco el ritmo, el cuadro murciano segu\u00eda buscando ampliar su marca<\/strong>. El Noia, fruto de la desesperaci\u00f3n, se puso en juego de cinco, conden\u00e1ndole a recibir el cuarto tanto. Marcel recogi\u00f3 el esf\u00e9rico en su campo y, de primeras, dispar\u00f3 a porter\u00eda, logrando sumarse a la lista de goleadores.<\/p>\n<p class=\"ft-text\">El encuentro lleg\u00f3 a su final y ElPozo se hizo con el triunfo en casa. <strong>La primera victoria de la temporada para los murcianos en el Palacio de los Deportes logr\u00f3 devolver la ilusi\u00f3n a sus aficionados, que pudieron ver el buen juego de los de Josan Gonz\u00e1lez<\/strong>. El cuadro de la capital del Segura, con esta segunda victoria consecutiva, se desquita de la derrota de la primera jornada y quiere ir a por m\u00e1s triunfos, aunque para ello habr\u00e1 que esperar al \u00faltimo fin de semana de septiembre.<\/p>\n<p>Ficha t\u00e9cnica<\/p>\n<p class=\"ft-text\"><strong>ElPozo Murcia: <\/strong>Edu Sousa, Ricardo Mayor, Gadeia, David \u00c1lvarez y Rafa Santos -cinco inicial-; Marcel, Ricardinho, Ligeiro, Alex Garc\u00eda, Adri\u00e1n Rivera y Bebe.<\/p>\n<p class=\"ft-text\"><strong>Noia Portus: <\/strong>Schutt, Churrasco, Douglas Silva, Tiaago Macedo y Biel -cinco inicial-; Varsalona, Diego F\u00e1vero, Thierry, Ismael, Leozin y Altamariano.<\/p>\n<p class=\"ft-text\"><strong>Goles:<\/strong> 1-0. Min. 10: Rafa Santos. 2-0. Min. 10: Gadeia. 3-0. Min. 26: \u00c1lex Garc\u00eda. 4-0. Min. 38: Marcel.<\/p>\n<p class=\"ft-text\"><strong>\u00c1rbitros:<\/strong> Corredor Corredor y Garc\u00eda Carpintero L\u00f3pez. Amarilla para los locales Adri\u00e1n Rivera, Ricardinho y Bebe; y para los visitantes Schutt, Thierry y Douglas.<\/p>\n<p class=\"ft-text\"><strong>Pabell\u00f3n: <\/strong>Palacio de los Deportes de Murcia.<\/p>\n","protected":false},"excerpt":{"rendered":"ElPozo Murcia venci\u00f3 al Noia Portus en el Palacio (4-0). Los de Josan Gonz\u00e1lez llegaron al encuentro con&hellip;\n","protected":false},"author":2,"featured_media":111121,"comment_status":"","ping_status":"","sticky":false,"template":"","format":"standard","meta":{"footnotes":""},"categories":[268],"tags":[18209,385,168,35182,37888,25,24,280,282,785,1478,6481,25902,281,23,167,159,739],"class_list":{"0":"post-111120","1":"post","2":"type-post","3":"status-publish","4":"format-standard","5":"has-post-thumbnail","7":"category-futbol","8":"tag-brillar","9":"tag-casa","10":"tag-deportes","11":"tag-elpozo","12":"tag-elpozo-murcia","13":"tag-es","14":"tag-espana","15":"tag-football","16":"tag-futbol","17":"tag-gallego","18":"tag-murcia","19":"tag-palacio","20":"tag-palacio-de-los-deportes","21":"tag-soccer","22":"tag-spain","23":"tag-sports","24":"tag-tiempo","25":"tag-vuelve"},"share_on_mastodon":{"url":"","error":""},"_links":{"self":[{"href":"https:\/\/www.europesays.com\/es\/wp-json\/wp\/v2\/posts\/111120","targetHints":{"allow":["GET"]}}],"collection":[{"href":"https:\/\/www.europesays.com\/es\/wp-json\/wp\/v2\/posts"}],"about":[{"href":"https:\/\/www.europesays.com\/es\/wp-json\/wp\/v2\/types\/post"}],"author":[{"embeddable":true,"href":"https:\/\/www.europesays.com\/es\/wp-json\/wp\/v2\/users\/2"}],"replies":[{"embeddable":true,"href":"https:\/\/www.europesays.com\/es\/wp-json\/wp\/v2\/comments?post=111120"}],"version-history":[{"count":0,"href":"https:\/\/www.europesays.com\/es\/wp-json\/wp\/v2\/posts\/111120\/revisions"}],"wp:featuredmedia":[{"embeddable":true,"href":"https:\/\/www.europesays.com\/es\/wp-json\/wp\/v2\/media\/111121"}],"wp:attachment":[{"href":"https:\/\/www.europesays.com\/es\/wp-json\/wp\/v2\/media?parent=111120"}],"wp:term":[{"taxonomy":"category","embeddable":true,"href":"https:\/\/www.europesays.com\/es\/wp-json\/wp\/v2\/categories?post=111120"},{"taxonomy":"post_tag","embeddable":true,"href":"https:\/\/www.europesays.com\/es\/wp-json\/wp\/v2\/tags?post=111120"}],"curies":[{"name":"wp","href":"https:\/\/api.w.org\/{rel}","templated":true}]}}