{"id":111195,"date":"2025-09-13T00:08:07","date_gmt":"2025-09-13T00:08:07","guid":{"rendered":"https:\/\/www.europesays.com\/es\/111195\/"},"modified":"2025-09-13T00:08:07","modified_gmt":"2025-09-13T00:08:07","slug":"calendario-de-la-copa-de-espana-de-gravel-2026","status":"publish","type":"post","link":"https:\/\/www.europesays.com\/es\/111195\/","title":{"rendered":"Calendario de la Copa de Espa\u00f1a de Gravel 2026"},"content":{"rendered":"<p>\n                    Ya se conocen las pruebas y las fechas que compondr\u00e1n en 2026 el circuito nacional de gravel. El certamen nacional contar\u00e1 con 9 citas puntuables.\n                <\/p>\n<p>La Comisi\u00f3n Delegada de la RFEC ha aprobado en su \u00faltima reuni\u00f3n, entre otros temas, las fechas y sedes de la Copa de Espa\u00f1a de Gravel 2026, que estar\u00e1 estructurada en nueve citas puntuables.<\/p>\n<p><strong>COPA DE ESPA\u00d1A DE GRAVEL<\/strong> (<a href=\"https:\/\/x.com\/search?q=%23CopaEspa%C3%B1aGravel&amp;src=typed_query\" target=\"_blank\" rel=\"noopener nofollow\">#CopaEspa\u00f1aGravel<\/a>)<\/p>\n<p>7 de marzo \/ Tamusia Bike Loop Race \/ Alcu\u00e9scar (C\u00e1ceres)<\/p>\n<p>18 de abril \/ Teruel Bike Festival Gravel \/ Teruel\u00a0<\/p>\n<p>2 de mayo \/ IV Copa de Espa\u00f1a Gravel La Indomable \/ Berja (Almer\u00eda)<\/p>\n<p>9 de mayo\/ Coal Gravel Race \/ Llerena (Badajoz)<\/p>\n<p>16 de mayo \/ Memorial Isidro Pulido Gravel \/ Villanueva de C\u00f3rdoba (C\u00f3rdoba)<\/p>\n<p>24 de mayo \/ The Bandit By Colina Triste \/ Silos, Caleruela (Burgos)<\/p>\n<p>30 mayo \/ Entre Sierras Gavel Race \/ Villanueva del Trabuco (M\u00e1laga)<\/p>\n<p>21 de junio \/ MMR Power Race Le\u00f3n \/ Le\u00f3n<\/p>\n<p>4 de octubre \/ III Monclova Desert Gravel \/ La Luisiana (Sevilla)<\/p>\n<p>\u00a0<\/p>\n","protected":false},"excerpt":{"rendered":"Ya se conocen las pruebas y las fechas que compondr\u00e1n en 2026 el circuito nacional de gravel. El&hellip;\n","protected":false},"author":2,"featured_media":111196,"comment_status":"","ping_status":"","sticky":false,"template":"","format":"standard","meta":{"footnotes":""},"categories":[273],"tags":[313,312,168,25,24,23,167],"class_list":{"0":"post-111195","1":"post","2":"type-post","3":"status-publish","4":"format-standard","5":"has-post-thumbnail","7":"category-ciclismo","8":"tag-ciclismo","9":"tag-cycling","10":"tag-deportes","11":"tag-es","12":"tag-espana","13":"tag-spain","14":"tag-sports"},"share_on_mastodon":{"url":"","error":""},"_links":{"self":[{"href":"https:\/\/www.europesays.com\/es\/wp-json\/wp\/v2\/posts\/111195","targetHints":{"allow":["GET"]}}],"collection":[{"href":"https:\/\/www.europesays.com\/es\/wp-json\/wp\/v2\/posts"}],"about":[{"href":"https:\/\/www.europesays.com\/es\/wp-json\/wp\/v2\/types\/post"}],"author":[{"embeddable":true,"href":"https:\/\/www.europesays.com\/es\/wp-json\/wp\/v2\/users\/2"}],"replies":[{"embeddable":true,"href":"https:\/\/www.europesays.com\/es\/wp-json\/wp\/v2\/comments?post=111195"}],"version-history":[{"count":0,"href":"https:\/\/www.europesays.com\/es\/wp-json\/wp\/v2\/posts\/111195\/revisions"}],"wp:featuredmedia":[{"embeddable":true,"href":"https:\/\/www.europesays.com\/es\/wp-json\/wp\/v2\/media\/111196"}],"wp:attachment":[{"href":"https:\/\/www.europesays.com\/es\/wp-json\/wp\/v2\/media?parent=111195"}],"wp:term":[{"taxonomy":"category","embeddable":true,"href":"https:\/\/www.europesays.com\/es\/wp-json\/wp\/v2\/categories?post=111195"},{"taxonomy":"post_tag","embeddable":true,"href":"https:\/\/www.europesays.com\/es\/wp-json\/wp\/v2\/tags?post=111195"}],"curies":[{"name":"wp","href":"https:\/\/api.w.org\/{rel}","templated":true}]}}