{"id":11120,"date":"2025-07-29T07:17:09","date_gmt":"2025-07-29T07:17:09","guid":{"rendered":"https:\/\/www.europesays.com\/es\/11120\/"},"modified":"2025-07-29T07:17:09","modified_gmt":"2025-07-29T07:17:09","slug":"la-aemet-avisa-de-la-llegada-de-lluvias-abundantes-a-espana-y-una-caida-de-las-temperaturas-las-zonas-afectadas","status":"publish","type":"post","link":"https:\/\/www.europesays.com\/es\/11120\/","title":{"rendered":"La Aemet avisa de la llegada de lluvias abundantes a Espa\u00f1a y una ca\u00edda de las temperaturas: las zonas afectadas"},"content":{"rendered":"<p>El inicio de la semana volver\u00e1 con tiempo inestable y con contrastes en funci\u00f3n de las comunidades\n<\/p>\n<p><img fetchpriority=\"high\" class=\"voc-img\" src=\"https:\/\/www.europesays.com\/es\/wp-content\/uploads\/2025\/07\/lluvia-vernao-kv0D-U701345326333qwE-1200x840@diario_abc.jpg\" loading=\"eager\" decoding=\"async\" alt=\"La Aemet avisa de la llegada de lluvias abundantes a Espa\u00f1a y una ca\u00edda de las temperaturas: las zonas afectadas\" width=\"1200\" height=\"840\"\/><\/p>\n<p>La Aemet avisa de la llegada de lluvias abundantes a Espa\u00f1a y una ca\u00edda de las temperaturas: las zonas afectadas    EFE  <\/p>\n<p><img decoding=\"async\" class=\"voc-author__img\" src=\"https:\/\/www.europesays.com\/es\/wp-content\/uploads\/2025\/07\/autor-5802-foto-2.png\" alt=\"Virginia L\u00f3pez Espl\u00e1\"\/><\/p>\n<p>28\/07\/2025<br \/>\n<br \/><strong><br \/>\nActualizado 29\/07\/2025 a las 07:21h.<br \/>\n<\/strong><\/p>\n<p class=\"voc-p\" style=\"\">La inestabilidad contin\u00faa en Espa\u00f1a, al menos durante los pr\u00f3ximos d\u00edas, seg\u00fan <a href=\"https:\/\/www.abc.es\/sociedad\/aemet-avisa-nuevo-cambio-tiempo-espana-masa-20250725054500-nt.html\" title=\"www.abc.es\" data-voc-vtm-id=\"in-text-traffic\" data-mrf-link=\"www.abc.es\" rel=\"nofollow noopener\" target=\"_blank\">destaca la Aemet<\/a> en su previsi\u00f3n de la semana que entra.<\/p>\n<p class=\"voc-p\" style=\"\">Tras una semana de potentes <strong>tormentas y granizo<\/strong> en el este de la Pen\u00ednsula, el domingo las precipitaciones dieron una tregua con un tiempo mayoritariamente anticicl\u00f3nico y un ascenso generalizado de las m\u00e1ximas.<\/p>\n<p class=\"voc-p\" style=\"\">Sin embargo, los \u00faltimos d\u00edas del mes de julio entran con un nuevo cambio de tiempo donde se volver\u00e1n a registrar tormentas en algunas comunidades de Espa\u00f1a y las temperaturas volver\u00e1n a descender.<\/p>\n<p>\nInicio de semana con lluvias en estos puntos\n<\/p>\n<p class=\"voc-p\" style=\"\">Este 28 de julio las precipitaciones <strong>ser\u00e1n \u00ababundantes\u00bb<\/strong> en el <strong>Cant\u00e1brico oriental, la cara norte del Pirineo y este de Catalu\u00f1a<\/strong>, tal y como destaca la Aemet en su previsi\u00f3n. No obstante, a pesar de las lluvias en estos puntos se prev\u00e9 un tiempo anticicl\u00f3nico en casi todo el pa\u00eds, aunque s\u00ed destacar\u00e1n los cielos nubosos y las nubes de evoluci\u00f3n en el centro y en el tercio oriental. En las Baleares tampoco se descartan las lluvias, mientras que en Canarias son probables los intervalos de abundante nubosidad.<\/p>\n<p class=\"voc-p\" style=\"\">En cuanto a las <strong>temperaturas<\/strong>, subir\u00e1n en el entorno de Albor\u00e1n y Canarias e incluso ser\u00e1 notable en la Costa del Sol, mientras que se producir\u00e1n <strong>bajadas en el interior centro y norte peninsulares y Baleares<\/strong> y esta sensaci\u00f3n ser\u00e1 m\u00e1s acusada en la meseta Norte, la Ib\u00e9rica y Pririneos. Las temperaturas por encima en torno a los 35 grados se encontrar\u00e1n en el sudoeste interior, Gran Canaria, Tenerife e islas m\u00e1s occidentales. Las m\u00ednimas subir\u00e1n o no experimentar\u00e1n muchos cambios, pudiendo estar por encima de los 20 grados en la zona del Mediterr\u00e1neo.<\/p>\n<p>\nEl tiempo del martes tendr\u00e1 pocos cambios respecto al lunes\n<\/p>\n<p class=\"voc-p\" style=\"\">El martes volver\u00e1 a haber \u00abprecipitaciones abundantes\u00bb en el <strong>Cant\u00e1brico oriental, este de Catalu\u00f1a y entorno del cabo de la Nao<\/strong> y en el resto del pa\u00eds seguir\u00e1 el tiempo anticicl\u00f3nico.<\/p>\n<p class=\"voc-p\" style=\"\">La <strong>inestabilidad<\/strong> se centrar\u00e1 en zonas de Baleares, Cant\u00e1brico oriental, nordeste y sudeste peninsulares con intervalos nubosos. La Aemet ampl\u00eda las zonas de precipitaciones probables a Catalu\u00f1a, Baleares y zonas del sudeste. Tambi\u00e9n podr\u00e1n producirse \u00abtormentas secas por la tarde en el interior sudeste\u00bb. En Canarias, el tiempo destacar\u00e1 por la calima.<\/p>\n<p class=\"voc-p\" style=\"\">Este d\u00eda las temperaturas ya<strong> ir\u00e1n en descenso en la mitad sur peninsular, Albor\u00e1n y Mallorca, notable en la costa del Sol<\/strong>. La m\u00ednimas volver\u00e1n a bajar en el interior peninsular y Mallorca, salvo aumentos acusados en Badajoz y Huelva, mientras que en el resto habr\u00e1 pocos cambios.<\/p>\n<p>Reportar un error<\/p>\n","protected":false},"excerpt":{"rendered":"El inicio de la semana volver\u00e1 con tiempo inestable y con contrastes en funci\u00f3n de las comunidades La&hellip;\n","protected":false},"author":2,"featured_media":11121,"comment_status":"","ping_status":"","sticky":false,"template":"","format":"standard","meta":{"footnotes":""},"categories":[8],"tags":[7995,2980,7997,7994,17,18,6258,25,24,13,14,11,19,20,6194,9,10,15,16,524,2596,23,6195,12,21,22,7996],"class_list":{"0":"post-11120","1":"post","2":"type-post","3":"status-publish","4":"format-standard","5":"has-post-thumbnail","7":"category-espana","8":"tag-abundantes","9":"tag-aemet","10":"tag-afectadas","11":"tag-avisa","12":"tag-breaking-news","13":"tag-breakingnews","14":"tag-descenso","15":"tag-es","16":"tag-espana","17":"tag-featured-news","18":"tag-featurednews","19":"tag-headlines","20":"tag-latest-news","21":"tag-latestnews","22":"tag-lluvias","23":"tag-news","24":"tag-noticias","25":"tag-noticias-destacadas","26":"tag-noticiasdestacadas","27":"tag-nuevo","28":"tag-regreso","29":"tag-spain","30":"tag-temperaturas","31":"tag-titulares","32":"tag-ultimas-noticias","33":"tag-ultimasnoticias","34":"tag-zonas"},"share_on_mastodon":{"url":"","error":""},"_links":{"self":[{"href":"https:\/\/www.europesays.com\/es\/wp-json\/wp\/v2\/posts\/11120","targetHints":{"allow":["GET"]}}],"collection":[{"href":"https:\/\/www.europesays.com\/es\/wp-json\/wp\/v2\/posts"}],"about":[{"href":"https:\/\/www.europesays.com\/es\/wp-json\/wp\/v2\/types\/post"}],"author":[{"embeddable":true,"href":"https:\/\/www.europesays.com\/es\/wp-json\/wp\/v2\/users\/2"}],"replies":[{"embeddable":true,"href":"https:\/\/www.europesays.com\/es\/wp-json\/wp\/v2\/comments?post=11120"}],"version-history":[{"count":0,"href":"https:\/\/www.europesays.com\/es\/wp-json\/wp\/v2\/posts\/11120\/revisions"}],"wp:featuredmedia":[{"embeddable":true,"href":"https:\/\/www.europesays.com\/es\/wp-json\/wp\/v2\/media\/11121"}],"wp:attachment":[{"href":"https:\/\/www.europesays.com\/es\/wp-json\/wp\/v2\/media?parent=11120"}],"wp:term":[{"taxonomy":"category","embeddable":true,"href":"https:\/\/www.europesays.com\/es\/wp-json\/wp\/v2\/categories?post=11120"},{"taxonomy":"post_tag","embeddable":true,"href":"https:\/\/www.europesays.com\/es\/wp-json\/wp\/v2\/tags?post=11120"}],"curies":[{"name":"wp","href":"https:\/\/api.w.org\/{rel}","templated":true}]}}