{"id":111201,"date":"2025-09-13T00:11:10","date_gmt":"2025-09-13T00:11:10","guid":{"rendered":"https:\/\/www.europesays.com\/es\/111201\/"},"modified":"2025-09-13T00:11:10","modified_gmt":"2025-09-13T00:11:10","slug":"rafa-mir-desata-la-ira-del-ramon-sanchez-pizjuan","status":"publish","type":"post","link":"https:\/\/www.europesays.com\/es\/111201\/","title":{"rendered":"Rafa Mir desata la ira del Ram\u00f3n S\u00e1nchez-Pizju\u00e1n"},"content":{"rendered":"<p>El delantero cedido por el Sevilla al Elche anot\u00f3 un gol de falta directa y no dud\u00f3 en celebrar con euforia el tanto, lo que enfad\u00f3 a la afici\u00f3n local<\/p>\n<p><img fetchpriority=\"high\" class=\"voc-img\" src=\"https:\/\/www.europesays.com\/es\/wp-content\/uploads\/2025\/09\/1500708982-R5vtIiiGecfVvo4aMvWvBMI-1200x840@diario_abc.jpg\" loading=\"eager\" decoding=\"async\" alt=\"Rafa Mir celebra su gol ante el Sevilla\" width=\"1200\" height=\"840\"\/><\/p>\n<p>Rafa Mir celebra su gol ante el Sevilla    Manuel G\u00f3mez  <\/p>\n<p><img decoding=\"async\" class=\"voc-author__img\" src=\"https:\/\/www.europesays.com\/es\/wp-content\/uploads\/2025\/08\/autor-6269-foto-5.jpeg\" alt=\"Nacho P\u00e9rez\"\/><\/p>\n<p>12\/09\/2025<br \/>\n<br \/><strong><br \/>\nActualizado a las 23:19h.<br \/>\n<\/strong><\/p>\n<p class=\"voc-p\" style=\"\">El Sevilla se march\u00f3 con ventaja al descanso durante el partido que este viernes lo enfrent\u00f3 al Elche en el Ram\u00f3n S\u00e1nchez-Pizju\u00e1n, pero en la segunda mitad el cuadro visitante consigui\u00f3 darle la vuelta al marcador gracias a los tantos de dos exjugadores nervionenses. Andr\u00e9 Silva primero y Rafa Mir despu\u00e9s pusieron a los de Eder Sarabia por delante y el delantero murciano enfad\u00f3 a la afici\u00f3n local por lo que entendieron que fue una falta de respeto al haber anotado al equipo con el que todav\u00eda tiene contrato. <\/p>\n<p class=\"voc-p\" style=\"\">Rafa Mir anot\u00f3 de falta directa en el minuto 70 de partido y no tuvo reparos en celebrar con euforia y rabia el que fue su tercer gol en cuatro partidos esta temporada. El punta recal\u00f3 como cedido en el Elche durante este verano y tiene contrato con los nervionenses hasta junio de 2027 aunque el Elche cuenta con la opci\u00f3n de quedarse con el futbolista en propiedad una vez acabe el pr\u00e9stamo en el mes de junio. <\/p>\n<p class=\"voc-p\" style=\"\">La afici\u00f3n sevillista le recrimin\u00f3 a Rafa Mir que no respetar al club del que todav\u00eda percibe parte de su salario y algunos le recordaron la investigaci\u00f3n de la que es objeto llam\u00e1ndolo \u00abviolador\u00bb. <\/p>\n<p>Reportar un error<\/p>\n","protected":false},"excerpt":{"rendered":"El delantero cedido por el Sevilla al Elche anot\u00f3 un gol de falta directa y no dud\u00f3 en&hellip;\n","protected":false},"author":2,"featured_media":111202,"comment_status":"","ping_status":"","sticky":false,"template":"","format":"standard","meta":{"footnotes":""},"categories":[268],"tags":[168,3006,25,24,280,282,15902,11725,12830,11082,37569,281,23,167],"class_list":{"0":"post-111201","1":"post","2":"type-post","3":"status-publish","4":"format-standard","5":"has-post-thumbnail","7":"category-futbol","8":"tag-deportes","9":"tag-desata","10":"tag-es","11":"tag-espana","12":"tag-football","13":"tag-futbol","14":"tag-ira","15":"tag-mir","16":"tag-rafa","17":"tag-ramon","18":"tag-sanchezpizjuan","19":"tag-soccer","20":"tag-spain","21":"tag-sports"},"share_on_mastodon":{"url":"","error":""},"_links":{"self":[{"href":"https:\/\/www.europesays.com\/es\/wp-json\/wp\/v2\/posts\/111201","targetHints":{"allow":["GET"]}}],"collection":[{"href":"https:\/\/www.europesays.com\/es\/wp-json\/wp\/v2\/posts"}],"about":[{"href":"https:\/\/www.europesays.com\/es\/wp-json\/wp\/v2\/types\/post"}],"author":[{"embeddable":true,"href":"https:\/\/www.europesays.com\/es\/wp-json\/wp\/v2\/users\/2"}],"replies":[{"embeddable":true,"href":"https:\/\/www.europesays.com\/es\/wp-json\/wp\/v2\/comments?post=111201"}],"version-history":[{"count":0,"href":"https:\/\/www.europesays.com\/es\/wp-json\/wp\/v2\/posts\/111201\/revisions"}],"wp:featuredmedia":[{"embeddable":true,"href":"https:\/\/www.europesays.com\/es\/wp-json\/wp\/v2\/media\/111202"}],"wp:attachment":[{"href":"https:\/\/www.europesays.com\/es\/wp-json\/wp\/v2\/media?parent=111201"}],"wp:term":[{"taxonomy":"category","embeddable":true,"href":"https:\/\/www.europesays.com\/es\/wp-json\/wp\/v2\/categories?post=111201"},{"taxonomy":"post_tag","embeddable":true,"href":"https:\/\/www.europesays.com\/es\/wp-json\/wp\/v2\/tags?post=111201"}],"curies":[{"name":"wp","href":"https:\/\/api.w.org\/{rel}","templated":true}]}}