{"id":111203,"date":"2025-09-13T00:12:15","date_gmt":"2025-09-13T00:12:15","guid":{"rendered":"https:\/\/www.europesays.com\/es\/111203\/"},"modified":"2025-09-13T00:12:15","modified_gmt":"2025-09-13T00:12:15","slug":"para-nada-me-molesta-que-sigan-asociandome-con-karina-de-cuentame","status":"publish","type":"post","link":"https:\/\/www.europesays.com\/es\/111203\/","title":{"rendered":"Para nada me molesta que sigan asoci\u00e1ndome con Karina (de &#8216;Cu\u00e9ntame&#8217;)"},"content":{"rendered":"<p class=\"HOLA-TEMAS_5--TEXTO-1er-PARRAFO\" id=\"e0j4w4Nj1Px\" data-wc=\"101\">Creci\u00f3\u00a0mientras la ve\u00edamos en pantalla.<strong>\u00a0Durante trece a\u00f1os, fue la risue\u00f1a y cari\u00f1osa Karina de\u00a0<\/strong><strong>Cu\u00e9ntame c\u00f3mo pas\u00f3<\/strong>, un personaje que siempre le acompa\u00f1ar\u00e1. Desde que dej\u00f3 la serie \u2014varias temporadas antes de su final\u2014, Elena ha trabajado encadenando y protagonizando un proyecto tras otro: de In\u00e9s del alma m\u00eda a Los herederos del tierra,\u00a0Sequ\u00eda, Alba o, m\u00e1s recientemente, Perdiendo el juicio. Damos la bienvenida al oto\u00f1o con la actriz, que comenz\u00f3 con seis a\u00f1os, <a class=\"hm-link ho-link\" href=\"https:\/\/www.hola.com\/actualidad\/20230103341024\/elena-rivera-paloma-san-basilio-serie-camilo-sesto-atresplayer\/\" data-mrf-recirculation=\"article-body-link\" rel=\"nofollow noopener\" target=\"_blank\">cantando temas de Paloma San Basilio en Menudas estrellas<\/a>, sigue siendo una apasionada de la m\u00fasica y hace cinco a\u00f1os se licenci\u00f3 en Magisterio.<\/p>\n<p>  <img src=\"https:\/\/www.europesays.com\/es\/wp-content\/uploads\/2025\/09\/504dfec267e3-elenarivera49355cut.jpg\"   width=\"1080\" height=\"1800\" loading=\"lazy\" decoding=\"async\" alt=\"Media Image\" fetchpriority=\"auto\" class=\"image ho-image\"\/>\u00a9 Carlos Villarejo<\/p>\n<p class=\"HOLA-TEMAS_5b--PREGUNTA-NEGRITA\" id=\"e2m9a3HbHsj\" data-wc=\"16\"><strong>\u2014Acabas de regresar de unos d\u00edas de vacaciones despu\u00e9s de un intenso a\u00f1o de trabajo, Elena.\u00a0<\/strong><\/p>\n<p class=\"HOLA-TEMAS_5a--TEXTO-NORMAL\" id=\"eTkwt4zIIAl\" data-wc=\"72\">\u2014S\u00ed, y en nuestra profesi\u00f3n<strong>\u00a0tener tanto trabajo es un privilegio.<\/strong> A principios de a\u00f1o estuve con toda la<strong>\u00a0promoci\u00f3n y el estreno de<\/strong><strong>\u00a0Perdiendo el juicio,<\/strong>\u00a0que se estren\u00f3 en marzo en Atresplayer, y el \u00abfeedback\u00bb ha sido buen\u00edsimo. Al mismo tiempo, tuve la<strong>\u00a0preparaci\u00f3n de la obra de teatro\u00a0<\/strong><strong>El efecto<\/strong>, con la que estuve en los Teatros del Canal y ahora iremos de gira. As\u00ed que estoy muy contenta.<\/p>\n<p class=\"HOLA-TEMAS_5b--PREGUNTA-NEGRITA\" id=\"eYAHJwrzkyI\" data-wc=\"13\"><strong>\u2014Y ahora, \u00bfc\u00f3mo afrontas el nuevo curso? \u00bfQu\u00e9 est\u00e1 por venir este oto\u00f1o?<\/strong><\/p>\n<p class=\"HOLA-TEMAS_5a--TEXTO-NORMAL\" id=\"e6YlnSq3C4mN\" data-wc=\"120\">\u2014La <strong>gira de teatro comienza el 5 de octubre en San Sebasti\u00e1n y, a partir de ah\u00ed, todos los fines de semana estaremos recorriendo Espa\u00f1a<\/strong> y deseando que el p\u00fablico disfrute como en Madrid, porque estuvo lleno todos los d\u00edas y es una maravilla que guste tanto y la gente vaya al teatro. Es una <strong>funci\u00f3n muy especial, una historia de amor, que es universal<\/strong>, pero adem\u00e1s abre un debate muy interesante, porque los protagonistas son dos personas que han entrado a formar parte de un ensayo cl\u00ednico para un nuevo f\u00e1rmaco y no saben si lo que empiezan a sentir es real o forma parte de ese ensayo. Tambi\u00e9n<strong>\u00a0estrenar\u00e9 pr\u00f3ximamente la serie\u00a0Dime t\u00fa nombre, en Prime V\u00eddeo<\/strong>.<\/p>\n<p> <img src=\"https:\/\/www.europesays.com\/es\/wp-content\/uploads\/2025\/09\/28feef95d474-elenarivera48801ampliadacut.jpg\"   width=\"1080\" height=\"1800\" loading=\"lazy\" decoding=\"async\" alt=\"El oto\u00f1o viene cargado para Elena Rivera de nuevos proyectos y retos. La veremos en la serie &quot;Dime tu nombre&quot; y, el 5 de octubre, comienza la gira de la obra &quot;El efecto&quot;, que represent\u00f3 en Madrid con gran \u00e9xito\" fetchpriority=\"auto\" class=\"image ho-image\"\/>\u00a9 Carlos VillarejoEl oto\u00f1o viene cargado para Elena Rivera de nuevos proyectos y retos. La veremos en la serie \u00abDime tu nombre\u00bb y, el 5 de octubre, comienza la gira de la obra \u00abEl efecto\u00bb, que represent\u00f3 en Madrid con gran \u00e9xito<\/p>\n<blockquote class=\"ho-bl-1081603 -no-figcaption\" cite=\"\">\n<p>\u00abEstoy muy contenta de hacer las cosas a mi manera, pasito a pasito, pero son pasos seguros. Y ojal\u00e1 dentro de 20 a\u00f1os pueda seguir haciendo esto, porque me apasiona\u00bb<\/p>\n<\/blockquote>\n<p class=\"HOLA-TEMAS_5b--PREGUNTA-NEGRITA\" id=\"e26uYhQfGURz\" data-wc=\"15\"><strong>\u2014Est\u00e1s en un momento muy interesante de tu carrera, con papeles que generan debate, adem\u00e1s.\u00a0<\/strong><\/p>\n<p class=\"HOLA-TEMAS_5a--TEXTO-NORMAL\" id=\"euORVLD9CTf-\" data-wc=\"153\">\u2014<strong>Empec\u00e9 muy chiquitita, con cinco o seis a\u00f1os, y ahora tengo m\u00e1s de 30\u00a0<\/strong>y sigo aqu\u00ed. Para m\u00ed <a class=\"hm-link ho-link\" href=\"https:\/\/www.hola.com\/actualidad\/20240210355866\/elena-rivera-serie-balenciaga\/\" data-mrf-recirculation=\"article-body-link\" rel=\"nofollow noopener\" target=\"_blank\">es una absoluta satisfacci\u00f3n ver que he ido recorriendo ese camino con la tranquilidad de que lo importante es ir labr\u00e1ndote una trayectoria<\/a>. Al final, hoy en d\u00eda, todo es muy ef\u00edmero y puedes estar arriba cuando apenas hace unos meses nadie te conoc\u00eda, y en dos o tres a\u00f1os volver al anonimato, y eso s\u00ed que da mucho v\u00e9rtigo. Yo estoy muy contenta de hacer las cosas a mi manera, pasito a pasito, pero son pasos seguros. Y<strong>\u00a0ojal\u00e1 dentro de 20 a\u00f1os pueda seguir haciendo esto, porque me apasiona<\/strong>. S\u00ed, estoy en un momento muy bueno con muchos papeles y protagonistas, que siempre es una suerte que apuesten por ti. Y adem\u00e1s, muy distintos y muy interesantes a la vez, que me aportan y me hacen aprender como persona y como profesional.<\/p>\n<p class=\"HOLA-TEMAS_5b--PREGUNTA-NEGRITA\" id=\"eN-IyhKePki6\" data-wc=\"21\"><strong>\u2014Parece una pregunta extra\u00f1a para alguien tan joven, pero llevas 20\u00a0a\u00f1os en la profesi\u00f3n: \u00bfsigues disfrutando como el primer d\u00eda?<\/strong><\/p>\n<p class=\"HOLA-TEMAS_5a--TEXTO-NORMAL\" id=\"evPLJrqeuCNH\" data-wc=\"113\">\u2014M\u00e1s de 20, porque <strong>como actriz s\u00ed empec\u00e9 con doce a\u00f1os, pero mis comienzos fueron en\u00a0Menudas estrellas, cantando una canci\u00f3n de Paloma San Basilio, con seis o siete<\/strong>. Intento no perder la ilusi\u00f3n, esa forma de juego, porque, si no, para m\u00ed no tendr\u00eda sentido seguir en la profesi\u00f3n. Hay que trabajar mucho, seguir demostrando, porque nadie te regala nada; pero luego me encanta estar en esa burbuja que yo misma me creo cuando estoy trabajando en casa, preparando un personaje. <strong>Me gusta mucho ese proceso de crear.\u00a0<\/strong>Y ahora, aun con la edad que tengo, me considero una \u00abviejoven\u00bb total, porque reconozco que me gustan muchas cosas de las de antes.<\/p>\n<blockquote class=\"ho-bl-1081603 -no-figcaption\" cite=\"\">\n<p>\u00abLlevo m\u00e1s de 20 a\u00f1os de carrera; como actriz, s\u00ed empec\u00e9 a los doce, pero mis comienzos fueron cantando como Palo\u00adma San Basilio en \u201cMenu\u00addas estrellas\u201d con seis\u00bb<\/p>\n<\/blockquote>\n<p> <img src=\"https:\/\/www.europesays.com\/es\/wp-content\/uploads\/2025\/09\/21e8db396e4c-elenarivera49271.jpg\"   width=\"1080\" height=\"1800\" loading=\"lazy\" decoding=\"async\" alt=\"Media Image\" fetchpriority=\"auto\" class=\"image ho-image\"\/>\u00a9 Carlos Villarejo<\/p>\n<p class=\"HOLA-TEMAS_5b--PREGUNTA-NEGRITA\" id=\"evf_sY9hdCFs\" data-wc=\"11\"><strong>\u2014\u00bfNo habr\u00e1n influido en eso tus a\u00f1os en Cu\u00e9ntame c\u00f3mo pas\u00f3?<\/strong><\/p>\n<p class=\"HOLA-TEMAS_5a--TEXTO-NORMAL\" id=\"eb5fi0LG0svO\" data-wc=\"50\">\u2014<strong>S\u00ed<\/strong>, siempre lo digo, que quiz\u00e1s es un poco tambi\u00e9n por haber estado en una serie que contaba la historia de Espa\u00f1a y eso me permit\u00eda ir conociendo cosas de otra \u00e9poca. Pero no creo que sea cuesti\u00f3n de edad, sino de <strong>valorar lo que era bueno en otras \u00e9pocas.<\/strong><\/p>\n<p>Esa incertidumbre universal<\/p>\n<p class=\"HOLA-TEMAS_5b--PREGUNTA-NEGRITA\" id=\"evQeEMDQxylL\" data-wc=\"12\"><strong>\u2014Acabas de celebrar tu 33 cumplea\u00f1os. \u00bfEn qu\u00e9 momento vital te sientes?<\/strong><\/p>\n<p class=\"HOLA-TEMAS_5a--TEXTO-NORMAL\" id=\"eNOfa0AQ9nvD\" data-wc=\"82\">\u2014Soy <strong>muy disfrutona de la vida\u00a0<\/strong>y, al mismo tiempo,<strong>\u00a0me gusta estar tranquila y desconectada, relajada, porque todo es tan r\u00e1pido ahora, tan ef\u00edmero y a veces tan superficia<\/strong>l\u2026 Para m\u00ed, tienen valor los peque\u00f1os detalles de la vida, cosas que te impactan, que tienes que recordar durante a\u00f1os, lo perdurable. Yo <strong>intento disfrutar de mi tiempo, de mi familia, de mi gente<\/strong>; por supuesto, voy haciendo nuevas amistades a trav\u00e9s de mi profesi\u00f3n, pero soy como muy de mi c\u00edrculo.<\/p>\n<p class=\"HOLA-TEMAS_5b--PREGUNTA-NEGRITA\" id=\"eGH58S5Cs6QA\" data-wc=\"25\"><strong>\u2014\u00bfTe molesta que, despu\u00e9s de tanto tiempo, se siga hablando de ti como de la ni\u00f1a de Cu\u00e9ntame, que se te siga asociando con Karina?<\/strong><\/p>\n<p class=\"HOLA-TEMAS_5a--TEXTO-NORMAL\" id=\"eHX-UdDLe6uo\" data-wc=\"139\">\u2014<strong>No<\/strong>, para nada. Y de hecho me ha sorprendido, porque <strong>est\u00e1 en alguna plataforma y, durante las vacaciones, ha habido un mont\u00f3n de gente muy joven que se me ha acercado<\/strong>. Hace mucho tiempo que empez\u00f3, dos a\u00f1os ya desde el final, y, sin embargo, es un gustazo que venga la gente con ese cari\u00f1o, porque, al final, nos dedicamos al p\u00fablico. Si no te respalda, nuestro trabajo no tendr\u00eda sentido. Y <a class=\"hm-link ho-link\" href=\"https:\/\/www.hola.com\/actualidad\/20230616234006\/ricardo-gomez-elena-rivera-regreso-cuentame\/\" data-mrf-recirculation=\"article-body-link\" rel=\"nofollow noopener\" target=\"_blank\">Cu\u00e9ntame no deja de ser una serie que ha marcado la historia de Espa\u00f1a<\/a>, ha sido muy buena, con un nivel t\u00e9cnico e interpretativo incre\u00edble. Y h<strong>aber formado parte de eso, para m\u00ed, es un orgullo<\/strong> y estoy muy contenta tambi\u00e9n de que la gente haya tenido tanto amor por el personaje, que a m\u00ed me hizo descubrir esta profesi\u00f3n y saber que quer\u00eda dedicarme a ella.<\/p>\n<p> <img src=\"https:\/\/www.europesays.com\/es\/wp-content\/uploads\/2025\/09\/77da82858041-elenarivera48897.jpg\"   width=\"1080\" height=\"1800\" loading=\"lazy\" decoding=\"async\" alt=\"&quot;Soy muy disfrutona de la vida y, al mismo tiempo, me gusta estar tranquila y desconectada, relajada, porque todo es tan r\u00e1pido ahora, tan ef\u00edmero y a veces tan superficial...&quot;, nos cuenta Elena, que es una apasionada del turismo gastron\u00f3mico con su pareja\" fetchpriority=\"auto\" class=\"image ho-image\"\/>\u00a9 Carlos Villarejo\u00bbSoy muy disfrutona de la vida y, al mismo tiempo, me gusta estar tranquila y desconectada, relajada, porque todo es tan r\u00e1pido ahora, tan ef\u00edmero y a veces tan superficial&#8230;\u00bb, nos cuenta Elena, que es una apasionada del turismo gastron\u00f3mico con su pareja<\/p>\n<blockquote class=\"ho-bl-1081603 -no-figcaption\" cite=\"\">\n<p>\u00abPara m\u00ed, tienen valor los peque\u00f1os detalles de la vida, cosas que te impactan y recuerdas durante a\u00f1os, lo perdurable. Yo intento disfrutar de mi tiempo, de mi familia y de mi gente\u00bb<\/p>\n<\/blockquote>\n<p class=\"HOLA-TEMAS_5b--PREGUNTA-NEGRITA\" id=\"e5_9cL6Y1i9J\" data-wc=\"10\"><strong>\u2014\u00bfExiste siempre ese miedo a que el tel\u00e9fono no suene?<\/strong><\/p>\n<p class=\"HOLA-TEMAS_5a--TEXTO-NORMAL\" id=\"elqfagilXWHC\" data-wc=\"77\">\u2014<strong>S\u00ed<\/strong><strong>, claro, y si alguien te dice que no le pasa, miente.<\/strong> Esa incertidumbre es universal de todos. Y<a class=\"hm-link ho-link\" href=\"https:\/\/www.hola.com\/actualidad\/20220309205921\/elena-rivera-serie-alba-entrevista\/\" data-mrf-recirculation=\"article-body-link\" rel=\"nofollow noopener\" target=\"_blank\">\u00a0cuando comienzas un nuevo rodaje est\u00e1s con muchos miedos, con inseguridades, hasta que t\u00fa misma vas encontrando el personaje<\/a>. Y despu\u00e9s, cuando tienes ya todo controlado y te gustar\u00eda seguir unos meses m\u00e1s, se termina. Y hay veces que se solapan dos trabajos y, aunque te encantar\u00eda hacerlos, es imposible y tienes que decir que no a uno.<\/p>\n<p class=\"HOLA-TEMAS_5b--PREGUNTA-NEGRITA\" id=\"esueCH_SSTLw\" data-wc=\"5\"><strong>\u2014\u00bfCu\u00e1l es tu gran triunfo?<\/strong><\/p>\n<p class=\"HOLA-TEMAS_5a--TEXTO-NORMAL\" id=\"ewhbEE3ff25N\" data-wc=\"36\">\u2014Siempre parece que pensamos en lo profesional, pero para m\u00ed<strong>\u00a0tiene m\u00e1s que ver con lo personal<\/strong>. Te dir\u00eda, sobre todo, que tener salud, que todos los m\u00edos la tengan y estar con mi gente tranquila.<\/p>\n<p class=\"HOLA-TEMAS_5b--PREGUNTA-NEGRITA\" id=\"eF8aEj9u_LIx\" data-wc=\"6\"><strong>\u2014\u00bfEres de madrugar o de trasnochar?<\/strong><\/p>\n<p class=\"HOLA-TEMAS_5a--TEXTO-NORMAL\" id=\"eP5yJBAd63bK\" data-wc=\"11\">\u2014De <strong>trasnochar<\/strong>. Soy muy dormilona y madrugar no me gusta nada.<\/p>\n<blockquote class=\"ho-bl-1081603 -no-figcaption\" cite=\"\">\n<p>\u00abPara nada me molesta que sigan asoci\u00e1ndome a Karina. Haber formado parte de una serie como \u201cCu\u00e9ntame\u201d es un orgullo para m\u00ed\u00bb<\/p>\n<\/blockquote>\n<p> <img src=\"https:\/\/www.europesays.com\/es\/wp-content\/uploads\/2025\/09\/a75521cc3210-elenarivera49019.jpg\"   width=\"1080\" height=\"1800\" loading=\"lazy\" decoding=\"async\" alt=\"&quot;Llevo con mi pareja ya catorce a\u00f1os y seguimos igual de bien. Me lo tomo m\u00e1s como que, si ocurre lo de dar el paso y casarte, sea juntar a tu gente, algo \u00edntimo y chiquitito&quot;, nos dice Elena\" fetchpriority=\"auto\" class=\"image ho-image\"\/>\u00a9 Carlos Villarejo\u00bbLlevo con mi pareja ya catorce a\u00f1os y seguimos igual de bien. Me lo tomo m\u00e1s como que, si ocurre lo de dar el paso y casarte, sea juntar a tu gente, algo \u00edntimo y chiquitito\u00bb, nos dice Elena<\/p>\n<p class=\"HOLA-TEMAS_5b--PREGUNTA-NEGRITA\" id=\"eDR3EjyBlwja\" data-wc=\"6\"><strong>\u2014\u00bfTe gusta experimentar con la moda?<\/strong><\/p>\n<p class=\"HOLA-TEMAS_5a--TEXTO-NORMAL\" id=\"eg-G5pkDIGml\" data-wc=\"59\">\u2014Tengo un <strong>estilo bastante definido, siempre pienso que, para m\u00ed, el menos es m\u00e1s,<\/strong> pero poco a poco tambi\u00e9n voy descubriendo y me gusta el probar y experimentar cosas nuevas. Tambi\u00e9n influye muchas veces c\u00f3mo est\u00e1s, depende de tu \u00e1nimo, aunque, por supuesto, yo<strong>\u00a0intento que mi esencia no cambie\u00a0<\/strong>y tengo claro muchas veces lo que no quiero.<\/p>\n<p class=\"HOLA-TEMAS_5b--PREGUNTA-NEGRITA\" id=\"ek7rZgjbZVXJ\" data-wc=\"21\"><strong>\u2014En el amor, \u00bfcrees en los grandes pasos, como una boda, o te identificas m\u00e1s con el d\u00eda a d\u00eda compartido?<\/strong><\/p>\n<p class=\"HOLA-TEMAS_5a--TEXTO-NORMAL\" id=\"en0v_rPuh502\" data-wc=\"93\">\u2014Soy muy del d\u00eda a d\u00eda compartido. Adem\u00e1s, <strong>llevo con mi pareja ya catorce a\u00f1os y seguimos igual de bien<\/strong>. Me lo tomo m\u00e1s como que,<strong>\u00a0si ocurre lo de dar el paso y casarte, sea juntar a tu gente, algo \u00edntimo y chiquitito.<\/strong> No me gusta algo supergrande, pero bueno, que tampoco se sabe, luego lo mismo te vienes arriba. Yo, como te digo, ser\u00eda m\u00e1s de juntar a la gente y celebrar una fiesta y pasarlo bien. Creo que lo importante y lo bonito es llevar tantos a\u00f1os con tu pareja.<\/p>\n<p class=\"HOLA-TEMAS_5b--PREGUNTA-NEGRITA\" id=\"eU3tUD43z0CR\" data-wc=\"9\"><strong>\u2014\u00bfY te ves formando una familia en el futuro?<\/strong><\/p>\n<p class=\"HOLA-TEMAS_5a--TEXTO-NORMAL\" id=\"ezTeTwhM204g\" data-wc=\"44\">\u2014<strong>De peque\u00f1a lo ve\u00eda claro, dec\u00eda: \u00abMe encantar\u00eda ser madre\u00bb<\/strong>. Luego llega la edad, el momento, el trabajo, todo parece m\u00e1s complicado. Pero bueno, <strong>no se sabe, habr\u00e1 que ir viendo<\/strong>. Yo soy m\u00e1s del d\u00eda a d\u00eda, disfrutar el aqu\u00ed y el ahora.<\/p>\n<p id=\"eHQAUH_tzh\" data-wc=\"1\">Ent<\/p>\n","protected":false},"excerpt":{"rendered":"Creci\u00f3\u00a0mientras la ve\u00edamos en pantalla.\u00a0Durante trece a\u00f1os, fue la risue\u00f1a y cari\u00f1osa Karina de\u00a0Cu\u00e9ntame c\u00f3mo pas\u00f3, un personaje&hellip;\n","protected":false},"author":2,"featured_media":111204,"comment_status":"","ping_status":"","sticky":false,"template":"","format":"standard","meta":{"footnotes":""},"categories":[174],"tags":[3900,517,255,3899,37916,146,147,25,24,256,23],"class_list":{"0":"post-111203","1":"post","2":"type-post","3":"status-publish","4":"format-standard","5":"has-post-thumbnail","7":"category-famosos","8":"tag-hola","9":"tag-actualidad","10":"tag-celebrities","11":"tag-contenido-sensible","12":"tag-elena-rivera","13":"tag-entertainment","14":"tag-entretenimiento","15":"tag-es","16":"tag-espana","17":"tag-famosos","18":"tag-spain"},"share_on_mastodon":{"url":"","error":""},"_links":{"self":[{"href":"https:\/\/www.europesays.com\/es\/wp-json\/wp\/v2\/posts\/111203","targetHints":{"allow":["GET"]}}],"collection":[{"href":"https:\/\/www.europesays.com\/es\/wp-json\/wp\/v2\/posts"}],"about":[{"href":"https:\/\/www.europesays.com\/es\/wp-json\/wp\/v2\/types\/post"}],"author":[{"embeddable":true,"href":"https:\/\/www.europesays.com\/es\/wp-json\/wp\/v2\/users\/2"}],"replies":[{"embeddable":true,"href":"https:\/\/www.europesays.com\/es\/wp-json\/wp\/v2\/comments?post=111203"}],"version-history":[{"count":0,"href":"https:\/\/www.europesays.com\/es\/wp-json\/wp\/v2\/posts\/111203\/revisions"}],"wp:featuredmedia":[{"embeddable":true,"href":"https:\/\/www.europesays.com\/es\/wp-json\/wp\/v2\/media\/111204"}],"wp:attachment":[{"href":"https:\/\/www.europesays.com\/es\/wp-json\/wp\/v2\/media?parent=111203"}],"wp:term":[{"taxonomy":"category","embeddable":true,"href":"https:\/\/www.europesays.com\/es\/wp-json\/wp\/v2\/categories?post=111203"},{"taxonomy":"post_tag","embeddable":true,"href":"https:\/\/www.europesays.com\/es\/wp-json\/wp\/v2\/tags?post=111203"}],"curies":[{"name":"wp","href":"https:\/\/api.w.org\/{rel}","templated":true}]}}