{"id":111211,"date":"2025-09-13T00:17:11","date_gmt":"2025-09-13T00:17:11","guid":{"rendered":"https:\/\/www.europesays.com\/es\/111211\/"},"modified":"2025-09-13T00:17:11","modified_gmt":"2025-09-13T00:17:11","slug":"daniel-day-lewis-da-las-razones-de-su-vuelta-a-la-actuacion-tras-8-anos-retirado-me-dejaba-vacio","status":"publish","type":"post","link":"https:\/\/www.europesays.com\/es\/111211\/","title":{"rendered":"Daniel Day-Lewis da las razones de su vuelta a la actuaci\u00f3n tras 8 a\u00f1os retirado: \u00abMe dejaba vac\u00edo\u00bb"},"content":{"rendered":"<p>Tras anunciar en 2017 que \u00ab<b><a title=\"no volver\u00eda a trabajar como actor\" href=\"https:\/\/www.antena3.com\/objetivotv\/cine\/daniel-daylewis-vuelve-actuar-retirarse-protagonizar-primera-pelicula-hijo_2024100266fcff92fcf7b300014a539c.html\" target=\"_blank\" rel=\"nofollow noopener\">no volver\u00eda a trabajar como actor<\/a><\/b>\u00bb con un aviso transmitido por un portavoz en el que se promet\u00eda que \u00abno se har\u00e1n m\u00e1s comentarios\u00bb (y as\u00ed fue), <b>Daniel Day-Lewis<\/b> no solo <b>vuelve a la interpretaci\u00f3n en Anemone<\/b>, la <b>\u00f3pera prima de su hijo<\/b>, sino que por fin <b>se ha pronunciado respecto a su retirada y regreso<\/b>. Ocho a\u00f1os despu\u00e9s de protagonizar El hilo invisible, el tres veces ganador del Oscar ha matizado que \u00abnunca pretendi\u00f3 retirarse\u00bb, pero que parte de su oficio lo dej\u00f3 \u00abvac\u00edo\u00bb.<\/p>\n<p>\u00abEl trabajo fue siempre algo que me encant\u00f3. <b>Nunca dej\u00e9 de amarlo<\/b>, pero <b>hab\u00eda aspectos del modo de vida <\/b>que lo acompa\u00f1aba con los que <b>nunca llegu\u00e9 a reconciliarme<\/b>, desde el d\u00eda en que empec\u00e9 hasta hoy\u00bb, explica Day-Lewis en una entrevista con Rolling Stone sobre las<b> razones de su retiro<\/b>.<\/p>\n<p>\u00abHay algo en ese proceso que <b>me dejaba vac\u00edo<\/b> al final. Entend\u00eda que todo formaba parte del proceso y que en alg\u00fan momento habr\u00eda una recuperaci\u00f3n, pero <b>rodando El hilo invisible empec\u00e9 a sentir<\/b> con bastante fuerza <b>que quiz\u00e1 esa recuperaci\u00f3n ya no llegar\u00eda<\/b>, que probablemente deb\u00eda mantenerme al margen porque <b>no ten\u00eda nada m\u00e1s que ofrecer<\/b>\u00ab, contin\u00faa el int\u00e9rprete de t\u00edtulo como Pozos de ambici\u00f3n o En el nombre del padre.<\/p>\n<p><img loading=\"lazy\" decoding=\"async\" title=\"Daniel Day-Lewis\" alt=\"Daniel Day-Lewis\" width=\"480\" height=\"270\" src=\"https:\/\/www.europesays.com\/es\/wp-content\/uploads\/2025\/09\/daniel-day-lewis_70.jpg\"\/> Daniel Day-Lewis | Getty Images <\/p>\n<p>Day-Lewis ha querido matizar que <b>su idea nunca fue retirarse como tal<\/b>, sino abrirse a otras formas de trabajo: \u00abMir\u00e1ndolo ahora con perspectiva <b>me habr\u00eda venido bien mantener la boca cerrada<\/b>, desde luego. <b>Nunca pretend\u00ed retirarme<\/b>, solo dej\u00e9 de hacer ese tipo concreto de trabajo para poder hacer otro. Por lo visto, <b>se me ha acusado de retirarme dos veces<\/b>\u00ab, recuerda Day-Lewis sobre su primer par\u00f3n entre 1997 y 2002 para ir a Florencia a aprender zapater\u00eda artesanal. \u00ab\u00a1Nunca quise retirarme de nada! <b>Solo quer\u00eda trabajar en otra cosa durante un tiempo<\/b>\u00ab, a\u00f1ade.<\/p>\n<p>Pero explica que esa pausa interpretativa le era cada vez m\u00e1s dif\u00edcil de controlar y que \u00ab<b>a medida que envejezco<\/b>, <b>me lleva<\/b> cada vez <b>m\u00e1s tiempo encontrar el camino de vuelta<\/b>\u00bb a la profesi\u00f3n. Ese camino <b>lo encontr\u00f3 con su hijo Ronan Day-Lewis<\/b>, con quien coescribe Anemone: \u00abTen\u00eda cierta tristeza continua porque <b>sab\u00eda que Ronan iba a seguir haciendo pel\u00edculas<\/b> y<b> yo me estaba apartando <\/b>de eso\u00bb.<\/p>\n<p><img loading=\"lazy\" decoding=\"async\" title=\"Daniel Day-Lewis y su hijo Ronan\" alt=\"Daniel Day-Lewis y su hijo Ronan\" width=\"480\" height=\"270\" src=\"https:\/\/www.europesays.com\/es\/wp-content\/uploads\/2025\/09\/daniel-day-lewis-hijo-ronan_70.jpg\"\/> Daniel Day-Lewis y su hijo Ronan | Getty <\/p>\n<p>El actor ten\u00eda \u00ab<b>ciertas reservas sobre volver al mundo p\u00fablico<\/b> otra vez\u00bb cuando se planteaba si protagonizar Anemone o limitarse a escribirla y ceder su papel a otro int\u00e9rprete, dejando la colaboraci\u00f3n padre e hijo en algo detr\u00e1s de las c\u00e1maras: \u00ab<b>\u00bfNo ser\u00eda maravilloso que pudi\u00e9ramos hacer algo juntos<\/b> y encontrar la manera de que no tuviera necesariamente que requerir toda la parafernalia de una gran producci\u00f3n?\u00bb Pero <b>su hijo<\/b> \u00ab<b>dej\u00f3 bastante claro que no iba a hacerlo si yo no lo hac\u00eda<\/b>\u00ab, una decisi\u00f3n de la que Day-Lewis no se arrepiente: \u00ab<b>Fue<\/b>, de principio a fin, <b>pura alegr\u00eda pasar ese tiempo junto<\/b>s\u00bb.<\/p>\n<p>Como ya revel\u00f3 el lanzamiento del primer y oscuro tr\u00e1iler de Anemone, el padre cedi\u00f3 al hijo en un regreso a la pantalla que tendr\u00e1<b> su premiere mundial en el Festival de Cine de Nueva York entre el 26 de septiembre y el 13 de octubre<\/b>. Comercialmente, llegar\u00e1 a los cines de Estados Unidos el 3 de octubre, pero se desconoce todav\u00eda su fecha de estreno en Espa\u00f1a.<\/p>\n<p>\u00abAmbientada en el norte de Inglaterra, la pel\u00edcula sigue a un hombre de mediana edad (Sean Bean) que sale de su casa en las afueras para emprender un viaje al bosque, donde se reencuentra con su hermano ermita\u00f1o (Daniel Day-Lewis), del que estaba distanciado. Unidos por un pasado misterioso y complicado, los hombres comparten una relaci\u00f3n tensa, aunque en ocasiones tierna, que qued\u00f3 alterada para siempre por unos acontecimientos devastadores ocurridos d\u00e9cadas atr\u00e1s\u00bb, reza la sinopsis de Anemone.<\/p>\n<p>   <img decoding=\"async\" title=\"Margot Robbie en el estreno de A Big Bold Beautiful Journey en Londres\" alt=\"Margot Robbie en el estreno de A Big Bold Beautiful Journey en Londres\" width=\"480\" height=\"270\" src=\"https:\/\/www.europesays.com\/es\/wp-content\/uploads\/2025\/09\/margot-robbie-estreno-big-bold-beautiful-journey-londres_70.jpg\" loading=\"lazy\" class=\"lazy\"\/><\/p>\n","protected":false},"excerpt":{"rendered":"Tras anunciar en 2017 que \u00abno volver\u00eda a trabajar como actor\u00bb con un aviso transmitido por un portavoz&hellip;\n","protected":false},"author":2,"featured_media":111212,"comment_status":"","ping_status":"","sticky":false,"template":"","format":"standard","meta":{"footnotes":""},"categories":[169],"tags":[177,146,147,25,24,176,175,23],"class_list":{"0":"post-111211","1":"post","2":"type-post","3":"status-publish","4":"format-standard","5":"has-post-thumbnail","7":"category-cine","8":"tag-cine","9":"tag-entertainment","10":"tag-entretenimiento","11":"tag-es","12":"tag-espana","13":"tag-film","14":"tag-movies","15":"tag-spain"},"share_on_mastodon":{"url":"","error":""},"_links":{"self":[{"href":"https:\/\/www.europesays.com\/es\/wp-json\/wp\/v2\/posts\/111211","targetHints":{"allow":["GET"]}}],"collection":[{"href":"https:\/\/www.europesays.com\/es\/wp-json\/wp\/v2\/posts"}],"about":[{"href":"https:\/\/www.europesays.com\/es\/wp-json\/wp\/v2\/types\/post"}],"author":[{"embeddable":true,"href":"https:\/\/www.europesays.com\/es\/wp-json\/wp\/v2\/users\/2"}],"replies":[{"embeddable":true,"href":"https:\/\/www.europesays.com\/es\/wp-json\/wp\/v2\/comments?post=111211"}],"version-history":[{"count":0,"href":"https:\/\/www.europesays.com\/es\/wp-json\/wp\/v2\/posts\/111211\/revisions"}],"wp:featuredmedia":[{"embeddable":true,"href":"https:\/\/www.europesays.com\/es\/wp-json\/wp\/v2\/media\/111212"}],"wp:attachment":[{"href":"https:\/\/www.europesays.com\/es\/wp-json\/wp\/v2\/media?parent=111211"}],"wp:term":[{"taxonomy":"category","embeddable":true,"href":"https:\/\/www.europesays.com\/es\/wp-json\/wp\/v2\/categories?post=111211"},{"taxonomy":"post_tag","embeddable":true,"href":"https:\/\/www.europesays.com\/es\/wp-json\/wp\/v2\/tags?post=111211"}],"curies":[{"name":"wp","href":"https:\/\/api.w.org\/{rel}","templated":true}]}}