{"id":111228,"date":"2025-09-13T00:27:19","date_gmt":"2025-09-13T00:27:19","guid":{"rendered":"https:\/\/www.europesays.com\/es\/111228\/"},"modified":"2025-09-13T00:27:19","modified_gmt":"2025-09-13T00:27:19","slug":"emilio-de-justo-gana-el-relato-del-mano-a-mano","status":"publish","type":"post","link":"https:\/\/www.europesays.com\/es\/111228\/","title":{"rendered":"Emilio de Justo gana el relato del mano a mano"},"content":{"rendered":"<p>A eso de las dos de la tarde de ayer me asomo a la ventana del sal\u00f3n de mi casa y veo salir, por la cuestabajo de la calle Angustias, a los integrantes de ese escuadr\u00f3n de jinetes que cabalgan a toda pastilla sobre un caballito de hierro de cabeza retorcida. Es la etapa contrarreloj de la Vuelta Ciclista a Espa\u00f1a que ayer se corri\u00f3 en Valladolid, dejando a la ciudad empantanada por unas horas; pero, a cambio de eso, Valladolid ense\u00f1\u00f3 su cara bonita al mundo del deporte durante el trazado \u2013mermado sensiblemente el recorrido por temor a la protesta pro Palestina que hab\u00eda convocado el partido Podemos\u2014y se vindic\u00f3 por unas horas horas como enclave monumental donde los haya. Sal\u00edan los corredores, precisamente, desde la llamada Corredera de San Pablo, teniendo por tel\u00f3n de fondo a la portada de g\u00f3tico isabelino de la Iglesia del citado Santo; una obra de arte que asombra a quienes la ven por vez primera. La Corredera, digo, esto es, el lugar donde se corr\u00edan los toros del Raso de Portillo o los campos de Benavente y donde mat\u00f3 uno de ellos, de una lanzada, el emperador Carlos V, como bien se ense\u00f1a en uno de los aguafuertes de Goya. Era el solar que vieron por primera vez los ojos de Felipe II y, por supuesto, sus herederos al trono, los Felipes tercero y cuarto de nuestra imperial historia.<\/p>\n<p>As\u00ed, pues, el d\u00eda de ayer, suscitaba remembranzas de pasadas glorias cuando se ve\u00edan venir a los corredores desde la que fuera Corredera, embalados y temerarios, como debieron salir a aquella Plaza los toracos cerriles de una primigenia tauromaquia. A m\u00e1s de diez siglos de distancia, los toros ahora se corren en plaza cerrada, de gradas piedra y palcos de hierro. Ayer, salieron a su ruedo seis con el hierro de Victoriano del R\u00edo, ganader\u00eda que tiene un prestigio bien ganado y ganado de sobra para ser lidiado por estas alturas de la temporada taurina. Eso s\u00ed, algo disparejos los toros y de comportamiento bien diferente.<\/p>\n<p>La contrarreloj y una friura liviana no restaron expectaci\u00f3n a la corrida, que ofrec\u00eda un interesante mano a mano entre Alejandro Talavante y Emilio de Justo, dos toreros que triunfaron el pasado a\u00f1o en Valladolid de forma incontestable. Por tanto, se present\u00eda un toma y daca interesante; y no digo apasionante, porque la pasi\u00f3n no aparece cuando los protagonistas amigan entre s\u00ed, se admiran y se respetan. Ya no se llevan esos rifirrafes de toreros agalludos que escup\u00edan por el colmillo y se desafiaban desde los sillones de sus barberos correspondientes, o cuando se cruzaban torvas miradas en los patios de cuadrillas.<\/p>\n<p><img decoding=\"async\" loading=\"lazy\" src=\"https:\/\/www.europesays.com\/es\/wp-content\/uploads\/2025\/09\/C4AD80EE-193F-46BA-9690B267034DAF83.JPG\" alt=\"Alejandro Talavante, en la segunda de abono de la feria de la Virgen de San Lorenzo.\" border=\"0\"\/>Alejandro Talavante, en la segunda de abono de la feria de la Virgen de San Lorenzo. &#8211; Foto: Nacho Gallego (Efe)<\/p>\n<p>A pesar de todo eso, no crean que Talavante y De Justo se relajaron una miaja. Ambos quer\u00edan triunfar a toda costa, y tambi\u00e9n se vigilaban de soslayo; por ejemplo, Talavante, cuando se percat\u00f3 que a Emilio no le concedieron la segunda oreja de su primer toro, porque ello supon\u00eda, a mayores, una apretura a las clavijas de su actuaci\u00f3n ante el que estaba por salir. As\u00ed es el torero de competitivo. S\u00ed, muchas caranto\u00f1as y deseos suerte, pero cuando sale el toro no hay amistades que valgan.<\/p>\n<p>A mayores, hay que consignar que los toros no respondieron a las expectativas. Bien cierto es que el primero acab\u00f3 por tomar con gran nobleza, fijeza y largo recorrido las telas de torear, pero en ello tuvo mucho que ver Talavante, que lo entendi\u00f3 a la perfecci\u00f3n y lo mat\u00f3 de una buena estocada. En cambio, al tercero se le peg\u00f3 fuerte en varas y su evidente nobleza se fue apagando a medida que transcurr\u00eda la faena. Alejandro, no obstante, nos obsequi\u00f3 con su rico repertorio muletero, donde no faltaron arrucinas y bernadinas, algunos muletazos de rodillas y una demostraci\u00f3n de su poder\u00edo para imponerse ante las dificultades de algunas embestidas. Quiso poner cara la \u00faltima fase de la corrida y recibi\u00f3 al quinto por faroles, realizando un explosivo comienzo de faena con las dos rodillas en tierra y despu\u00e9s con un toreo arm\u00f3nico, despacioso, acariciante, muy templadito y muy hermoso, pero\u2026 se atasc\u00f3 con la espada y todo qued\u00f3 en una cerrada ovaci\u00f3n. \u00a1Qu\u00e9 le vamos a hacer! No solo pinchan los ciclistas.<\/p>\n<p>Ya noche cerrada, Emilio de Justo, que se hab\u00eda ido a porta gayola a recibir a su segundo toro, que se le rajar\u00eda descaradamente y no pudo cuajar una faena brillante y le pinch\u00f3 hasta hartarse, tambi\u00e9n pech\u00f3 con otro toro conflictivo, lidiado en sexto lugar. Ah\u00ed realiz\u00f3 el torero un esfuerzo \u00edmprobo por sacarle el m\u00e1ximo partido, a base de citarlo muy en corto y embarcarlo en la bamba de su muleta, en ese af\u00e1n de que \u00abla huela, pero no la coma\u00bb. El estoconazo tir\u00f3 al toro sin puntilla y le concedieron las dos orejas, sentenciando el supuesto \u00abdesaf\u00edo\u00bb con una victoria num\u00e9rica a su favor. Conste que tambi\u00e9n podr\u00eda haberla obtenido Talavante, si no llega a marrar tanto y tan seguido con la espada en su tercer toro. Ni que decir tiene que Emilio fue llevado en hombros hasta el paseo de Zorrilla y gana el relato del mano a mano.<\/p>\n<p>Fue en esas postrimer\u00edas del festejo cuando nos enteramos en el callej\u00f3n de que Morante de la Puebla se cae del cartel en la corr\u00eda de hoy. Le sustituye Emilio de Justo. De caj\u00f3n.<\/p>\n","protected":false},"excerpt":{"rendered":"A eso de las dos de la tarde de ayer me asomo a la ventana del sal\u00f3n de&hellip;\n","protected":false},"author":2,"featured_media":111229,"comment_status":"","ping_status":"","sticky":false,"template":"","format":"standard","meta":{"footnotes":""},"categories":[277],"tags":[229,373,168,25,24,1949,4317,1392,76,33899,37920,23,167,625,374,444,1607,5411],"class_list":{"0":"post-111228","1":"post","2":"type-post","3":"status-publish","4":"format-standard","5":"has-post-thumbnail","7":"category-toreo","8":"tag-arte","9":"tag-bullfighting","10":"tag-deportes","11":"tag-es","12":"tag-espana","13":"tag-ganaderia","14":"tag-la-puebla-de-montalban","15":"tag-morante-de-la-puebla","16":"tag-palestina","17":"tag-paseo-de-zorrilla","18":"tag-portillo","19":"tag-spain","20":"tag-sports","21":"tag-tauromaquia","22":"tag-toreo","23":"tag-toros","24":"tag-valladolid","25":"tag-vuelta-a-espana"},"share_on_mastodon":{"url":"","error":""},"_links":{"self":[{"href":"https:\/\/www.europesays.com\/es\/wp-json\/wp\/v2\/posts\/111228","targetHints":{"allow":["GET"]}}],"collection":[{"href":"https:\/\/www.europesays.com\/es\/wp-json\/wp\/v2\/posts"}],"about":[{"href":"https:\/\/www.europesays.com\/es\/wp-json\/wp\/v2\/types\/post"}],"author":[{"embeddable":true,"href":"https:\/\/www.europesays.com\/es\/wp-json\/wp\/v2\/users\/2"}],"replies":[{"embeddable":true,"href":"https:\/\/www.europesays.com\/es\/wp-json\/wp\/v2\/comments?post=111228"}],"version-history":[{"count":0,"href":"https:\/\/www.europesays.com\/es\/wp-json\/wp\/v2\/posts\/111228\/revisions"}],"wp:featuredmedia":[{"embeddable":true,"href":"https:\/\/www.europesays.com\/es\/wp-json\/wp\/v2\/media\/111229"}],"wp:attachment":[{"href":"https:\/\/www.europesays.com\/es\/wp-json\/wp\/v2\/media?parent=111228"}],"wp:term":[{"taxonomy":"category","embeddable":true,"href":"https:\/\/www.europesays.com\/es\/wp-json\/wp\/v2\/categories?post=111228"},{"taxonomy":"post_tag","embeddable":true,"href":"https:\/\/www.europesays.com\/es\/wp-json\/wp\/v2\/tags?post=111228"}],"curies":[{"name":"wp","href":"https:\/\/api.w.org\/{rel}","templated":true}]}}