{"id":111230,"date":"2025-09-13T00:30:13","date_gmt":"2025-09-13T00:30:13","guid":{"rendered":"https:\/\/www.europesays.com\/es\/111230\/"},"modified":"2025-09-13T00:30:13","modified_gmt":"2025-09-13T00:30:13","slug":"peru-vs-portugal-en-copa-davis-2025-fechas-horarios-y-canal-tv-para-ver-los-duelos-por-el-grupo-mundial-i","status":"publish","type":"post","link":"https:\/\/www.europesays.com\/es\/111230\/","title":{"rendered":"Per\u00fa vs Portugal en Copa Davis 2025: fechas, horarios y canal TV para ver los duelos por el Grupo Mundial I"},"content":{"rendered":"<p><img alt=\"Per\u00fa vs Portugal en Copa\" class=\"global-image\" decoding=\"async\" fetchpriority=\"high\" height=\"1080\" loading=\"eager\" src=\"https:\/\/www.europesays.com\/es\/wp-content\/uploads\/2025\/09\/XKB7MGNUEFE4HKNQ34XNMIBX6E.jpg\" width=\"1920\"\/>Per\u00fa vs Portugal en Copa Davis 2025<\/p>\n<p class=\"paragraph\">La serie entre <b>Per\u00fa y Portugal<\/b> por el <b>Grupo Mundial I<\/b> de la<b> Copa Davis 2025<\/b> centra la atenci\u00f3n de los fan\u00e1ticos del tenis latinoamericano. Ambos equipos arrancar\u00e1n con la competencia hoy, viernes 12 de septiembre, en el Club Lawn Tennis de la Exposici\u00f3n, en Lima. La misi\u00f3n es avanzar a los qualifiers del pr\u00f3ximo a\u00f1o y as\u00ed acercarse a la \u00e9lite mundial de la emblem\u00e1tica competencia por equipos.<\/p>\n<p class=\"paragraph\">En la jornada inicial se desarrollar\u00e1n los dos primeros partidos de singles. <b>Gonzalo Bueno (Per\u00fa)<\/b> se enfrenta a<b> Nuno Borges (Portugal)<\/b>, quien llega como el jugador mejor ubicado del equipo europeo, instalado en el ranking ATP dentro del Top 100. Luego, <a rel=\"noopener noreferrer nofollow\" href=\"https:\/\/www.infobae.com\/peru\/deportes\/2025\/09\/12\/a-que-hora-juega-ignacio-buse-vs-jaime-faria-partido-dia-1-copa-davis-2025-horario\/\" target=\"_blank\" title=\"https:\/\/www.infobae.com\/peru\/deportes\/2025\/09\/12\/a-que-hora-juega-ignacio-buse-vs-jaime-faria-partido-dia-1-copa-davis-2025-horario\/\"><b>Ignacio Buse, la principal carta de Per\u00fa y reciente campe\u00f3n en Sevilla, se mide ante Jaime Faria.<\/b><\/a><\/p>\n<p class=\"paragraph\">Para el dobles, la dupla nacional con <b>Ignacio Buse y Juan Pablo Varillas<\/b> tendr\u00e1 un duelo ante <b>Nuno Borges y Francisco Cabral<\/b>. De necesitarse, se disputar\u00e1n los encuentros de singles reversibles: Ignacio Buse frente a Nuno Borges, y Gonzalo Bueno contra <b>Jaime Faria<\/b>. Los horarios de estos partidos est\u00e1n sujetos al desarrollo de la serie y s\u00f3lo se jugar\u00e1n si el resultado global lo demanda.<\/p>\n<p class=\"paragraph\">El cuadro \u2018luso\u2019 se presenta como favorito por la presencia de tenistas con mejores posiciones en el ranking ATP. Sin embargo, Per\u00fa, bajo la capitan\u00eda de<b> Luis Horna<\/b>, ya supo revertir pron\u00f3sticos en ediciones pasadas de la <b>Copa Davis<\/b>. El factor local\u00eda en Lima y la superficie de arcilla representan un valor agregado para el equipo nacional, que espera repetir buenas actuaciones.<\/p>\n<p><img alt=\"Los cuatro convocados por 'Lucho'\" class=\"global-image\" decoding=\"async\" fetchpriority=\"low\" height=\"1316\" loading=\"lazy\" src=\"https:\/\/www.europesays.com\/es\/wp-content\/uploads\/2025\/09\/2FEK2STGWBGM7JA3VIJM3E7HGI.jpg\" width=\"1125\"\/>Los cuatro convocados por &#8216;Lucho&#8217; Horna para los duelos ante Portugal este 12 y 13 de septiembre. Cr\u00e9dito: Federaci\u00f3n Peruana de Tenis<\/p>\n<p class=\"paragraph\"><b>Viernes 12 de septiembre<\/b><\/p>\n<p class=\"paragraph\">&#8211; Gonzalo Bueno vs Nuno Borges (16:00 horas \/ Singles 1)<\/p>\n<p class=\"paragraph\">&#8211; Ignacio Buse vs Jaime Faria (18:00 horas \/ Singles 2)<\/p>\n<p class=\"paragraph\"><b>S\u00e1bado 13 de septiembre<\/b><\/p>\n<p class=\"paragraph\">&#8211; Ignacio Buse y Juan Pablo Varillas vs Nuno Borges y Francisco Cabral (14:00 horas \/ Dobles)<\/p>\n<p class=\"paragraph\">&#8211; Ignacio Buse vs Nuno Borges (16:00 horas \/ Singles 3)<\/p>\n<p class=\"paragraph\">&#8211; Gonzalo Bueno vs Jaime Faria (18:00 horas \/ Singles 4)<\/p>\n<p><img alt=\"Cruces confirmados para el Per\u00fa\" class=\"global-image\" decoding=\"async\" fetchpriority=\"low\" height=\"1350\" loading=\"lazy\" src=\"https:\/\/www.europesays.com\/es\/wp-content\/uploads\/2025\/09\/1757723412_782_YM4L722UTBBX7K6LRWK6ZOXC7M.jpg\" width=\"1080\"\/>Cruces confirmados para el Per\u00fa vs Portugal por Copa Davis 2025: el capit\u00e1n Horna eligi\u00f3 a &#8216;Juampi&#8217; Varillas, Ignacio Buse y Gonzalo Bueno. Cr\u00e9dito: DECISIVO &#8211; Tenis Per\u00fa<\/p>\n<p class=\"paragraph\">La transmisi\u00f3n de la serie est\u00e1 asegurada en se\u00f1al abierta a trav\u00e9s de <b>TV Per\u00fa<\/b> por medio del canal 7 permitiendo que todos los peruanos puedan seguir los encuentros del \u2018Team Per\u00fa\u2019. Adem\u00e1s,<b> <\/b><b>Infobae Per\u00fa<\/b> informar\u00e1 todos los detalles de los encuentros entre peruanos y portugueses con la previa, minuto a minuto, resultados en vivo, declaraciones, y mucho m\u00e1s. <\/p>\n<p class=\"paragraph\">La llave <b>Per\u00fa vs. Portugal<\/b> marca una instancia crucial dentro del calendario 2025 de la Copa Davis, que establece varias rondas para definir ascensos, descensos y el acceso a los qualifiers globales del siguiente a\u00f1o.<\/p>\n<p class=\"paragraph\">El capit\u00e1n <b>Luis Horna<\/b> seleccion\u00f3 a <b>Ignacio Buse<\/b> (n\u00famero 112 del ranking ATP), <b>Gonzalo Bueno<\/b> (205), <a rel=\"noopener noreferrer nofollow\" href=\"https:\/\/www.infobae.com\/peru\/deportes\/2025\/09\/12\/el-agradecimiento-de-ignacio-buse-a-juan-pablo-varillas-por-su-empatia-en-el-team-peru-para-la-copa-davis-me-incluyo-desde-el-primer-dia\/\" target=\"_blank\" title=\"https:\/\/www.infobae.com\/peru\/deportes\/2025\/09\/12\/el-agradecimiento-de-ignacio-buse-a-juan-pablo-varillas-por-su-empatia-en-el-team-peru-para-la-copa-davis-me-incluyo-desde-el-primer-dia\/\"><b>Juan Pablo Varillas<\/b><\/a> (336) y <b>Alexander Merino<\/b> (124 en la modalidad de dobles) para integrar el equipo peruano que enfrentar\u00e1 a Portugal en la <b>Copa Davis<\/b>. Estos cuatro tenistas asumen la responsabilidad de aprovechar la condici\u00f3n de local y buscar una ventaja ante el seleccionado portugu\u00e9s.<\/p>\n<p class=\"paragraph\">El conjunto peruano llega fortalecido por el presente deportivo de \u2018Nacho\u2019. El jugador lime\u00f1o, de 21 a\u00f1os, atraviesa la mejor etapa de su carrera profesional y cuenta con experiencia a nivel internacional, luego de alcanzar las semifinales en el ATP 250 de Gstaad y disputar la primera ronda del US Open. Este desempe\u00f1o lo convierte en la principal figura de Per\u00fa para la serie.<\/p>\n<p class=\"paragraph\">Para la modalidad de singles, el capit\u00e1n eligi\u00f3 a Bueno como otra de las opciones principales. <b>Gonzalo<\/b>, originario de Trujillo, se encuentra cerca de ingresar en el Top 200 del ranking ATP y aporta solidez al equipo. La convocatoria tambi\u00e9n incluye a Varillas, quien regres\u00f3 recientemente a la competencia tras una ausencia de casi cuatro meses a ra\u00edz de una lesi\u00f3n en el cart\u00edlago de la rodilla.<\/p>\n<p class=\"paragraph\">En dobles, la representaci\u00f3n recae en <b>Merino<\/b>. Hace dos semanas, enfrent\u00f3 a Henrique Rocha, uno de los rivales portugueses de la llave de Copa Davis. Rocha, junto a su hermano (quien no fue convocado para esta serie), super\u00f3 a la dupla integrada por el representante peruano.<\/p>\n<p><img alt=\"Per\u00fa defini\u00f3 a sus convocados\" class=\"global-image\" decoding=\"async\" fetchpriority=\"low\" height=\"1080\" loading=\"lazy\" src=\"https:\/\/www.europesays.com\/es\/wp-content\/uploads\/2025\/09\/D555XLU4HZDH5AI2CAI55U43JY.jpg\" width=\"1920\"\/>Per\u00fa defini\u00f3 a sus convocados de cara al encuentro ante Portugal por Copa Davis.<\/p>\n","protected":false},"excerpt":{"rendered":"Per\u00fa vs Portugal en Copa Davis 2025 La serie entre Per\u00fa y Portugal por el Grupo Mundial I&hellip;\n","protected":false},"author":2,"featured_media":111231,"comment_status":"","ping_status":"","sticky":false,"template":"","format":"standard","meta":{"footnotes":""},"categories":[274],"tags":[168,25,24,23,167,327,326],"class_list":{"0":"post-111230","1":"post","2":"type-post","3":"status-publish","4":"format-standard","5":"has-post-thumbnail","7":"category-tenis","8":"tag-deportes","9":"tag-es","10":"tag-espana","11":"tag-spain","12":"tag-sports","13":"tag-tenis","14":"tag-tennis"},"share_on_mastodon":{"url":"","error":""},"_links":{"self":[{"href":"https:\/\/www.europesays.com\/es\/wp-json\/wp\/v2\/posts\/111230","targetHints":{"allow":["GET"]}}],"collection":[{"href":"https:\/\/www.europesays.com\/es\/wp-json\/wp\/v2\/posts"}],"about":[{"href":"https:\/\/www.europesays.com\/es\/wp-json\/wp\/v2\/types\/post"}],"author":[{"embeddable":true,"href":"https:\/\/www.europesays.com\/es\/wp-json\/wp\/v2\/users\/2"}],"replies":[{"embeddable":true,"href":"https:\/\/www.europesays.com\/es\/wp-json\/wp\/v2\/comments?post=111230"}],"version-history":[{"count":0,"href":"https:\/\/www.europesays.com\/es\/wp-json\/wp\/v2\/posts\/111230\/revisions"}],"wp:featuredmedia":[{"embeddable":true,"href":"https:\/\/www.europesays.com\/es\/wp-json\/wp\/v2\/media\/111231"}],"wp:attachment":[{"href":"https:\/\/www.europesays.com\/es\/wp-json\/wp\/v2\/media?parent=111230"}],"wp:term":[{"taxonomy":"category","embeddable":true,"href":"https:\/\/www.europesays.com\/es\/wp-json\/wp\/v2\/categories?post=111230"},{"taxonomy":"post_tag","embeddable":true,"href":"https:\/\/www.europesays.com\/es\/wp-json\/wp\/v2\/tags?post=111230"}],"curies":[{"name":"wp","href":"https:\/\/api.w.org\/{rel}","templated":true}]}}