{"id":111232,"date":"2025-09-13T00:31:12","date_gmt":"2025-09-13T00:31:12","guid":{"rendered":"https:\/\/www.europesays.com\/es\/111232\/"},"modified":"2025-09-13T00:31:12","modified_gmt":"2025-09-13T00:31:12","slug":"recorrido-horarios-y-cortes-de-trafico-de-la-ultima-etapa-de-la-vuelta-ciclista-a-espana-2025-en-madrid","status":"publish","type":"post","link":"https:\/\/www.europesays.com\/es\/111232\/","title":{"rendered":"Recorrido, horarios y cortes de tr\u00e1fico de la \u00faltima etapa de la Vuelta Ciclista a Espa\u00f1a 2025 en Madrid"},"content":{"rendered":"<p class=\"article-text\">\n        Este domingo 14 de septiembre, la capital acoger\u00e1 la \u00faltima etapa de la Vuelta Ciclista de Espa\u00f1a. La competici\u00f3n deportiva, que arranc\u00f3 el pasado 23 de agosto en la ciudad italian de Tur\u00edn, finalizar\u00e1 en el entorno del Paisaje de la Luz despu\u00e9s de recorrer gran parte de la geograf\u00eda nacional durante m\u00e1s de 20 d\u00edas.\n    <\/p>\n<p>    <a href=\"https:\/\/www.eldiario.es\/madrid\/somos\/vuelta-espana-2025-cruza-sierra-madrid-recorrido-horarios-paso-guadarrama-navacerrada-cercedilla_1_12594519.html\" data-mrf-recirculation=\"saber-mas\" data-dl-event=\"saber-mas\" rel=\"nofollow noopener\" target=\"_blank\"><\/p>\n<p class=\"know-more__title\">La Vuelta a Espa\u00f1a 2025 cruza la Sierra de Madrid: recorrido y horarios a su paso por Guadarrama, Navacerrada y Cercedilla<\/p>\n<p>            <img decoding=\"async\" class=\"lazy\" loading=\"lazy\" data-src=\"https:\/\/static.eldiario.es\/clip\/f63c96d4-8697-4cd4-88e7-e2153c5f8815_16-9-aspect-ratio_default_0.jpg\" src=\"data:image\/svg+xml,%3Csvg xmlns=\" http:=\"\" viewbox=\"0 0 880 495\" alt=\"La Vuelta a Espa\u00f1a 2025 cruza la Sierra de Madrid: recorrido y horarios a su paso por Guadarrama, Navacerrada y Cercedilla\"\/><\/p>\n<p>                        <\/a><\/p>\n<p class=\"article-text\">\n        El pelot\u00f3n volver\u00e1 a recorrer la Comunidad de Madrid, en esta ocasi\u00f3n desde el municipio de Alalpardo hasta la plaza de Cibeles de la capital por un circuito de 111,6 kil\u00f3metros. Esta \u00faltima etapa supondr\u00e1 una jornada triunfal para el l\u00edder y la \u00faltima bala para los hombres r\u00e1pidos de la carrera, poniendo el colof\u00f3n al 90\u00ba aniversario de la competici\u00f3n.\n    <\/p>\n<p class=\"article-text\">\n        El ganador se coronar\u00e1 en la l\u00ednea de meta ubicada en el\u00a0Paisaje de la Luz, declarado Patrimonio Mundial por la Unesco. Antes, como novedad, la carrera pasar\u00e1 por el Madrid hist\u00f3rico, lo que permitir\u00e1 a los ciclistas recorrer la\u00a0calle Mayor, la Puerta del Sol, la\u00a0carrera de San Jer\u00f3nimo, la\u00a0Gran V\u00eda\u00a0o\u00a0Callao. La etapa ser\u00e1 una de las m\u00e1s llevaderas, sin grandes subidas ni bajadas, un \u00faltimo sprint despu\u00e9s de haber pedaleado m\u00e1s de 3.100 kil\u00f3metros divididos en 21 jornadas, con numerosas etapas de alta monta\u00f1a que han puesto a prueba a los ciclistas.\n    <\/p>\n<p class=\"article-text\">\n        Madrid ha acogido hasta el momento 47 salidas y 79 metas de La Vuelta. Desde hace varios a\u00f1os se ha convertido en la llegada de la \u00faltima etapa de la carrera, con el ya tradicional p\u00f3dium final frente a la sede del Ayuntamiento de la ciudad. Este domingo, la capital pondr\u00e1 el broche de oro a la competici\u00f3n despu\u00e9s de tres semanas de carrera desde que el pelot\u00f3n parti\u00f3 desde Tur\u00edn. A continuaci\u00f3n, detallamos todo lo que debes saber sobre la etapa final:\n    <\/p>\n<p>    <strong>Recorrido y horarios de la Vuelta Ciclista en Madrid<\/strong><\/p>\n<p class=\"article-text\">\n        Esta edici\u00f3n de la Vuelta, que cumple su 90\u00ba aniversario, culminar\u00e1 con un recorrido cinco municipios de la regi\u00f3n y varios barrios de la capital, lo que permitir\u00e1 a un gran n\u00famero de madrile\u00f1os disfrutar, en directo, de este importante evento deportivo.\n    <\/p>\n<p class=\"article-text\">\n        La \u00faltima etapa arrancar\u00e1 a las 16.40 horas desde el municipio madrile\u00f1o de Alalpardo. La primera mitad del recorrido de esta etapa final trascurrir\u00e1 entre los municipios de Algete, San Sebast\u00edan de los Reyes y Alcobendas. Alrededor de las 17.15 el pelot\u00f3n har\u00e1 entrada en Madrid y recorrer\u00e1 los distritos de Fuencarral-El Pardo y Moncloa-Aravaca hasta desembocar en el Palacio Real. Antes de llegar a la meta final, ubicada en Cibeles, pasar\u00e1 por la plaza de Oriente, la calle Mayor, la Puerta del Sol, el Paseo del Prado, Gran V\u00eda y Callao.\n    <\/p>\n<p class=\"article-text\">\n        En torno a las 19.22 se registrar\u00e1 la llegada a la meta del l\u00edder de la general. La ceremonia de entrega de premios se celebrar\u00e1 a partir de las 20.30 horas en la Plaza de Cibeles.\n    <\/p>\n<p>            <img decoding=\"async\" class=\"lazy\" loading=\"lazy\" data-src=\"https:\/\/static.eldiario.es\/clip\/4efb8577-5001-4458-8ed8-b85e06bb49fc_source-aspect-ratio_default_0.jpg\" src=\"data:image\/svg+xml,%3Csvg xmlns=\" http:=\"\" viewbox=\"0 0 1241 1749\" alt=\"Mapa de la etapa 21 entre Alalpardo y Madrid\"\/><\/p>\n<p class=\"article-text\">\n        Estos son los horarios a tener en cuenta:\n    <\/p>\n<ul>\n<li><strong>Valdeolmos &#8211; Alalpardo:<\/strong> entre las 16.40 y las 16.40<\/li>\n<li><strong>Algete:<\/strong> entre las 16.48 y las 16.49<\/li>\n<li><strong>San Sebasti\u00e1n de los Reyes:<\/strong> entre las 17.04 y las 17.06<\/li>\n<li><strong>Alcobendas:<\/strong> entre las 17.09 y las 17.12<\/li>\n<li><strong>Entrada en Madrid:<\/strong> entre las 17.15 y las 17.18<\/li>\n<li><strong>Montecarmelo:<\/strong> entre las 17.19 y las 17.23<\/li>\n<li><strong>El Pardo:<\/strong> entre las 17.30 y las 17.35<\/li>\n<li><strong>Palacio Real de El Pardo:<\/strong> entre las 17.32 y las 17.37<\/li>\n<li><strong>Aravaca:<\/strong> entre las 17.47 y las 17.54<\/li>\n<li><strong>Puerta de San Vicente &#8211; Paseo de la Virgen del Puerto:<\/strong> entre las 17.57 y las 18.05<\/li>\n<li><strong>Paseo de la Ciudad de Plasencia:<\/strong> entre las 17.58 y las 18.06<\/li>\n<li><strong>Campo del Moro:<\/strong> entre las 17.58 y las 18.07<\/li>\n<li><strong>Palacio Real:<\/strong> entre las 17.59 y las 18.07<\/li>\n<li><strong>Plaza de Oriente:<\/strong> entre las 18.00 y las 18.08<\/li>\n<li><strong>Calle Mayor:<\/strong> entre las 18.00 y las 18.09<\/li>\n<li><strong>Puerta del Sol &#8211; Carrera de San Jer\u00f3nimo:<\/strong> entre las 18.02 y las 18.10<\/li>\n<li><strong>Plaza C\u00e1novas del Castillo:<\/strong> entre las 18.03 y las 18.11<\/li>\n<li><strong>Plaza Emperador Carlos V &#8211; Paseo del Prado:<\/strong> entre las 18.04 y las 18.13<\/li>\n<li><strong>Primer paso por meta (Plaza de Cibeles):<\/strong> entre las 18.05 y las 18.14<\/li>\n<li><strong>Plaza de Col\u00f3n:<\/strong> entre las 18.06 y las 18.15<\/li>\n<li><strong>Gran V\u00eda:<\/strong> entre las 18.08 y las 18.17<\/li>\n<li><strong>Plaza Callao &#8211; C\/ Alcal\u00e1 &#8211; Paseo del Prado:<\/strong> entre las 18.09 y las 18.18<\/li>\n<li><strong>Meta en Madrid (Cibeles):<\/strong> entre las 19.22 y las 19.39<\/li>\n<\/ul>\n<p>            <img decoding=\"async\" class=\"lazy\" loading=\"lazy\" data-src=\"https:\/\/static.eldiario.es\/clip\/37b9ab84-8f97-4ffc-9683-a64b427b7933_16-9-discover-aspect-ratio_default_0.jpg\" src=\"data:image\/svg+xml,%3Csvg xmlns=\" http:=\"\" viewbox=\"0 0 1200 675\" alt=\"Perfil de la etapa 21 en Madrid\"\/><\/p>\n<p class=\"article-text\">\n        Durante el recorrido final en Madrid, el pelot\u00f3n registrar\u00e1 nueve vueltas por la l\u00ednea de meta en la Plaza de Cibeles. La primera de ellas est\u00e1 prevista entre las 18.05 y las 18.14, mientras que la segunda, que adem\u00e1s incluye un sprint intermedio con bonificaci\u00f3n, tendr\u00e1 lugar entre las 18.14 y las 18.23. A partir de ah\u00ed, el pelot\u00f3n completar\u00e1 sucesivas vueltas al circuito urbano con paso por meta entre las 18.22 y las 18.33 (tercero), 18.31 y 18.42 (cuarto), 18.39 y 18.52 (quinto), 18.48 y 19.01 (sexto), 18.56 y 19.10 (s\u00e9ptimo) y 19.05 y 19.20 (octavo), hasta llegar al noveno y \u00faltimo paso por Cibeles, previsto entre las 19.13 y las 19.29, que marcar\u00e1 el desenlace definitivo de esta edici\u00f3n de La Vuelta.\n    <\/p>\n<p>    <strong>Caracter\u00edsticas de la etapa<\/strong><\/p>\n<p class=\"article-text\">\n        La \u00faltima etapa de la Vuelta a Espa\u00f1a 2025 partir\u00e1 desde Alalpardo, localidad que har\u00e1 historia al acoger por primera vez una salida de la ronda espa\u00f1ola y, adem\u00e1s, en una jornada tan especial como la de clausura. El pelot\u00f3n recorrer\u00e1 un trazado completamente llano en direcci\u00f3n a Madrid, donde se desarrollar\u00e1 el habitual circuito urbano en pleno centro de la capital, con la Plaza de Cibeles como escenario de la meta.\n    <\/p>\n<p class=\"article-text\">\n        Esta cita no solo cerrar\u00e1 la batalla deportiva, sino que tambi\u00e9n servir\u00e1 de celebraci\u00f3n para los 90 a\u00f1os de historia de La Vuelta, reforzando la tradici\u00f3n de que Madrid sea el punto y final de la carrera. Despu\u00e9s de tres intensas semanas de monta\u00f1a, contrarreloj y terreno quebrado, la capital volver\u00e1 a convertirse en un escaparate del ciclismo, donde el p\u00fablico podr\u00e1 disfrutar de un gran espect\u00e1culo con varias vueltas al circuito urbano antes de conocer al ganador definitivo de la edici\u00f3n 2025.\n    <\/p>\n<p>    <strong>Cortes de tr\u00e1fico<\/strong><\/p>\n<p class=\"article-text\">\n        Los madrile\u00f1os que deseen circular en veh\u00edculo privado este domingo deber\u00e1n tener en cuenta tanto la caravana publicitaria previa como los cortes de tr\u00e1fico que se aplicar\u00e1n con suficiente antelaci\u00f3n para garantizar la seguridad del pelot\u00f3n. Estas restricciones no se limitar\u00e1n \u00fanicamente al centro, sino que afectar\u00e1n tambi\u00e9n a amplias zonas del sur y del este de la capital, lo que obligar\u00e1 a prever alternativas y posibles retrasos.\n    <\/p>\n<p class=\"article-text\">\n        En total, el recorrido de La Vuelta atravesar\u00e1 <strong>35 barrios de 10 distritos diferentes<\/strong>: Moncloa-Aravaca (Valdemar\u00edn y Aravaca), Latina (Campamento y \u00c1guilas), Carabanchel (Buenavista, Abrantes, Zof\u00edo, Pradolongo, Almendrales, Orcasur y San Ferm\u00edn), Puente de Vallecas (Entrev\u00edas, Palomeras Bajas, Portazgo y Palomeras Sureste), Villa de Vallecas (Casco Hist\u00f3rico), Moratalaz (Pavones y Horcajo), Ciudad Lineal (Pueblo Nuevo, Quintana, Ventas y La Concepci\u00f3n), San Blas-Canillejas (Amposta, Hell\u00edn, Simancas y El Salvador), Salamanca (Fuente del Berro, Guindalera, Goya y Recoletos) y Centro (Palacio, Embajadores, Justicia y Sol), con llegada final en el entorno del Paisaje de la Luz.\n    <\/p>\n<p>    <strong>Afectaciones al transporte p\u00fablico<\/strong><\/p>\n<p class=\"article-text\">\n        Los cortes de tr\u00e1fico alterar\u00e1n el recorrido de numerosas l\u00edneas de autob\u00fas de la EMT. Desde las 4.00 horas de la ma\u00f1ana se ir\u00e1n produciendo restricciones, especialmente en las calles m\u00e1s c\u00e9ntricas, para preparar el circuito en torno a Cibeles. A lo largo de la jornada, los servicios de autobuses urbanos se ver\u00e1n alterados, con especial incidencia en las franjas centrales del d\u00eda.\n    <\/p>\n<p class=\"article-text\">\n        Entre las 7.00 y las 22.30 horas, se ver\u00e1n afectadas las siguientes l\u00edneas: <strong>001, 002, 1, 2, 3, 5, 6, 9, 10, 14, 15, 19, 20, 21, 26, 27, 32, 34, 37, 44, 45, 46, 51, 53, 59, 74, 75, 85, 86, 133, 146, 147, 150, C1, C03, E1, Expr\u00e9s Aeropuerto y SE (Atocha-Valdecarros)<\/strong>. Muchas de estas l\u00edneas sufrir\u00e1n desv\u00edos o interrupciones durante casi toda la jornada debido a la preparaci\u00f3n del recorrido y a la dificultad para circular por el centro.\n    <\/p>\n<p class=\"article-text\">\n        Durante el desarrollo de la carrera, entre las 15.00 y las 17.00 horas, la lista de l\u00edneas afectadas se ampl\u00eda de forma significativa. En ese tramo horario quedar\u00e1n alterados los servicios de m\u00e1s de medio centenar de rutas, entre ellas: <strong>1, 4, 5, 6, 8, 9, 10, 12, 14, 17, 18, 19, 20, 21, 22, 23, 26, 27, 28, 29, 30, 32, 34, 35, 36, 37, 38, 43, 45, 47, 48, 51, 52, 53, 54, 55, 56, 57, 58, 59, 60, 61, 62, 63, 65, 70, 71, 74, 76, 77, 78, 79, 81, 85, 86, 100, 102, 103, 104, 105, 106, 108, 109, 110, 113, 116, 118, 121, 123, 130, 131, 136, 138, 139, 140, 141, 142, 143, 144, 146, 148, 150, 152, 153, 155, 156, 159, 160, 161, 162, 165, 167, 210, 215, 247, 310, C1, C2, C03, E1, E2, E3, E4, E5, SE702 (Plaza El\u00edptica-Cementerio Sur), SE (Pr\u00edncipe P\u00edo-Hosp. Fundaci\u00f3n San Jos\u00e9) y SE (Atocha-Valdecarros)<\/strong>.\n    <\/p>\n<p>    <strong>D\u00f3nde seguir la Vuelta a Espa\u00f1a 2025<\/strong><\/p>\n<p class=\"article-text\">\n        Todos los detalles de la carrera, incluyendo resultados y clasificaci\u00f3n, pueden consultarse en la <a href=\"https:\/\/www.lavuelta.es\/es\" target=\"_blank\" rel=\"nofollow noopener\" data-mrf-recirculation=\"links-noticia\" class=\"link\">web oficial de La Vuelta a Espa\u00f1a<\/a>. La \u00faltima etapa se podr\u00e1 seguir en directo en La 1 y Teledeporte de RTVE, adem\u00e1s de RTVE Play para su emisi\u00f3n online.\n    <\/p>\n<p>    <a href=\"https:\/\/www.eldiario.es\/madrid\/somos\/almeida-ayuso-gastan-400-000-euros-patrocinar-final-vuelta-espana-madrid_1_12586512.html\" data-mrf-recirculation=\"saber-mas-abajo\" data-dl-event=\"saber-mas-abajo\" rel=\"nofollow noopener\" target=\"_blank\"><\/p>\n<p class=\"know-more__title\">El Ayuntamiento y la Comunidad de Madrid gastan 400.000 euros en patrocinar el final de La Vuelta a Espa\u00f1a<\/p>\n<p>            <img decoding=\"async\" class=\"lazy\" loading=\"lazy\" data-src=\"https:\/\/static.eldiario.es\/clip\/be89371a-b7c5-44fa-81d4-367603e3e2a9_16-9-aspect-ratio_default_0.jpg\" src=\"data:image\/svg+xml,%3Csvg xmlns=\" http:=\"\" viewbox=\"0 0 880 495\" alt=\"El Ayuntamiento y la Comunidad de Madrid gastan 400.000 euros en patrocinar el final de La Vuelta a Espa\u00f1a\"\/><\/p>\n<p>                        <\/a><\/p>\n<p class=\"article-text\">\n        Quienes quieran disfrutar del ambiente en vivo de podr\u00e1n acercarse este domingo 14 de septiembre al centro de la capital, donde la etapa promete ser decisiva para conocer al ganador de esta edici\u00f3n.\n    <\/p>\n<p class=\"article-text\">Recibe las noticias m\u00e1s importantes de Madrid con un bolet\u00edn escrito para ti, todos los viernes en tu correo. <a href=\"https:\/\/www.eldiario.es\/madrid\/somos\/boletin\/\" rel=\"nofollow noopener\" target=\"_blank\">Ap\u00fantate aqu\u00ed<\/a> y rec\u00edbelas junto a los mejores planes para el fin de semana. Tambi\u00e9n puedes seguirnos desde tu red social preferida, en <a href=\"https:\/\/www.facebook.com\/diariosomosmadrid\/\" target=\"_blank\" rel=\"nofollow noopener\">Facebook<\/a>, <a href=\"https:\/\/bsky.app\/profile\/somosmadrid.bsky.social\" target=\"_blank\" rel=\"nofollow noopener\">Bluesky<\/a> o <a href=\"https:\/\/www.instagram.com\/somos.madrid\/\" target=\"_blank\" rel=\"nofollow noopener\">Instagram<\/a><\/p>\n<p>                                    <script async src=\"\/\/www.instagram.com\/embed.js\"><\/script><\/p>\n","protected":false},"excerpt":{"rendered":"Este domingo 14 de septiembre, la capital acoger\u00e1 la \u00faltima etapa de la Vuelta Ciclista de Espa\u00f1a. La&hellip;\n","protected":false},"author":2,"featured_media":111233,"comment_status":"","ping_status":"","sticky":false,"template":"","format":"standard","meta":{"footnotes":""},"categories":[273],"tags":[45,313,1757,12706,312,168,25,24,314,4074,205,1786,23,167,589,1885,1357],"class_list":{"0":"post-111232","1":"post","2":"type-post","3":"status-publish","4":"format-standard","5":"has-post-thumbnail","7":"category-ciclismo","8":"tag-45","9":"tag-ciclismo","10":"tag-ciclista","11":"tag-cortes","12":"tag-cycling","13":"tag-deportes","14":"tag-es","15":"tag-espana","16":"tag-etapa","17":"tag-horarios","18":"tag-madrid","19":"tag-recorrido","20":"tag-spain","21":"tag-sports","22":"tag-trafico","23":"tag-ultima","24":"tag-vuelta"},"share_on_mastodon":{"url":"","error":""},"_links":{"self":[{"href":"https:\/\/www.europesays.com\/es\/wp-json\/wp\/v2\/posts\/111232","targetHints":{"allow":["GET"]}}],"collection":[{"href":"https:\/\/www.europesays.com\/es\/wp-json\/wp\/v2\/posts"}],"about":[{"href":"https:\/\/www.europesays.com\/es\/wp-json\/wp\/v2\/types\/post"}],"author":[{"embeddable":true,"href":"https:\/\/www.europesays.com\/es\/wp-json\/wp\/v2\/users\/2"}],"replies":[{"embeddable":true,"href":"https:\/\/www.europesays.com\/es\/wp-json\/wp\/v2\/comments?post=111232"}],"version-history":[{"count":0,"href":"https:\/\/www.europesays.com\/es\/wp-json\/wp\/v2\/posts\/111232\/revisions"}],"wp:featuredmedia":[{"embeddable":true,"href":"https:\/\/www.europesays.com\/es\/wp-json\/wp\/v2\/media\/111233"}],"wp:attachment":[{"href":"https:\/\/www.europesays.com\/es\/wp-json\/wp\/v2\/media?parent=111232"}],"wp:term":[{"taxonomy":"category","embeddable":true,"href":"https:\/\/www.europesays.com\/es\/wp-json\/wp\/v2\/categories?post=111232"},{"taxonomy":"post_tag","embeddable":true,"href":"https:\/\/www.europesays.com\/es\/wp-json\/wp\/v2\/tags?post=111232"}],"curies":[{"name":"wp","href":"https:\/\/api.w.org\/{rel}","templated":true}]}}