{"id":111246,"date":"2025-09-13T00:40:05","date_gmt":"2025-09-13T00:40:05","guid":{"rendered":"https:\/\/www.europesays.com\/es\/111246\/"},"modified":"2025-09-13T00:40:05","modified_gmt":"2025-09-13T00:40:05","slug":"demon-slayer-kimetsu-no-yaiba-castillo-infinito-estrena-video-con-zenitsu-vs-kaigaku-crunchyroll","status":"publish","type":"post","link":"https:\/\/www.europesays.com\/es\/111246\/","title":{"rendered":"Demon Slayer: Kimetsu no Yaiba Castillo Infinito estrena video con Zenitsu vs Kaigaku &#8211; Crunchyroll"},"content":{"rendered":"<ol>\n<li><a href=\"https:\/\/news.google.com\/rss\/articles\/CBMiuAFBVV95cUxQZVZ2cG5JcTdvWlRyZWtUQ3hqT0ZjS0tNVGFiRnFNZzV3eEswb01jeHhOTmU3SWE3Z010bzBsQjlhRm5VSURLSEZBeUVqbUZLNWJmNklmbmdNTE12NW1ORER0WGlBNE9UUmd5Sm1UWW1aeW5lNENSWGlXLXNLNEUtRTVYSnRwRFhVejFlckpOQXZWZmRFS2oyd29UVmtzU21FVTFCbFcybm9OX1NxbVJ4aTF0dVpsMEhT?oc=5\" target=\"_blank\" rel=\"nofollow noopener\">Demon Slayer: Kimetsu no Yaiba Castillo Infinito estrena video con Zenitsu vs Kaigaku<\/a>&nbsp;&nbsp;Crunchyroll<\/li>\n<li><a href=\"https:\/\/news.google.com\/rss\/articles\/CBMia0FVX3lxTE9yTGlYQzVJdlJHYlJtaG5nRnJrd2R3MmcxU0xWOGxxQl84NUFQc3BaeHM2YTNuY0VrN1VRR1kzNmdEOV9wRmFQcS1YNE1BWkIzSUMxR2dNenhmMllmZlBqTm1fRTRPQU1oTmN30gFwQVVfeXFMTUtTdFlHaFB5aW0wbHNTZ1JkV2VIMVQ1RjIzTG4tUTQwMVVYbDVSZW90aG42d1I1TlU2TVoyLVJxTE80ekYzc3lJT1YzVFA0YjRLSlpOQ3Q4Smp6ZTBnakRGSE94b3FCb3ladWtiazB4UQ?oc=5\" target=\"_blank\" rel=\"nofollow noopener\">&#8216;Demon Slayer: Kimetsu no Yaiba&#8217; repite r\u00e9cord en taquilla superando a una de las pel\u00edculas m\u00e1s aclamadas del Studio Ghibli<\/a>&nbsp;&nbsp;SensaCine<\/li>\n<li><a href=\"https:\/\/news.google.com\/rss\/articles\/CBMiqwFBVV95cUxOWUYwVmJLeURmUGNONTJIWm1PZEl4RmRTejR1NURmOWxqcnE5aE1veVNVMGxnY2hFdTRNSkE2b0JoWm9rTG5ITV8tRXh0ZHpqRXVoOEE5Q3RPcWIzRnB0cEZPNVMwbGxxd3B4dzdaNXpmTnpZelZGa3ZveG9CMmg3V1RsNGRRNXkxa1BrMmxBSGJlMlRGVUNielNFNkpyVzl0S0RocExkWmF3YjA?oc=5\" target=\"_blank\" rel=\"nofollow noopener\">&#8216;Guardianes de la Noche: La Fortaleza Infinita&#8217;: un fest\u00edn visual que eleva a la animaci\u00f3n japonesa<\/a>&nbsp;&nbsp;ABC<\/li>\n<li><a href=\"https:\/\/news.google.com\/rss\/articles\/CBMi6gFBVV95cUxPYXhQTGhRcWdqVGt6OWdlRWVJQUFLT0w0dXFFblBoZDFfRDVubzZHdWJaTDR1Z19POV93Y2FsdmkwN3JYRU5XMFY2Ui1oaDZOZXdBT0wwcUlfX3pvVUNCWWtQaHQ1MkZjSVk4cXpKQmlXeHMwcFhUa3ZSX21zd2FOc0FXbDVyc2VpS2k1MmhQX0doN092Qk1SUjIxdkZ0cDV0TGVlUGhESHV3TDhWTDNNdGVmR0xaeDhOQ3VmdV95QjB0alpObjBQcVZMSncza3dkLU5ZWXd1ZDNhc3RRSGFycVhoc2pvaS1hekE?oc=5\" target=\"_blank\" rel=\"nofollow noopener\">Demon Slayer: Kimetsu No Yaiba Castillo infinito, una animaci\u00f3n soberbia para una aventura a gran escala<\/a>&nbsp;&nbsp;La Naci\u00f3n<\/li>\n<li><a href=\"https:\/\/news.google.com\/rss\/articles\/CBMimgFBVV95cUxOTGFhbUJXaWt0VnRvWV9tZHhVTG1hWEEybzdvMTRqRURZQ3NzVG0zZXBmX01tclAyTzVlOXJzdmMwa3BYbkRTLUhDMzBFRkdCcEtVaE9OYS1XNmFBaWJNSUdvWXl4OEwzUkFnZGdaVThwcUdHSWpoblFvSjR2SC1HeExndVloWWJoT3RGSnFUTHJKX0MtRXRmWmx3?oc=5\" target=\"_blank\" rel=\"nofollow noopener\">Cartelera Cine: Guardianes de la noche: Kimetsu no Yaiba. La fortaleza infinita<\/a>&nbsp;&nbsp;Menorca &#8211; Es diari<\/li>\n<\/ol>\n","protected":false},"excerpt":{"rendered":"Demon Slayer: Kimetsu no Yaiba Castillo Infinito estrena video con Zenitsu vs Kaigaku&nbsp;&nbsp;Crunchyroll &#8216;Demon Slayer: Kimetsu no Yaiba&#8217;&hellip;\n","protected":false},"author":2,"featured_media":85483,"comment_status":"","ping_status":"","sticky":false,"template":"","format":"standard","meta":{"footnotes":""},"categories":[169],"tags":[177,146,147,25,24,176,175,23],"class_list":{"0":"post-111246","1":"post","2":"type-post","3":"status-publish","4":"format-standard","5":"has-post-thumbnail","7":"category-cine","8":"tag-cine","9":"tag-entertainment","10":"tag-entretenimiento","11":"tag-es","12":"tag-espana","13":"tag-film","14":"tag-movies","15":"tag-spain"},"share_on_mastodon":{"url":"","error":""},"_links":{"self":[{"href":"https:\/\/www.europesays.com\/es\/wp-json\/wp\/v2\/posts\/111246","targetHints":{"allow":["GET"]}}],"collection":[{"href":"https:\/\/www.europesays.com\/es\/wp-json\/wp\/v2\/posts"}],"about":[{"href":"https:\/\/www.europesays.com\/es\/wp-json\/wp\/v2\/types\/post"}],"author":[{"embeddable":true,"href":"https:\/\/www.europesays.com\/es\/wp-json\/wp\/v2\/users\/2"}],"replies":[{"embeddable":true,"href":"https:\/\/www.europesays.com\/es\/wp-json\/wp\/v2\/comments?post=111246"}],"version-history":[{"count":0,"href":"https:\/\/www.europesays.com\/es\/wp-json\/wp\/v2\/posts\/111246\/revisions"}],"wp:featuredmedia":[{"embeddable":true,"href":"https:\/\/www.europesays.com\/es\/wp-json\/wp\/v2\/media\/85483"}],"wp:attachment":[{"href":"https:\/\/www.europesays.com\/es\/wp-json\/wp\/v2\/media?parent=111246"}],"wp:term":[{"taxonomy":"category","embeddable":true,"href":"https:\/\/www.europesays.com\/es\/wp-json\/wp\/v2\/categories?post=111246"},{"taxonomy":"post_tag","embeddable":true,"href":"https:\/\/www.europesays.com\/es\/wp-json\/wp\/v2\/tags?post=111246"}],"curies":[{"name":"wp","href":"https:\/\/api.w.org\/{rel}","templated":true}]}}