{"id":111247,"date":"2025-09-13T00:41:05","date_gmt":"2025-09-13T00:41:05","guid":{"rendered":"https:\/\/www.europesays.com\/es\/111247\/"},"modified":"2025-09-13T00:41:05","modified_gmt":"2025-09-13T00:41:05","slug":"elche-los-errores-defensivos-alargan-la-maldicion-de-nervion-2-2","status":"publish","type":"post","link":"https:\/\/www.europesays.com\/es\/111247\/","title":{"rendered":"Elche: Los errores defensivos alargan la maldici\u00f3n de Nervi\u00f3n (2-2)"},"content":{"rendered":"<p style=\"\">El <strong>Sevilla FC<\/strong> puntu\u00f3 en casa, pero no como hubiera querido en un partido que tuvo un poco de todo, hasta un hat-trick de goles anulados de Isaac Romero. Se pagaba poco a que <strong>Rafa Mir<\/strong> intentar\u00eda aprovechar la oportunidad de vengarse  &#8230; del que a\u00fan es su equipo, y lo hizo perpetrando la remontada del Elche, propiciada una vez m\u00e1s por los errores defensivos. Y es que el partido de este viernes es un term\u00f3metro evidente de a lo que debe aspirar el Sevilla: a la salvaci\u00f3n. Y como buen buscador de la permanencia, <strong>ning\u00fan punto es malo<\/strong> y, menos a\u00fan, ante un Elche al que le gusta el fango. <\/p>\n<p class=\"voc-p\" style=\"\">Almeyda sorprendi\u00f3 alineando una defensa recuperada de otro tiempo, con<strong> Marcao y Nianzou<\/strong> como pareja de centrales. Azpilicueta se estren\u00f3 a la izquierda, mientras que <strong>Batista Mendy<\/strong> acompa\u00f1\u00f3 a <strong>Agoum\u00e9 y Gudelj<\/strong> en el centro del campo. Enfrente, un Elche plagado de conocidos, con Andr\u00e9 Silva, Rafa Mir y Pedrosa partiendo como titulares. Un duelo que ten\u00eda cierto picante por esto, y tambi\u00e9n por el beticismo de <strong>Eder Sarabia<\/strong>, que est\u00e1 llamado a ser uno de los entrenadores revelaci\u00f3n de la categor\u00eda en este curso. <\/p>\n<p class=\"voc-p\" style=\"\">El segundo partido celebrado en el S\u00e1nchez-Pizju\u00e1n arranc\u00f3 accidentado y con un <strong>Isaac Romero<\/strong> desperdiciando un tiro desde la frontal en los primeros cinco minutos. Una oportunidad que no se volver\u00eda a presentar hasta el minuto 27, cuando el propio Isaac se redimi\u00f3 con una tremenda volea a pase de Vargas, <strong>que puso el primero del Sevilla FC<\/strong> en el marcador.<\/p>\n<p class=\"voc-p\" style=\"\">Un premio para la grada que tuvo que aguantar los correosos minutos de vaivenes infructuosos de ambos conjuntos sobre el c\u00e9sped de Nervi\u00f3n. De los primeros veinte minutos, se podr\u00eda rescatar las buenas sensaciones que transmiti\u00f3 <strong>Batista Mendy<\/strong>, bien plantado, recuperando balones y con cierta inteligencia a la hora de mover el bal\u00f3n. <\/p>\n<p class=\"voc-p\" style=\"\">Tras el gol, el Sevilla se plant\u00f3 mejor en el partido y muy cerca estuvo Juanlu de ampliar la ventaja tras recibir un bal\u00f3n envenenado de, c\u00f3mo no, <strong>Vargas dentro del \u00e1rea peque\u00f1a<\/strong>. Y es que suizo es actualmente el m\u00e1ximo asistente de LaLiga con tres pases de gol. Poco a poco, los de Mat\u00edas Almeyda empezaron a sentirse m\u00e1s c\u00f3modos ante un rival lamioso y dif\u00edcil de someter. <strong>Recuperando balones,<\/strong> entendi\u00e9ndose m\u00e1s el grupo e imponiendo cierta superioridad. Nada abrumador, pero s\u00ed esperanzador.<\/p>\n<p class=\"voc-p\" style=\"\">Al borde del descanso, el Sevilla se encontr\u00f3 con otra oportunidad llegar m\u00e1s holgado tras una falta de <strong>Ali Houary sobre Marcao<\/strong> en el borde del \u00e1rea. Una jugada que le pudo costar muy cara al cuadro blanquirrojo, ya que <strong>Chust empuj\u00f3 a Isaac<\/strong> para evitar su remate y el lebrijano le respondi\u00f3 de la misma forma sin el bal\u00f3n en juego. Arberola Rojas fue salom\u00f3nico y amonest\u00f3 a ambos. No dio tiempo para mucho m\u00e1s y todos se marcharon a vestuarios a bajar la temperatura.<\/p>\n<ul class=\"voc-list\">\n<li class=\"voc-list__item\">\n<strong>Sevilla FC<\/strong><br \/>\nNyland; Juanlu (m.78, Peque), Nianzou (m. 60, Castr\u00edn), Marcao, Azpilicueta; Agoum\u00e9, Gudelj (m.60, Alexis), Mendy; Alfon (m.60, Suazo), Vargas (m.78, Januzaj) e Isaac.\n<\/li>\n<li class=\"voc-list__item\">\n<strong>Elche CF<\/strong><br \/>\nDituro; Bigas, Affengruber, Chust (m.79, Fort); N\u00fa\u00f1ez, Neto, Febas, Houary (m. 59 Mendoza), Pedrosa; Andr\u00e9 Silva y Rafa Mir (m. 79, \u00c1lvaro R.).\n<\/li>\n<li class=\"voc-list__item\">\n<strong>Goles<\/strong><br \/>\n1-0, m.27: Isaac Romero; 1-1, m.52: Andr\u00e9 Silva; 1-2, m.70: Rafa Mir; 2-2, m. 85: Peque.\n<\/li>\n<li class=\"voc-list__item\">\n<strong>\u00c1rbitro<\/strong><br \/>\nArberola Rojas (Comit\u00e9 Castellano-manchego). Apercibi\u00f3 a los locales Agoum\u00e9, Isaac y Azpilicueta y a los visitantes Chust, Pedrosa y John.\n<\/li>\n<\/ul>\n<p class=\"voc-p\" style=\"\">La reanudaci\u00f3n empez\u00f3 fuerte, con Vargas col\u00e1ndose entre los rivales y tirando a porter\u00eda. <strong>Dituro intercept\u00f3 el bal\u00f3n<\/strong>, pero rebot\u00f3 e Isaac aprovech\u00f3 para mandarlo al fondo de la porter\u00eda. El problema es que la jugada estaba invalidada por fuera de juego. No obstante, buena carta de presentaci\u00f3n de un grupo que era sabedor de que el partido ped\u00eda otro tanto para asegurar los tres puntos.<\/p>\n<p class=\"voc-p\" style=\"\">M\u00e1s claro le qued\u00f3 a\u00fan cuando <strong>Andr\u00e9 Silva<\/strong> aprovech\u00f3 un pase de la muerte y super\u00f3 a Nyland en el <strong>minuto 57<\/strong>. Se reiniciaba el encuentro, pero hab\u00eda tiempo para reaccionar. Para ello, Almeyda hizo tres cambios del tir\u00f3n metiendo a <strong>Suazo, Alexis y Castr\u00edn<\/strong> sobre el terreno de juego. Sin embargo, el partido volvi\u00f3 a ponerse denso, con los ilicitanos defendiendo a capa y espada el resultado. <\/p>\n<p class=\"voc-p\" style=\"\">Y como hab\u00eda variables de sobra para que todo empeorara, <strong>Rafa Mir<\/strong> no desaprovech\u00f3 la oportunidad que el Sevilla le puso en bandeja a modo de falta directa. El murciano col\u00f3 el bal\u00f3n desde fuera del \u00e1rea con la <strong>ayuda inestimable de Nyland<\/strong>. El delantero, al que el Sevilla le paga una parte del sueldo, celebr\u00f3 con rabia y la grada se le ech\u00f3 encima. <\/p>\n<p class=\"voc-p\" style=\"\">El panorama se volvi\u00f3 m\u00e1s sombr\u00edo cuando <strong>Vargas<\/strong> pidi\u00f3 el cambio tras tirarse al suelo. Almeyda perdi\u00f3 a su mejor hombre cuando m\u00e1s cuesta arriba se puso la situaci\u00f3n. No obstante, la premisa del t\u00e9cnico argentino es que nunca se bajan los brazos y, con muchas dificultades, <strong>Peque igual\u00f3 el marcador tras una dejada de tac\u00f3n de Alexis<\/strong>. Un empate que tuvo su intriga, puesto que de primeras el colegiado lo hab\u00eda anulado por un fuera de juego que no hubo. Se corrigi\u00f3 la jugada y Nervi\u00f3n apret\u00f3. Cinco minutos, m\u00e1s el descuento. Un contrarreloj ag\u00f3nico, en el que el Sevilla ped\u00eda un premio superior, que nunca lleg\u00f3. Tras el pitido final, la grada arremeti\u00f3 como de costumbre contra la directiva, pero aplaudi\u00f3 a sus jugadores. <\/p>\n<p class=\"voc-p\" style=\"\">Veremos por cu\u00e1nto tiempo el equipo puede tener a la afici\u00f3n de su parte. Esto s\u00f3lo acaba de empezar y el Sevilla cuenta con cuatro de doce puntos posibles. No es un desastre, tampoco nada digno de aplaudir. El calendario a\u00fan no se ha empinado y vendr\u00e1n d\u00edas m\u00e1s dif\u00edciles. Por el momento, se tercia vital sacar tres puntos en Vitoria el pr\u00f3ximo s\u00e1bado.<\/p>\n","protected":false},"excerpt":{"rendered":"El Sevilla FC puntu\u00f3 en casa, pero no como hubiera querido en un partido que tuvo un poco&hellip;\n","protected":false},"author":2,"featured_media":111248,"comment_status":"","ping_status":"","sticky":false,"template":"","format":"standard","meta":{"footnotes":""},"categories":[93],"tags":[168,2006,25,24,1171,23,167],"class_list":{"0":"post-111247","1":"post","2":"type-post","3":"status-publish","4":"format-standard","5":"has-post-thumbnail","7":"category-deportes","8":"tag-deportes","9":"tag-elche","10":"tag-es","11":"tag-espana","12":"tag-sevilla","13":"tag-spain","14":"tag-sports"},"share_on_mastodon":{"url":"","error":""},"_links":{"self":[{"href":"https:\/\/www.europesays.com\/es\/wp-json\/wp\/v2\/posts\/111247","targetHints":{"allow":["GET"]}}],"collection":[{"href":"https:\/\/www.europesays.com\/es\/wp-json\/wp\/v2\/posts"}],"about":[{"href":"https:\/\/www.europesays.com\/es\/wp-json\/wp\/v2\/types\/post"}],"author":[{"embeddable":true,"href":"https:\/\/www.europesays.com\/es\/wp-json\/wp\/v2\/users\/2"}],"replies":[{"embeddable":true,"href":"https:\/\/www.europesays.com\/es\/wp-json\/wp\/v2\/comments?post=111247"}],"version-history":[{"count":0,"href":"https:\/\/www.europesays.com\/es\/wp-json\/wp\/v2\/posts\/111247\/revisions"}],"wp:featuredmedia":[{"embeddable":true,"href":"https:\/\/www.europesays.com\/es\/wp-json\/wp\/v2\/media\/111248"}],"wp:attachment":[{"href":"https:\/\/www.europesays.com\/es\/wp-json\/wp\/v2\/media?parent=111247"}],"wp:term":[{"taxonomy":"category","embeddable":true,"href":"https:\/\/www.europesays.com\/es\/wp-json\/wp\/v2\/categories?post=111247"},{"taxonomy":"post_tag","embeddable":true,"href":"https:\/\/www.europesays.com\/es\/wp-json\/wp\/v2\/tags?post=111247"}],"curies":[{"name":"wp","href":"https:\/\/api.w.org\/{rel}","templated":true}]}}