{"id":111255,"date":"2025-09-13T00:45:09","date_gmt":"2025-09-13T00:45:09","guid":{"rendered":"https:\/\/www.europesays.com\/es\/111255\/"},"modified":"2025-09-13T00:45:09","modified_gmt":"2025-09-13T00:45:09","slug":"nagel-del-bce-dice-que-nuevas-bajas-de-tasas-pondrian-en-peligro-la-estabilidad-de-precios","status":"publish","type":"post","link":"https:\/\/www.europesays.com\/es\/111255\/","title":{"rendered":"Nagel del BCE dice que nuevas bajas de tasas pondr\u00edan en peligro la estabilidad de precios"},"content":{"rendered":"\n<p class=\"yf-1090901\">12 sep (Reuters) &#8211; Joachim Nagel, responsable de pol\u00edtica monetaria del BCE, afirm\u00f3 que un nuevo recorte de tasas de inter\u00e9s podr\u00eda poner en peligro la estabilidad de precios que tanto ha costado conseguir, dado que la econom\u00eda de la zona euro ya est\u00e1 preparada para recibir el impulso del aumento del gasto p\u00fablico alem\u00e1n.<\/p>\n<p class=\"yf-1090901\">El Banco Central Europeo (BCE) dej\u00f3 sin cambios el jueves las tasas, tal y como esperaba el mercado, y mantuvo una visi\u00f3n optimista sobre el crecimiento y la inflaci\u00f3n, desalentando las expectativas de nuevos recortes en los costos de endeudamiento.<\/p>\n<p class=\"yf-1090901\">\u00abHemos decidido no modificar nuestras tasas de inter\u00e9s en la situaci\u00f3n actual, porque las \u00faltimas previsiones indican que la inflaci\u00f3n est\u00e1 m\u00e1s o menos en l\u00ednea con nuestro objetivo a medio plazo\u00bb, dijo Nagel, tambi\u00e9n presidente del Bundesbank alem\u00e1n, al diario italiano Il Sole 24 Ore.<\/p>\n<p class=\"yf-1090901\">\u00abUn nuevo recorte de las tasas podr\u00eda poner en peligro este objetivo\u00bb, a\u00f1adi\u00f3 en la entrevista publicada el viernes.<\/p>\n<p class=\"yf-1090901\">Nagel afirm\u00f3 que el aumento del gasto en defensa e infraestructura en Alemania ya est\u00e1 actuando como est\u00edmulo para la econom\u00eda de la zona euro. \u00abEsto est\u00e1 teniendo un impacto en toda Europa\u00bb, destac\u00f3.<\/p>\n<p class=\"yf-1090901\">(Reporte de Romolo Tosiani en Gdansk. Editado en espa\u00f1ol por Javier Leira)<\/p>\n","protected":false},"excerpt":{"rendered":"12 sep (Reuters) &#8211; Joachim Nagel, responsable de pol\u00edtica monetaria del BCE, afirm\u00f3 que un nuevo recorte de&hellip;\n","protected":false},"author":2,"featured_media":111256,"comment_status":"","ping_status":"","sticky":false,"template":"","format":"standard","meta":{"footnotes":""},"categories":[80],"tags":[82,95,94,37610,25,24,37925,37924,37926,23,26454],"class_list":{"0":"post-111255","1":"post","2":"type-post","3":"status-publish","4":"format-standard","5":"has-post-thumbnail","7":"category-economia","8":"tag-business","9":"tag-economia","10":"tag-economy","11":"tag-el-banco-central-europeo","12":"tag-es","13":"tag-espana","14":"tag-estabilidad-de-precios","15":"tag-joachim-nagel","16":"tag-responsable-de-politica-monetaria","17":"tag-spain","18":"tag-tasas-de-interes"},"share_on_mastodon":{"url":"","error":""},"_links":{"self":[{"href":"https:\/\/www.europesays.com\/es\/wp-json\/wp\/v2\/posts\/111255","targetHints":{"allow":["GET"]}}],"collection":[{"href":"https:\/\/www.europesays.com\/es\/wp-json\/wp\/v2\/posts"}],"about":[{"href":"https:\/\/www.europesays.com\/es\/wp-json\/wp\/v2\/types\/post"}],"author":[{"embeddable":true,"href":"https:\/\/www.europesays.com\/es\/wp-json\/wp\/v2\/users\/2"}],"replies":[{"embeddable":true,"href":"https:\/\/www.europesays.com\/es\/wp-json\/wp\/v2\/comments?post=111255"}],"version-history":[{"count":0,"href":"https:\/\/www.europesays.com\/es\/wp-json\/wp\/v2\/posts\/111255\/revisions"}],"wp:featuredmedia":[{"embeddable":true,"href":"https:\/\/www.europesays.com\/es\/wp-json\/wp\/v2\/media\/111256"}],"wp:attachment":[{"href":"https:\/\/www.europesays.com\/es\/wp-json\/wp\/v2\/media?parent=111255"}],"wp:term":[{"taxonomy":"category","embeddable":true,"href":"https:\/\/www.europesays.com\/es\/wp-json\/wp\/v2\/categories?post=111255"},{"taxonomy":"post_tag","embeddable":true,"href":"https:\/\/www.europesays.com\/es\/wp-json\/wp\/v2\/tags?post=111255"}],"curies":[{"name":"wp","href":"https:\/\/api.w.org\/{rel}","templated":true}]}}