{"id":111257,"date":"2025-09-13T00:47:17","date_gmt":"2025-09-13T00:47:17","guid":{"rendered":"https:\/\/www.europesays.com\/es\/111257\/"},"modified":"2025-09-13T00:47:17","modified_gmt":"2025-09-13T00:47:17","slug":"es-una-maquina-de-expulsar-fortunas-inversiones-y-propiedad","status":"publish","type":"post","link":"https:\/\/www.europesays.com\/es\/111257\/","title":{"rendered":"Es una m\u00e1quina de expulsar fortunas, inversiones y propiedad"},"content":{"rendered":"<p class=\"article-text\">\n        Ninguna explicaci\u00f3n. La presidenta madrile\u00f1a, Isabel D\u00edaz Ayuso, ha centrado su r\u00e9plica en la segunda sesi\u00f3n del Debate sobre el Estado de la Regi\u00f3n en acusar al Gobierno central de \u201cutilizar\u201d la Agencia Tributaria para \u201cperseguir\u201d a quien \u201ctriunfa, prospera o le va un poco mejor\u201d. As\u00ed, ha calificado a la instituci\u00f3n como \u201cm\u00e1quina de expulsar fortunas, inversiones y propiedad\u201d, sin explicar los audios que salieron este jueves a la luz en los que la inspectora fiscal de su pareja declara ante el juez del caso que el novio de Ayuso falsific\u00f3 15 facturas para reducir su carga impositiva, y que multiplic\u00f3 su patrimonio desde 2020.\n    <\/p>\n<p>    <a href=\"https:\/\/www.eldiario.es\/madrid\/comunidad-madrid-duplico-dinero-adjudicado-quiron-prevencion-ayuso-pareja-consultor_1_11262580.html\" data-mrf-recirculation=\"saber-mas\" data-dl-event=\"saber-mas\" rel=\"nofollow noopener\" target=\"_blank\"><\/p>\n<p class=\"know-more__title\">La Comunidad de Madrid casi duplic\u00f3 el dinero adjudicado a Quir\u00f3n Prevenci\u00f3n desde que Ayuso es pareja de su consultor<\/p>\n<p>            <img decoding=\"async\" class=\"lazy\" loading=\"lazy\" data-src=\"https:\/\/static.eldiario.es\/clip\/0671ae5d-2114-4ad6-8deb-8e04fdef58e0_16-9-aspect-ratio_default_0.jpg\" src=\"data:image\/svg+xml,%3Csvg xmlns=\" http:=\"\" viewbox=\"0 0 880 495\" alt=\"La Comunidad de Madrid casi duplic\u00f3 el dinero adjudicado a Quir\u00f3n Prevenci\u00f3n desde que Ayuso es pareja de su consultor\"\/><\/p>\n<p>                        <\/a><\/p>\n<p class=\"article-text\">\n        Al principio de su intervenci\u00f3n, Ayuso ha lamentado \u201cno poder salir\u201d con \u201cnadie que se relacione con el mundo de la empresa en la Comunidad de Madrid\u201d y ha equiparado los negocios de su pareja con el grupo Quir\u00f3n con el resto de las 130.000 empresas con las que dice que la regi\u00f3n mantiene negocios y subvenciones: \u201c\u00bfCon qui\u00e9n puedo salir? \u00bfCon el hermano de Pedro S\u00e1nchez?\u201d.\n    <\/p>\n<p class=\"article-text\">\n        As\u00ed, Ayuso ha defendido los negocios de su pareja, ha acusado al Gobierno de impulsar la inspecci\u00f3n fiscal con motivos pol\u00edticos y ha denunciado \u201csoportar todos los d\u00edas el ser la novia de y la hermana de\u201d. Ayuso comparte \u00e1tico en Madrid con Gonz\u00e1lez Amador.\n    <\/p>\n<p class=\"article-text\">\n        \u201cEsto de que la pol\u00edtica fiscal est\u00e1 para mandar mensajes&#8230; \u00bfCu\u00e1les son los mensajes que tiene que enviar la Agencia Tributaria? \u00bf&#8217;Te persigo&#8217;? \u00bf&#8217;Me quedo con todo lo que t\u00fa recaudas&#8217;? Ahora mismo en Espa\u00f1a cada vez que un ciudadano o empresa tiene que litigar con Hacienda tiene que demostrar su inocencia\u201d, ha insistido. Aun as\u00ed, Ayuso ha dicho que defiende \u201cpagar impuestos y que haya burocracia\u201d.\n    <\/p>\n<p class=\"article-text\">\n        Ha concluido su intervenci\u00f3n dirigi\u00e9ndose a las portavoces de la oposici\u00f3n: \u201cSi quiere seguir hablando de mi vida personal, sentimental, si alquilo una casa o la compro, si la vendo, a quien meto en mi cama, en la que yo me meto, lo que pienso, lo que como&#8230; Si quiere saber todo eso, c\u00f3mprese el &#8216;Hola\u201d.\n    <\/p>\n<p>    En defensa de Quir\u00f3n<\/p>\n<p class=\"article-text\">\n        Antes de eso, la presidenta madrile\u00f1a ha ensalzado al principal cliente de su novio, Quir\u00f3n Prevenci\u00f3n, y lo ha calificado como \u201cel grupo sanitario m\u00e1s importante de Europa\u201d, a lo que ha a\u00f1adido que se est\u00e1 \u201cfaltando el respeto a miles de m\u00e9dicos, enfermeros y pacientes\u201d por la investigaci\u00f3n de estos negocios, que explica \u00fanicamente diciendo: \u201cLo que quieren es destrozar la colaboraci\u00f3n p\u00fablico-privada\u201d.\n    <\/p>\n<p class=\"article-text\">\n        La portavoz de M\u00e1s Madrid, Manuela Bergerot, ha asegurado que Ayuso \u201cse emociona\u201d hablando de Quir\u00f3n porque \u201cson como de la familia\u201d: \u201cSe comporta como una lobbysta y no como la m\u00e1xima responsable de los servicios p\u00fablicos\u201d.\n    <\/p>\n<p class=\"article-text\">\n        \u201cLos madrile\u00f1os hemos perdido sanidad p\u00fablica y usted ha ganado un duplex \u00e1tico en el centro de Madrid\u201d, ha reprochado a su vez la representante socialista en la c\u00e1mara auton\u00f3mica, Mar Espinar.\n    <\/p>\n<p class=\"article-text\">\n        Para ella, la izquierda \u201cnecesita que la gente viva con lo justo pelado\u201d, dice, \u201cpara que les sigan votando\u201d: \u201cSi alguien en Espa\u00f1a triunfa, prospera o le va un poco mejor, ese es culpable y hay que perseguirle, hay que usar la Agencia Tributaria\u201d.\n    <\/p>\n<p class=\"article-text\">\n        En l\u00ednea con el pensamiento liberal del presidente argentino, Javier Milei, la baronesa madrile\u00f1a ha defendido en la Asamblea un modelo econ\u00f3mico para Espa\u00f1a que pasa por reducir la carga fiscal y la inversi\u00f3n p\u00fablica: \u201cHabr\u00eda que triplicar los precios y que se ayudara a la empresa y se bajaran masivamente los impuestos\u201d.\n    <\/p>\n<p>    <a href=\"https:\/\/www.eldiario.es\/politica\/inspectora-hacienda-jueza-pareja-ayuso-tenia-beneficios-hizo-facturas-falsas_1_12593695.html\" data-mrf-recirculation=\"saber-mas-abajo\" data-dl-event=\"saber-mas-abajo\" rel=\"nofollow noopener\" target=\"_blank\"><\/p>\n<p class=\"know-more__title\">La inspectora de Hacienda, ante la jueza sobre la pareja de Ayuso: \u201cComo ten\u00eda muchos beneficios hizo facturas falsas\u201d<\/p>\n<p>            <img decoding=\"async\" class=\"lazy\" loading=\"lazy\" data-src=\"https:\/\/static.eldiario.es\/clip\/074d4f11-c100-4f80-b9d8-1b1abe02089f_16-9-aspect-ratio_default_0.jpg\" src=\"data:image\/svg+xml,%3Csvg xmlns=\" http:=\"\" viewbox=\"0 0 880 495\" alt=\"La inspectora de Hacienda, ante la jueza sobre la pareja de Ayuso: \u201cComo ten\u00eda muchos beneficios hizo facturas falsas\u201d\"\/><\/p>\n<p>                        <\/a><\/p>\n<p class=\"article-text\">\n        Ha contrapuesto la reducci\u00f3n de la jornada laboral a \u201cdejar a los ciudadanos tomar sus propias decisiones\u201d, siendo las empresas las capacitadas para establecer las jornadas de sus trabajadores, con el \u00fanico l\u00edmite de la ley.\n    <\/p>\n","protected":false},"excerpt":{"rendered":"Ninguna explicaci\u00f3n. La presidenta madrile\u00f1a, Isabel D\u00edaz Ayuso, ha centrado su r\u00e9plica en la segunda sesi\u00f3n del Debate&hellip;\n","protected":false},"author":2,"featured_media":111258,"comment_status":"","ping_status":"","sticky":false,"template":"","format":"standard","meta":{"footnotes":""},"categories":[8],"tags":[8217,5025,6984,17,18,6514,8342,25,24,25160,13,14,37928,11,37927,4320,19,20,11132,9,10,15,16,2477,9182,23,12,1668,21,22],"class_list":{"0":"post-111257","1":"post","2":"type-post","3":"status-publish","4":"format-standard","5":"has-post-thumbnail","7":"category-espana","8":"tag-agencia","9":"tag-audios","10":"tag-ayuso","11":"tag-breaking-news","12":"tag-breakingnews","13":"tag-carga","14":"tag-conocer","15":"tag-es","16":"tag-espana","17":"tag-expulsar","18":"tag-featured-news","19":"tag-featurednews","20":"tag-fortunas","21":"tag-headlines","22":"tag-inspectora","23":"tag-inversiones","24":"tag-latest-news","25":"tag-latestnews","26":"tag-maquina","27":"tag-news","28":"tag-noticias","29":"tag-noticias-destacadas","30":"tag-noticiasdestacadas","31":"tag-pareja","32":"tag-propiedad","33":"tag-spain","34":"tag-titulares","35":"tag-tributaria","36":"tag-ultimas-noticias","37":"tag-ultimasnoticias"},"share_on_mastodon":{"url":"","error":""},"_links":{"self":[{"href":"https:\/\/www.europesays.com\/es\/wp-json\/wp\/v2\/posts\/111257","targetHints":{"allow":["GET"]}}],"collection":[{"href":"https:\/\/www.europesays.com\/es\/wp-json\/wp\/v2\/posts"}],"about":[{"href":"https:\/\/www.europesays.com\/es\/wp-json\/wp\/v2\/types\/post"}],"author":[{"embeddable":true,"href":"https:\/\/www.europesays.com\/es\/wp-json\/wp\/v2\/users\/2"}],"replies":[{"embeddable":true,"href":"https:\/\/www.europesays.com\/es\/wp-json\/wp\/v2\/comments?post=111257"}],"version-history":[{"count":0,"href":"https:\/\/www.europesays.com\/es\/wp-json\/wp\/v2\/posts\/111257\/revisions"}],"wp:featuredmedia":[{"embeddable":true,"href":"https:\/\/www.europesays.com\/es\/wp-json\/wp\/v2\/media\/111258"}],"wp:attachment":[{"href":"https:\/\/www.europesays.com\/es\/wp-json\/wp\/v2\/media?parent=111257"}],"wp:term":[{"taxonomy":"category","embeddable":true,"href":"https:\/\/www.europesays.com\/es\/wp-json\/wp\/v2\/categories?post=111257"},{"taxonomy":"post_tag","embeddable":true,"href":"https:\/\/www.europesays.com\/es\/wp-json\/wp\/v2\/tags?post=111257"}],"curies":[{"name":"wp","href":"https:\/\/api.w.org\/{rel}","templated":true}]}}