{"id":111267,"date":"2025-09-13T00:54:09","date_gmt":"2025-09-13T00:54:09","guid":{"rendered":"https:\/\/www.europesays.com\/es\/111267\/"},"modified":"2025-09-13T00:54:09","modified_gmt":"2025-09-13T00:54:09","slug":"philipsen-logra-el-triplete-y-vingegaard-mantiene-el-maillot-rojo-en-la-recta-final-de-la-vuelta","status":"publish","type":"post","link":"https:\/\/www.europesays.com\/es\/111267\/","title":{"rendered":"Philipsen logra el triplete y Vingegaard mantiene el maillot rojo en la recta final de la Vuelta"},"content":{"rendered":"\n<p>  12\/09\/2025 &#8211; 18:04  Actualizado: 12\/09\/2025 &#8211; 18:05   <\/p>\n<p> <a href=\"https:\/\/www.elconfidencial.com\/deportes\/ciclismo\/2025-08-30\/vuelta-espana-cronica-octava-etapa_4199465\/\" target=\"_self\" rel=\"nofollow noopener\">Jasper Philipsen<\/a> (Alpecin Deceuninck) se ha impuesto en la decimonovena etapa de la <strong>Vuelta a Espa\u00f1a<\/strong> disputada entre <strong>Rueda<\/strong> y <strong>Guijuelo<\/strong>, de 161,9 km de recorrido, en la que retuvo el maillot rojo de l\u00edder el dan\u00e9s <strong>Jonas Vingegaard<\/strong>. <\/p>\n<p> <strong>Philipsen logr\u00f3 su tercera victoria<\/strong> con un tiempo de 3h.50.35, a una media de 42,1 km\/hora, seguido del dan\u00e9s <a href=\"https:\/\/www.elconfidencial.com\/deportes\/ciclismo\/2025-05-23\/giro-italia-decimocuarta-etapa-victoria-mads-pedersen_4136104\/\" target=\"_self\" rel=\"nofollow noopener\">Mads Pedersen<\/a> y del venezolano Orluis Aular.  <\/p>\n<p>              <img decoding=\"async\" class=\"inTextNews__img\" alt=\"Foto: vuelta-espana-2025-cortes-trafico-madrid-1qrt-1tna\" src=\"https:\/\/www.europesays.com\/es\/wp-content\/uploads\/2025\/09\/f.elconfidencial.com\/original\/727\/67f\/6a1\/72767f6a125842e7ca32d03857405b25.jpg\"  \/>     <\/p>\n<p>TE PUEDE INTERESAR<\/p>\n<p>      <a class=\"inTextNews__title\" href=\"https:\/\/www.elconfidencial.com\/espana\/madrid\/2025-09-12\/vuelta-espana-2025-cortes-trafico-madrid-1qrt-1tna_4207776\/\" onclick=\"window.ECCO.emit(&#039;amplitude&#039;, { dataEventName: &#039;click_related_article_module&#039;, data: { related_article_url: &#039;https:\/\/www.elconfidencial.com\/espana\/madrid\/2025-09-12\/vuelta-espana-2025-cortes-trafico-madrid-1qrt-1tna_4207776\/&#039;, related_article_author: &#039;Sara Castellanos&#039;, related_article_section: &#039;madrid&#039; } })\" rel=\"nofollow noopener\" target=\"_blank\"> La Vuelta a Espa\u00f1a 2025: horarios, cortes de tr\u00e1fico y de acceso en la ciudad de Madrid por la etapa 21 <\/a>   <\/p>\n<p>    Sara Castellanos   <\/p>\n<p> <strong>La general sufri\u00f3 un peque\u00f1o cambio<\/strong> por la bonificaci\u00f3n de 4 segundos de Vingegaard en el esprint intermedio de Salamanca. El dan\u00e9s aventaja en 44 segundos a Almeida y en 2.39 minutos al brit\u00e1nico Tom Pidcock. Este s\u00e1bado se disputa la vig\u00e9sima etapa entre <a href=\"https:\/\/www.elconfidencial.com\/television\/programas-tv\/2025-08-20\/cobertura-rtve-la-vuelta-ciclista-2025_4194005\/\" target=\"_self\" rel=\"nofollow noopener\">Robledo de Chavela y La Bola del Mundo<\/a>, de <strong>168,8 km<\/strong> <\/p>\n<p> <a href=\"https:\/\/www.elconfidencial.com\/deportes\/ciclismo\/2025-08-30\/vuelta-espana-cronica-octava-etapa_4199465\/\" target=\"_self\" rel=\"nofollow noopener\">Jasper Philipsen<\/a> (Alpecin Deceuninck) se ha impuesto en la decimonovena etapa de la <strong>Vuelta a Espa\u00f1a<\/strong> disputada entre <strong>Rueda<\/strong> y <strong>Guijuelo<\/strong>, de 161,9 km de recorrido, en la que retuvo el maillot rojo de l\u00edder el dan\u00e9s <strong>Jonas Vingegaard<\/strong>. <\/p>\n","protected":false},"excerpt":{"rendered":"12\/09\/2025 &#8211; 18:04 Actualizado: 12\/09\/2025 &#8211; 18:05 Jasper Philipsen (Alpecin Deceuninck) se ha impuesto en la decimonovena etapa&hellip;\n","protected":false},"author":2,"featured_media":111268,"comment_status":"","ping_status":"","sticky":false,"template":"","format":"standard","meta":{"footnotes":""},"categories":[273],"tags":[313,312,168,25,24,23,167],"class_list":{"0":"post-111267","1":"post","2":"type-post","3":"status-publish","4":"format-standard","5":"has-post-thumbnail","7":"category-ciclismo","8":"tag-ciclismo","9":"tag-cycling","10":"tag-deportes","11":"tag-es","12":"tag-espana","13":"tag-spain","14":"tag-sports"},"share_on_mastodon":{"url":"","error":""},"_links":{"self":[{"href":"https:\/\/www.europesays.com\/es\/wp-json\/wp\/v2\/posts\/111267","targetHints":{"allow":["GET"]}}],"collection":[{"href":"https:\/\/www.europesays.com\/es\/wp-json\/wp\/v2\/posts"}],"about":[{"href":"https:\/\/www.europesays.com\/es\/wp-json\/wp\/v2\/types\/post"}],"author":[{"embeddable":true,"href":"https:\/\/www.europesays.com\/es\/wp-json\/wp\/v2\/users\/2"}],"replies":[{"embeddable":true,"href":"https:\/\/www.europesays.com\/es\/wp-json\/wp\/v2\/comments?post=111267"}],"version-history":[{"count":0,"href":"https:\/\/www.europesays.com\/es\/wp-json\/wp\/v2\/posts\/111267\/revisions"}],"wp:featuredmedia":[{"embeddable":true,"href":"https:\/\/www.europesays.com\/es\/wp-json\/wp\/v2\/media\/111268"}],"wp:attachment":[{"href":"https:\/\/www.europesays.com\/es\/wp-json\/wp\/v2\/media?parent=111267"}],"wp:term":[{"taxonomy":"category","embeddable":true,"href":"https:\/\/www.europesays.com\/es\/wp-json\/wp\/v2\/categories?post=111267"},{"taxonomy":"post_tag","embeddable":true,"href":"https:\/\/www.europesays.com\/es\/wp-json\/wp\/v2\/tags?post=111267"}],"curies":[{"name":"wp","href":"https:\/\/api.w.org\/{rel}","templated":true}]}}