{"id":111269,"date":"2025-09-13T00:55:22","date_gmt":"2025-09-13T00:55:22","guid":{"rendered":"https:\/\/www.europesays.com\/es\/111269\/"},"modified":"2025-09-13T00:55:22","modified_gmt":"2025-09-13T00:55:22","slug":"ultimo-momento-hubo-cambios-en-la-parrilla-y-franco-colapinto-subira-un-puesto-en-monza-ole","status":"publish","type":"post","link":"https:\/\/www.europesays.com\/es\/111269\/","title":{"rendered":"\u00daltimo momento: hubo cambios en la parrilla y Franco Colapinto subir\u00e1 un puesto en Monza :: Ol\u00e9"},"content":{"rendered":"<p>06\/09\/2025 17:38hs. Actualizado al 07\/09\/2025 08:08hs.<\/p>\n<p><strong>En la 16\u00aa fecha de la temporada de F\u00f3rmula 1<\/strong>, los pilotos completaron el s\u00e1bado por la ma\u00f1ana la sesi\u00f3n de clasificaci\u00f3n en el m\u00edtico circuito de <strong>Monza. <a href=\"https:\/\/www.ole.com.ar\/tema\/franco-colapinto.html\" title=\"Franco Colapinto\" alt=\"Franco Colapinto\" class=\"slug\" rel=\"nofollow noopener\" target=\"_blank\">Franco Colapinto<\/a> termin\u00f3 18\u00b0,<\/strong> justo por delante de su compa\u00f1ero <a href=\"https:\/\/www.ole.com.ar\/tema\/pierre-gasly.html\" title=\"Pierre Gasly\" alt=\"Pierre Gasly\" class=\"slug\" rel=\"nofollow noopener\" target=\"_blank\">Pierre Gasly<\/a> (19\u00b0). Sin embargo, <strong>tras la sanci\u00f3n a uno de sus rivales, que deber\u00e1 largar desde el pit lane, el piloto pilarense avanzar\u00e1 un puesto y partir\u00e1 17\u00b0.<\/strong><\/p>\n<p><strong>Qu\u00e9 piloto fue penalizado tras la qualy del GP de Italia<\/strong><\/p>\n<p><strong>Se trata de Isack Hadjar, quien logr\u00f3 su primer podio en la categor\u00eda en Pa\u00edses Bajos y hab\u00eda clasificado 16\u00b0. <\/strong>Racing Bulls decidi\u00f3 cambiar la unidad de potencia del auto #6, por lo que el franc\u00e9s partir\u00e1 desde los boxes. Cabe recordar que Lewis Hamilton (Ferrari) arrastra cinco posiciones de recargo por una sanci\u00f3n recibida en Zandvoort.<\/p>\n<p><img alt=\"Isack Hadjar tras la qualy del GP de Italia. &#10;(Marco Bertorello\/Pool Photo via AP)\" loading=\"lazy\" width=\"720\" height=\"100\" decoding=\"async\" data-nimg=\"1\" style=\"color:transparent\" src=\"https:\/\/www.europesays.com\/es\/wp-content\/uploads\/2025\/09\/IgAx-WWCn_720x0__1.jpg\"\/>Isack Hadjar tras la qualy del GP de Italia.<br \/>\n(Marco Bertorello\/Pool Photo via AP)<\/p>\n<p><strong>La penalizaci\u00f3n al rookie del team austriaco beneficia la posici\u00f3n de partida de Colapinto,<\/strong> lo que representa una oportunidad para el pilarense de acercarse a los puntos, ya que largar\u00e1 m\u00e1s cerca de sus competidores directos. <strong>La carrera se disputar\u00e1 a las 10, con transmisi\u00f3n de Disney+ Premium.<\/strong><\/p>\n<p><strong>La parrilla de salida del Gran Premio de Italia<\/strong><\/p>\n<ol>\n<li>Max Verstappen (Red Bull)<\/li>\n<li>Lando Norris (McLaren)<\/li>\n<li>Oscar Piastri (McLaren)<\/li>\n<li>Charles Leclerc (Ferrari)<\/li>\n<li>George Russell Mercedes)<\/li>\n<li>Kimi Antonelli Mercedes)<\/li>\n<li>Gabriel Bortoleto (Sauber)<\/li>\n<li>Fernando Alonso (Aston Martin)<\/li>\n<li>Yuki Tsunoda (Red Bull)<\/li>\n<li>Lewis Hamilton (Ferrari)<\/li>\n<li>Oliver Bearman (Haas)<\/li>\n<li>Nico H\u00fclkenberg (Sauber)<\/li>\n<li>Carlos Sainz (Williams)<\/li>\n<li>Alexander Albon (Williams)<\/li>\n<li>Esteban Ocon (Haas)<\/li>\n<li>Lance Stroll (Aston Martin)<\/li>\n<li>Franco Colapinto (Alpine)<\/li>\n<li>Pierre Gasly (Alpine)<\/li>\n<li>Liam Lawson (Racing Bulls)<\/li>\n<li>Isack Hadjar (Racing Bulls)<\/li>\n<\/ol>\n<p><img alt=\"El Alpine de Colapinto durante la qualy en Monza. &#10;(AP Photo\/Luca Bruno)\" loading=\"lazy\" width=\"720\" height=\"100\" decoding=\"async\" data-nimg=\"1\" style=\"color:transparent\" src=\"https:\/\/www.europesays.com\/es\/wp-content\/uploads\/2025\/09\/RA3u3bsyH_720x0__1.jpg\"\/>El Alpine de Colapinto durante la qualy en Monza.<br \/>\n(AP Photo\/Luca Bruno)<a href=\"https:\/\/www.ole.com.ar\/autos\/formula-1-vivo-clasificacion-gp-italia-franco-colapinto-alpine_0_6BUkECMgaf.html\" aria-label=\"Franco Colapinto super\u00f3 a Pierre Gasly, pero a los Alpine no les dio para m\u00e1s en la clasificaci\u00f3n de la F1 en Italia\" class=\"sc-198398ff-0 dGmAry\" rel=\"nofollow noopener\" target=\"_blank\"><img alt=\"Franco Colapinto super\u00f3 a Pierre Gasly, pero a los Alpine no les dio para m\u00e1s en la clasificaci\u00f3n de la F1 en Italia\" loading=\"lazy\" width=\"290\" height=\"290\" decoding=\"async\" data-nimg=\"1\" style=\"color:transparent\" src=\"https:\/\/www.europesays.com\/es\/wp-content\/uploads\/2025\/09\/1757293640_240_9s3sTqDg9_290x290__1.jpg\"\/><\/p>\n<p>Mir\u00e1 tambi\u00e9nFranco Colapinto super\u00f3 a Pierre Gasly, pero a los Alpine no les dio para m\u00e1s en la clasificaci\u00f3n de la F1 en Italia<\/p>\n<p><a href=\"https:\/\/www.ole.com.ar\/autos\/pierre-gasly-companero-colapinto-sancionado-gp-italia_0_ehJs3yY1oM.html\" aria-label=\"Pierre Gasly, compa\u00f1ero de Colapinto, ser\u00e1 sancionado de cara al GP de Italia\" class=\"sc-198398ff-0 dGmAry\" rel=\"nofollow noopener\" target=\"_blank\"><img alt=\"Pierre Gasly, compa\u00f1ero de Colapinto, ser\u00e1 sancionado de cara al GP de Italia\" loading=\"lazy\" width=\"290\" height=\"290\" decoding=\"async\" data-nimg=\"1\" style=\"color:transparent\" src=\"https:\/\/www.europesays.com\/es\/wp-content\/uploads\/2025\/09\/R7yOy_3Nd_290x290__1.jpg\"\/><\/p>\n<p>Mir\u00e1 tambi\u00e9nPierre Gasly, compa\u00f1ero de Colapinto, ser\u00e1 sancionado de cara al GP de Italia<\/p>\n<p><a href=\"https:\/\/www.ole.com.ar\/autos\/tio-james-vowles-williams-franco-colapinto-f1_0_vjd4fdypBv.html\" aria-label=\"El T\u00edo James volvi\u00f3 a bancar a Colapinto: &quot;Tiene talento natural y pasi\u00f3n argentina&quot;\" class=\"sc-198398ff-0 dGmAry\" rel=\"nofollow noopener\" target=\"_blank\"><img alt=\"El T\u00edo James volvi\u00f3 a bancar a Colapinto: &quot;Tiene talento natural y pasi\u00f3n argentina&quot;\" loading=\"lazy\" width=\"290\" height=\"290\" decoding=\"async\" data-nimg=\"1\" style=\"color:transparent\" src=\"https:\/\/www.europesays.com\/es\/wp-content\/uploads\/2025\/09\/g_lURph_v_290x290__1.jpg\"\/><\/p>\n<p>Mir\u00e1 tambi\u00e9nEl T\u00edo James volvi\u00f3 a bancar a Colapinto: \u00abTiene talento natural y pasi\u00f3n argentina\u00bb<\/p>\n","protected":false},"excerpt":{"rendered":"06\/09\/2025 17:38hs. Actualizado al 07\/09\/2025 08:08hs. En la 16\u00aa fecha de la temporada de F\u00f3rmula 1, los pilotos&hellip;\n","protected":false},"author":2,"featured_media":111270,"comment_status":"","ping_status":"","sticky":false,"template":"","format":"standard","meta":{"footnotes":""},"categories":[270],"tags":[1331,168,25,24,306,271,272,1723,23,167],"class_list":{"0":"post-111269","1":"post","2":"type-post","3":"status-publish","4":"format-standard","5":"has-post-thumbnail","7":"category-formula-1","8":"tag-alpine","9":"tag-deportes","10":"tag-es","11":"tag-espana","12":"tag-f1","13":"tag-formula-1","14":"tag-formula1","15":"tag-franco-colapinto","16":"tag-spain","17":"tag-sports"},"share_on_mastodon":{"url":"","error":""},"_links":{"self":[{"href":"https:\/\/www.europesays.com\/es\/wp-json\/wp\/v2\/posts\/111269","targetHints":{"allow":["GET"]}}],"collection":[{"href":"https:\/\/www.europesays.com\/es\/wp-json\/wp\/v2\/posts"}],"about":[{"href":"https:\/\/www.europesays.com\/es\/wp-json\/wp\/v2\/types\/post"}],"author":[{"embeddable":true,"href":"https:\/\/www.europesays.com\/es\/wp-json\/wp\/v2\/users\/2"}],"replies":[{"embeddable":true,"href":"https:\/\/www.europesays.com\/es\/wp-json\/wp\/v2\/comments?post=111269"}],"version-history":[{"count":0,"href":"https:\/\/www.europesays.com\/es\/wp-json\/wp\/v2\/posts\/111269\/revisions"}],"wp:featuredmedia":[{"embeddable":true,"href":"https:\/\/www.europesays.com\/es\/wp-json\/wp\/v2\/media\/111270"}],"wp:attachment":[{"href":"https:\/\/www.europesays.com\/es\/wp-json\/wp\/v2\/media?parent=111269"}],"wp:term":[{"taxonomy":"category","embeddable":true,"href":"https:\/\/www.europesays.com\/es\/wp-json\/wp\/v2\/categories?post=111269"},{"taxonomy":"post_tag","embeddable":true,"href":"https:\/\/www.europesays.com\/es\/wp-json\/wp\/v2\/tags?post=111269"}],"curies":[{"name":"wp","href":"https:\/\/api.w.org\/{rel}","templated":true}]}}