{"id":111279,"date":"2025-09-13T01:02:09","date_gmt":"2025-09-13T01:02:09","guid":{"rendered":"https:\/\/www.europesays.com\/es\/111279\/"},"modified":"2025-09-13T01:02:09","modified_gmt":"2025-09-13T01:02:09","slug":"hilary-duff-anuncia-su-esperado-regreso-a-la-musica-despues-de-10-anos-con-nuevo-album-y-docuserie","status":"publish","type":"post","link":"https:\/\/www.europesays.com\/es\/111279\/","title":{"rendered":"Hilary Duff anuncia su esperado regreso a la m\u00fasica despu\u00e9s de 10 a\u00f1os con nuevo \u00e1lbum y docuserie"},"content":{"rendered":"<p><img alt=\"Hilary Duff  volver\u00e1 a\" class=\"global-image\" decoding=\"async\" fetchpriority=\"high\" height=\"1080\" loading=\"eager\" src=\"https:\/\/www.europesays.com\/es\/wp-content\/uploads\/2025\/09\/WURKM36MZNEDZM6DNONEJOW7NA.jpg\" width=\"1920\"\/>Hilary Duff  volver\u00e1 a la escena musical tras 10 a\u00f1os de su \u00faltimo disco. (REUTERS\/Danny Moloshok)<\/p>\n<p class=\"paragraph\"><b>Hilary Duff<\/b> est\u00e1 de vuelta en la m\u00fasica y sus fans no podr\u00edan estar m\u00e1s emocionados. <\/p>\n<p class=\"paragraph\">La actriz, cantante y s\u00edmbolo de toda una generaci\u00f3n confirm\u00f3 este martes 9 de septiembre que tiene nueva m\u00fasica en camino. Se trata de su regreso oficial a la industria despu\u00e9s de una pausa de 10 a\u00f1os desde el lanzamiento de su \u00faltimo \u00e1lbum Breathe In. Breathe Out. en 2015.<\/p>\n<p class=\"paragraph\">Seg\u00fan un comunicado de prensa, la artista de 37 a\u00f1os, ha firmado con Atlantic Records y ya est\u00e1 trabajando en un nuevo proyecto musical que vendr\u00e1 acompa\u00f1ado de una docuserie que promete mostrar su vida como nunca antes.<\/p>\n<p class=\"paragraph\">Dirigido y producido por <b>Sam Wrench<\/b>, el proyecto audiovisual se centrar\u00e1 en su \u201cmuy esperado regreso musical y su viaje personal\u201d, ofreciendo a los fans \u201cuna mirada sin filtros al mundo de Hilary\u201d, incluyendo sus altibajos, su rutina como madre, su regreso al estudio y la preparaci\u00f3n para volver a los escenarios tras m\u00e1s de una d\u00e9cada de ausencia.<\/p>\n<p><img alt=\"Hilary Duff anunci\u00f3 que est\u00e1\" class=\"global-image\" decoding=\"async\" fetchpriority=\"low\" height=\"5101\" loading=\"lazy\" src=\"https:\/\/www.europesays.com\/es\/wp-content\/uploads\/2025\/09\/MCIDE3Y7RNGC3BX2EZHG2C2USA.jpg\" width=\"3401\"\/>Hilary Duff anunci\u00f3 que est\u00e1 trabajando en un nuevo \u00e1lbum. (REUTERS\/David Dee Delgado)<\/p>\n<p class=\"paragraph\">La serie contar\u00e1 con entrevistas estilizadas, material exclusivo de archivo y presentaciones en vivo, y retratar\u00e1 c\u00f3mo la artista equilibra su vida familiar con la creaci\u00f3n art\u00edstica. <\/p>\n<p class=\"paragraph\">En una de las im\u00e1genes promocionales compartidas en Instagram, se la ve en el estudio abrazando a su esposo, el m\u00fasico <b>Matthew Koma<\/b>, mientras \u00e9l toca el teclado, un gui\u00f1o a la colaboraci\u00f3n creativa entre la pareja.<\/p>\n<p class=\"paragraph\">La noticia se difundi\u00f3 r\u00e1pidamente en redes sociales, acompa\u00f1ada por una publicaci\u00f3n de la propia <b>Hilary Duff <\/b>en Instagram con el texto: <b>\u201cnueva m\u00fasica&#8230; o algo\u201d<\/b>, junto a una serie de fotos en las que aparece sonriente, sosteniendo letras en su tel\u00e9fono y usando auriculares en el estudio.<\/p>\n<p><img alt=\"Hilary Duff podr\u00eda colaborar de\" class=\"global-image\" decoding=\"async\" fetchpriority=\"low\" height=\"502\" loading=\"lazy\" src=\"https:\/\/www.europesays.com\/es\/wp-content\/uploads\/2025\/09\/OPREFUL46ZFTBGAABAMKIKXVCU.jpeg\" width=\"872\"\/>Hilary Duff podr\u00eda colaborar de cerca con su esposo Matthew Koma para este nuevo disco. (Instagram\/Hilary Duff)<\/p>\n<p class=\"paragraph\">El anuncio provoc\u00f3 una reacci\u00f3n inmediata en plataformas digitales. En solo 48 horas, las b\u00fasquedas del nombre de <b>Hilary Duff<\/b> en Spotify aumentaron un 400%, mientras que la reproducci\u00f3n de su cat\u00e1logo musical se increment\u00f3 un 80% en Estados Unidos, especialmente entre oyentes millennials que crecieron con su m\u00fasica.<\/p>\n<p class=\"paragraph\">Duff ya ven\u00eda dejando pistas sobre su regreso. El pasado 27 de agosto, la cantante celebr\u00f3 el 22\u00ba aniversario de su segundo \u00e1lbum Metamorphosis, uno de los discos m\u00e1s exitosos de su carrera, con una publicaci\u00f3n nost\u00e1lgica en Instagram. <\/p>\n<p class=\"paragraph\">\u201cAunque son recuerdos lejanos para m\u00ed, gracias por haber estado ah\u00ed\u201d, escribi\u00f3 junto a una serie de fotos de archivo.<\/p>\n<p class=\"paragraph\">En junio, tambi\u00e9n rindi\u00f3 homenaje al d\u00e9cimo aniversario de Breathe In. Breathe Out. con otra publicaci\u00f3n en la que reflexion\u00f3 sobre el impacto del \u00e1lbum. <\/p>\n<p><img alt=\"Hilary Duff  celebr\u00f3 el\" class=\"global-image\" decoding=\"async\" fetchpriority=\"low\" height=\"502\" loading=\"lazy\" src=\"https:\/\/www.europesays.com\/es\/wp-content\/uploads\/2025\/09\/OAMTHOO7EBEFDDLW75I5C3ORPA.jpeg\" width=\"920\"\/>Hilary Duff  celebr\u00f3 el d\u00e9cimo aniversario de \u00abBreathe In. Breathe Out.\u00bb. (Instagram\/Hilary Duff )<\/p>\n<p class=\"paragraph\">\u201cAunque no tuvo un gran \u00e9xito comercial,<b> hubo canciones en ese disco que se sintieron aut\u00e9nticas<\/b>\u201d, coment\u00f3 Duff, y entre bromas, sugiri\u00f3 a sus fans que no vuelvan a dejar pasar la oportunidad de apoyarla musicalmente: \u201cNo fue culpa de ustedes\u2026 bueno, s\u00ed lo fue. Es broma. Pero no lo dejen pasar de nuevo\u2026 la pr\u00f3xima vez\u2026 \u00bfok?\u201d<\/p>\n<p class=\"paragraph\">Este anuncio marca una nueva era para Hilary Duff, quien ha mantenido una s\u00f3lida carrera actoral y una presencia constante en la cultura pop, pero cuya faceta musical hab\u00eda estado en pausa desde hace una d\u00e9cada.<\/p>\n","protected":false},"excerpt":{"rendered":"Hilary Duff volver\u00e1 a la escena musical tras 10 a\u00f1os de su \u00faltimo disco. (REUTERS\/Danny Moloshok) Hilary Duff&hellip;\n","protected":false},"author":2,"featured_media":111280,"comment_status":"","ping_status":"","sticky":false,"template":"","format":"standard","meta":{"footnotes":""},"categories":[170],"tags":[146,147,25,24,184,185,3120,3119,23],"class_list":{"0":"post-111279","1":"post","2":"type-post","3":"status-publish","4":"format-standard","5":"has-post-thumbnail","7":"category-musica","8":"tag-entertainment","9":"tag-entretenimiento","10":"tag-es","11":"tag-espana","12":"tag-music","13":"tag-musica","14":"tag-new-york","15":"tag-north-america","16":"tag-spain"},"share_on_mastodon":{"url":"","error":""},"_links":{"self":[{"href":"https:\/\/www.europesays.com\/es\/wp-json\/wp\/v2\/posts\/111279","targetHints":{"allow":["GET"]}}],"collection":[{"href":"https:\/\/www.europesays.com\/es\/wp-json\/wp\/v2\/posts"}],"about":[{"href":"https:\/\/www.europesays.com\/es\/wp-json\/wp\/v2\/types\/post"}],"author":[{"embeddable":true,"href":"https:\/\/www.europesays.com\/es\/wp-json\/wp\/v2\/users\/2"}],"replies":[{"embeddable":true,"href":"https:\/\/www.europesays.com\/es\/wp-json\/wp\/v2\/comments?post=111279"}],"version-history":[{"count":0,"href":"https:\/\/www.europesays.com\/es\/wp-json\/wp\/v2\/posts\/111279\/revisions"}],"wp:featuredmedia":[{"embeddable":true,"href":"https:\/\/www.europesays.com\/es\/wp-json\/wp\/v2\/media\/111280"}],"wp:attachment":[{"href":"https:\/\/www.europesays.com\/es\/wp-json\/wp\/v2\/media?parent=111279"}],"wp:term":[{"taxonomy":"category","embeddable":true,"href":"https:\/\/www.europesays.com\/es\/wp-json\/wp\/v2\/categories?post=111279"},{"taxonomy":"post_tag","embeddable":true,"href":"https:\/\/www.europesays.com\/es\/wp-json\/wp\/v2\/tags?post=111279"}],"curies":[{"name":"wp","href":"https:\/\/api.w.org\/{rel}","templated":true}]}}