{"id":111281,"date":"2025-09-13T01:03:11","date_gmt":"2025-09-13T01:03:11","guid":{"rendered":"https:\/\/www.europesays.com\/es\/111281\/"},"modified":"2025-09-13T01:03:11","modified_gmt":"2025-09-13T01:03:11","slug":"critica-del-western-postpandemia-de-ari-aster","status":"publish","type":"post","link":"https:\/\/www.europesays.com\/es\/111281\/","title":{"rendered":"cr\u00edtica del western postpandemia de Ari Aster"},"content":{"rendered":"<p class=\"c-paragraph\"><b><a href=\"https:\/\/www.20minutos.es\/cinemania\/noticias\/peor-pelicula-superheroes-ari-aster-desastre-5732802\/\" rel=\"nofollow noopener\" target=\"_blank\">Ari Aster<\/a><\/b> se ha metido en un jard\u00edn ambientando su gran homenaje al western en <b>plena cuarentena del COVID<\/b>. Sin embargo, bajo la aparente pereza de volver a las mascarillas reside una brillante traslaci\u00f3n de la rivalidad elemental de <b>Hatfields &amp; McCoys<\/b>, la misma de <b>Horizontes de grandeza<\/b>, pero traducida a un conflicto coral de burbujas alimentadas por redes sociales t\u00f3xicas y la<b> desintegraci\u00f3n de un pueblo cuando las reglas con las que nos regimos se invierten<\/b>.\u00a0<\/p>\n<p class=\"c-paragraph\">El antagonismo de los colonos que conforma las ra\u00edces del g\u00e9nero se reformula en una pugna de miradas irreconciliables,<b> una alerta del tribalismo<\/b> que se mofa de la hipocres\u00eda; la \u00fanica lectura pol\u00edtica de una pel\u00edcula desde el punto vista subjetivo y quijotesco de la mirada de un<b><a href=\"https:\/\/www.20minutos.es\/cinemania\/noticias\/joaquin-phoenix-director-enfadado_6232524_0.html\" rel=\"nofollow noopener\" target=\"_blank\"> Joaquin Phoenix<\/a> alienado por exceso de Ivermectina.<\/b><\/p>\n<p class=\"c-paragraph\">La mente colmena de las conspiraciones borra las verdades y se convierten en la fantas\u00eda de <b>un narrador no fiable que vive su Solo ante el peligro particular,<\/b> mientras nosotros vemos m\u00e1s bien un ataque de locura y ansiedad propio de un psycho thriller.\u00a0<\/p>\n<p class=\"c-paragraph\">Un cowboy que se cree el h\u00e9roe pero en realidad es <b>un Ignatius Reilly peligroso<\/b>, rodeado de otros arquetipos que no ven fuera de su pantalla del m\u00f3vil. Si <a href=\"https:\/\/www.20minutos.es\/cinemania\/noticias\/miedos-ari-aster-joaquin-phoenix-beau-tiene-miedo-5121732\/\" rel=\"nofollow noopener\" target=\"_blank\">Beau tiene miedo<\/a> parec\u00eda dibujada por <b>Daniel Clowes, <\/b><a href=\"https:\/\/www.20minutos.es\/cinemania\/noticias\/joaquin-phoenix-pedro-pascal-batalla-eddington-trailer-5720855\/\" rel=\"nofollow noopener\" target=\"_blank\">Eddington<\/a> es <b>una s\u00e1tira digna de Peter Bagge, acerca del sobreest\u00edmulo <\/b>y las contradicciones de la certidumbre absoluta.\u00a0<\/p>\n<p class=\"c-paragraph\">Entre la comedia absurda y el noir nihilista de tensi\u00f3n irrespirable, esta <b><a href=\"https:\/\/www.20minutos.es\/cinemania\/noticias\/hermanos-coen-trabajar-juntos-pelicula-terror-5213707\/\" rel=\"nofollow noopener\" target=\"_blank\">carta de amor al cine de los Coen<\/a><\/b> explota en un tercer acto antol\u00f3gico que se convierte en un western nocturno infernal, rodado con precisi\u00f3n y <b>una fotograf\u00eda de Darius Khondji que merece el Oscar<\/b>. Su imagen final muestra c\u00f3mo el capitalismo ha acabado con el sue\u00f1o del viejo oeste y lo ha convertido en<b> un despojo para sus negocios<\/b>, un paisaje tan roto como nuestra sociedad pospand\u00e9mica.<\/p>\n<p>T\u00edtulo &#8216;Eddington&#8217;<\/p>\n<ul class=\"c-card__movie__data\">\n<li class=\"c-card__movie__data__item\"> Director\n<p class=\"c-card__movie__data__item__txt\">Ari Aster<\/p>\n<\/li>\n<li class=\"c-card__movie__data__item\"> G\u00e9nero\n<p class=\"c-card__movie__data__item__txt\">Drama<\/p>\n<\/li>\n<li class=\"c-card__movie__data__item\"> Pa\u00eds\n<p class=\"c-card__movie__data__item__txt\">EE UU<\/p>\n<\/li>\n<li class=\"c-card__movie__data__item\"> Sinopsis\n<p class=\"c-card__movie__data__item__txt\">Mayo de 2020. En un viaje por carretera, una pareja se queda atrapada en Eddington, un peque\u00f1o pueblo de Nuevo M\u00e9xico durante la pandemia. Inicialmente son bien acogidos, pero todo da un giro siniestro al caer la noche. El enfrentamiento entre el sheriff (Joaquin Phoenix) y el alcalde (Pedro Pascal) desata el caos cuando los vecinos se enfrentan entre s\u00ed<\/p>\n<\/li>\n<li class=\"c-card__movie__data__item\"> Gui\u00f3n\n<p class=\"c-card__movie__data__item__txt\">Ari Aster<\/p>\n<\/li>\n<li class=\"c-card__movie__data__item\"> Duraci\u00f3n\n<p class=\"c-card__movie__data__item__txt\">145 min<\/p>\n<\/li>\n<li class=\"c-card__movie__data__item\"> Distribuidora\n<p class=\"c-card__movie__data__item__txt\">Universal<\/p>\n<\/li>\n<li class=\"c-card__movie__data__item\"> Estreno\n<p class=\"c-card__movie__data__item__txt\">12 de septiembre<\/p>\n<\/li>\n<li class=\"c-card__movie__data__item\">\n<p class=\"c-card__movie__data__item__txt\"><b>Reparto:<br \/><\/b>\u200bJoaquin Phoenix, Pedro Pascal, Luke Grimes<\/p>\n<\/li>\n<\/ul>\n<p><img decoding=\"async\" loading=\"lazy\" alt=\"Eddington cartel\" width=\"250\" height=\"375\" src=\"https:\/\/www.europesays.com\/es\/wp-content\/uploads\/2025\/09\/68bebe3e40560.jpeg\"\/><\/p>\n","protected":false},"excerpt":{"rendered":"Ari Aster se ha metido en un jard\u00edn ambientando su gran homenaje al western en plena cuarentena del&hellip;\n","protected":false},"author":2,"featured_media":111282,"comment_status":"","ping_status":"","sticky":false,"template":"","format":"standard","meta":{"footnotes":""},"categories":[169],"tags":[177,1497,37056,146,147,25,24,176,175,23],"class_list":{"0":"post-111281","1":"post","2":"type-post","3":"status-publish","4":"format-standard","5":"has-post-thumbnail","7":"category-cine","8":"tag-cine","9":"tag-critica","10":"tag-eddington","11":"tag-entertainment","12":"tag-entretenimiento","13":"tag-es","14":"tag-espana","15":"tag-film","16":"tag-movies","17":"tag-spain"},"share_on_mastodon":{"url":"","error":""},"_links":{"self":[{"href":"https:\/\/www.europesays.com\/es\/wp-json\/wp\/v2\/posts\/111281","targetHints":{"allow":["GET"]}}],"collection":[{"href":"https:\/\/www.europesays.com\/es\/wp-json\/wp\/v2\/posts"}],"about":[{"href":"https:\/\/www.europesays.com\/es\/wp-json\/wp\/v2\/types\/post"}],"author":[{"embeddable":true,"href":"https:\/\/www.europesays.com\/es\/wp-json\/wp\/v2\/users\/2"}],"replies":[{"embeddable":true,"href":"https:\/\/www.europesays.com\/es\/wp-json\/wp\/v2\/comments?post=111281"}],"version-history":[{"count":0,"href":"https:\/\/www.europesays.com\/es\/wp-json\/wp\/v2\/posts\/111281\/revisions"}],"wp:featuredmedia":[{"embeddable":true,"href":"https:\/\/www.europesays.com\/es\/wp-json\/wp\/v2\/media\/111282"}],"wp:attachment":[{"href":"https:\/\/www.europesays.com\/es\/wp-json\/wp\/v2\/media?parent=111281"}],"wp:term":[{"taxonomy":"category","embeddable":true,"href":"https:\/\/www.europesays.com\/es\/wp-json\/wp\/v2\/categories?post=111281"},{"taxonomy":"post_tag","embeddable":true,"href":"https:\/\/www.europesays.com\/es\/wp-json\/wp\/v2\/tags?post=111281"}],"curies":[{"name":"wp","href":"https:\/\/api.w.org\/{rel}","templated":true}]}}