{"id":111285,"date":"2025-09-13T01:05:17","date_gmt":"2025-09-13T01:05:17","guid":{"rendered":"https:\/\/www.europesays.com\/es\/111285\/"},"modified":"2025-09-13T01:05:17","modified_gmt":"2025-09-13T01:05:17","slug":"dra-eva-blazquez-jefa-del-servicio-de-endocrinologia-de-policlinica-gipuzkoa-la-obesidad-no-es-una-cuestion-de-voluntad-sino-una-enfermedad-cronica-que-requiere-tratamiento-medico-psicologico-y","status":"publish","type":"post","link":"https:\/\/www.europesays.com\/es\/111285\/","title":{"rendered":"Dra. Eva Bl\u00e1zquez, jefa del servicio de Endocrinolog\u00eda de Policl\u00ednica Gipuzkoa: \u00abLa obesidad no es una cuesti\u00f3n de voluntad, sino una enfermedad cr\u00f3nica que requiere tratamiento m\u00e9dico, psicol\u00f3gico y nutricional\u00bb &#8211; Empresa"},"content":{"rendered":"<p>\t              <img decoding=\"async\" src=\"https:\/\/www.europesays.com\/es\/wp-content\/uploads\/2025\/09\/p_1118529279w2.jpg\" alt=\"Dra. Eva Bl\u00e1zquez, jefa del servicio de Endocrinolog\u00eda de Policl\u00ednica Gipuzkoa: \" la=\"\" obesidad=\"\" no=\"\" es=\"\" una=\"\" cuesti=\"\" de=\"\" voluntad=\"\" sino=\"\" enfermedad=\"\" cr=\"\" que=\"\" requiere=\"\" tratamiento=\"\" m=\"\" psicol=\"\" y=\"\" nutricional=\"\" class=\"fotoportada\" width=\"160\" height=\"106,75\" itemprop=\"image\"\/><\/p>\n<p align=\"justify\">\u00abLos nuevos f\u00e1rmacos contra la obesidad permiten una p\u00e9rdida de peso superior al 23%, lo que supone una revoluci\u00f3n en el tratamiento\u00bb, explica Bl\u00e1zquez<\/p>\n<p align=\"justify\">\u00abLa obesidad no es una cuesti\u00f3n de voluntad, sino una enfermedad cr\u00f3nica que requiere tratamiento m\u00e9dico, psicol\u00f3gico y nutricional\u00bb, afirma la endocrin\u00f3loga\u00a0Eva Bl\u00e1zquez, jefa del servicio de endocrinolog\u00eda de Policl\u00ednica Gipuzkoa, integrado en la Unidad Integral de Obesidad de Policl\u00ednica Gipuzkoa, ante los datos tan relevantes que se registran por causa de la obesidad en el Pa\u00eds Vasco, que se ha convertido en uno de los principales retos de salud p\u00fablica.<\/p>\n<p align=\"justify\">Datos recientes publicados por el Observatorio de la Nutrici\u00f3n y de Estudio de la Obesidad, el\u00a046,4% de la poblaci\u00f3n adulta en el Pa\u00eds Vasco presenta sobrepeso, y dentro de este grupo, un\u00a016% sufre obesidad. En Gipuzkoa, esta tendencia se mantiene, con especial incidencia en personas de mediana edad y en entornos urbanos.<\/p>\n<p align=\"justify\">La jefa del servicio de endocrinolog\u00eda de Policl\u00ednica Gipuzkoa advierte que\u00a0dos de cada diez personas sufren de obesidad actualmente, y que se prev\u00e9 que para el a\u00f1o 2035 esta cifra aumente a\u00a0tres de cada diez.<\/p>\n<p align=\"justify\">Adem\u00e1s, la endocrin\u00f3loga Eva Bl\u00e1zquez, destaca que la obesidad\u00a0afecta no solo la salud f\u00edsica, sino tambi\u00e9n la emocional, generando frustraci\u00f3n, ansiedad y aislamiento social.<\/p>\n<p align=\"justify\">\u00abLos nuevos f\u00e1rmacos contra la obesidad permiten una p\u00e9rdida de peso superior al 23%, lo que supone una revoluci\u00f3n en el tratamiento\u00bb, a\u00f1ade Bl\u00e1zquez.<\/p>\n<p align=\"justify\">Desde Policl\u00ednica Gipuzkoa se promueve un enfoque multidisciplinar que incluye\u00a0nutrici\u00f3n personalizada, ejercicio f\u00edsico adaptado, apoyo psicol\u00f3gico y, en casos indicados, cirug\u00eda bari\u00e1trica. En este sentido, el cirujano\u00a0Jos\u00e9 Luis El\u00f3segui\u00a0subraya que:\u00a0\u00abla cirug\u00eda no es una soluci\u00f3n m\u00e1gica. El paciente debe aprender a alimentarse de forma saludable y mantener el ejercicio f\u00edsico para consolidar los resultados\u00bb.<\/p>\n<p align=\"justify\">La obesidad est\u00e1 asociada a m\u00faltiples enfermedades graves como\u00a0diabetes tipo 2, hipertensi\u00f3n, apnea del sue\u00f1o, artrosis y enfermedades cardiovasculares. Adem\u00e1s, en la infancia y adolescencia, el problema se agrava:\u00a0uno de cada diez menores presenta obesidad, y\u00a0un tercio tiene exceso de peso, seg\u00fan datos nacionales.<\/p>\n","protected":false},"excerpt":{"rendered":"\u00abLos nuevos f\u00e1rmacos contra la obesidad permiten una p\u00e9rdida de peso superior al 23%, lo que supone una&hellip;\n","protected":false},"author":2,"featured_media":111286,"comment_status":"","ping_status":"","sticky":false,"template":"","format":"standard","meta":{"footnotes":""},"categories":[92],"tags":[517,15986,4995,2308,25,24,165,1667,20174,1478,28358,28359,166,23,28357],"class_list":{"0":"post-111285","1":"post","2":"type-post","3":"status-publish","4":"format-standard","5":"has-post-thumbnail","7":"category-salud","8":"tag-actualidad","9":"tag-caravaca","10":"tag-cartagena","11":"tag-empresas","12":"tag-es","13":"tag-espana","14":"tag-health","15":"tag-informacion","16":"tag-lorca","17":"tag-murcia","18":"tag-noticias-de-la-region-de-murcia","19":"tag-noticias-de-murcia","20":"tag-salud","21":"tag-spain","22":"tag-yecla"},"share_on_mastodon":{"url":"","error":""},"_links":{"self":[{"href":"https:\/\/www.europesays.com\/es\/wp-json\/wp\/v2\/posts\/111285","targetHints":{"allow":["GET"]}}],"collection":[{"href":"https:\/\/www.europesays.com\/es\/wp-json\/wp\/v2\/posts"}],"about":[{"href":"https:\/\/www.europesays.com\/es\/wp-json\/wp\/v2\/types\/post"}],"author":[{"embeddable":true,"href":"https:\/\/www.europesays.com\/es\/wp-json\/wp\/v2\/users\/2"}],"replies":[{"embeddable":true,"href":"https:\/\/www.europesays.com\/es\/wp-json\/wp\/v2\/comments?post=111285"}],"version-history":[{"count":0,"href":"https:\/\/www.europesays.com\/es\/wp-json\/wp\/v2\/posts\/111285\/revisions"}],"wp:featuredmedia":[{"embeddable":true,"href":"https:\/\/www.europesays.com\/es\/wp-json\/wp\/v2\/media\/111286"}],"wp:attachment":[{"href":"https:\/\/www.europesays.com\/es\/wp-json\/wp\/v2\/media?parent=111285"}],"wp:term":[{"taxonomy":"category","embeddable":true,"href":"https:\/\/www.europesays.com\/es\/wp-json\/wp\/v2\/categories?post=111285"},{"taxonomy":"post_tag","embeddable":true,"href":"https:\/\/www.europesays.com\/es\/wp-json\/wp\/v2\/tags?post=111285"}],"curies":[{"name":"wp","href":"https:\/\/api.w.org\/{rel}","templated":true}]}}