{"id":111299,"date":"2025-09-13T01:13:20","date_gmt":"2025-09-13T01:13:20","guid":{"rendered":"https:\/\/www.europesays.com\/es\/111299\/"},"modified":"2025-09-13T01:13:20","modified_gmt":"2025-09-13T01:13:20","slug":"a-punt-emitira-este-sabado-13-de-septiembre-doble-sesion-de-toros","status":"publish","type":"post","link":"https:\/\/www.europesays.com\/es\/111299\/","title":{"rendered":"\u00c0 Punt emitir\u00e1 este s\u00e1bado 13 de septiembre doble sesi\u00f3n de toros"},"content":{"rendered":"<p><img fetchpriority=\"high\" class=\"v-a-img\" src=\"https:\/\/www.europesays.com\/es\/wp-content\/uploads\/2025\/09\/Diego Ventura (foto 3)-koTB-U2302908510734C8E-1200x840@TodoAlicante.jpg\" loading=\"eager\" decoding=\"async\" alt=\"Diego Ventura en una corrida a caballo.\"  width=\"1200\" height=\"840\"\/><\/p>\n<p>Diego Ventura en una corrida a caballo.          AP        <\/p>\n<p>La parrilla cuenta con su habitual programa &#8216;La Pla\u00e7a&#8217;, una corrida hist\u00f3rica de Rinc\u00f3n, Ponce y Barrera y el domingo, en directo desde Albacete<\/p>\n<p class=\"v-mdl-ath__p v-mdl-ath__p--6\">\nViernes, 12 de septiembre 2025, 16:00<\/p>\n<p class=\"v-p\">Este s\u00e1bado 13 de septiembre <a href=\"https:\/\/www.todoalicante.es\/sociedad\/punt-revoluciona-parrilla-arranque-curso-directos-nuevos-20250904134814-nt.html\" data-voc-vtm-id=\"in-text-traffic\" title=\"\u00c0 Punt\" rel=\"nofollow noopener\" target=\"_blank\">\u00c0 Punt<\/a> ofrecer\u00e1 una sesi\u00f3n especial para todos los aficionados de los toros. La cadena p\u00fablica ha programado una cita doble que comenzar\u00e1 a las 13 horas con la nueva entrega del programa &#8216;La Pla\u00e7a&#8217;. Esta semana el periodista Jorge Casals contar\u00e1 con im\u00e1genes in\u00e9ditas del torero Juan Ortega embolando un toro en el municipio de Burriana, entre otros reportajes. <\/p>\n<p class=\"v-p\">Despu\u00e9s, por la tarde, a partir de las 18 horas se retransmitir\u00e1 una nueva entrega de las <a href=\"https:\/\/www.todoalicante.es\/comunitat\/punt-emitira-corridas-toros-historicas-domingos-20250828155247-nt.html\" data-voc-vtm-id=\"in-text-traffic\" title=\"corridas hist\u00f3ricas\" rel=\"nofollow noopener\" target=\"_blank\">corridas hist\u00f3ricas<\/a> recuperadas del archivo de la radiotelevisi\u00f3n valenciana. En esta entrega, ser\u00e1 la correspondiente al cartel de la Feria de Julio de Val\u00e8ncia de 1995, en la que torearon C\u00e9sar Rinc\u00f3n, Enrique Ponce y Vicente Barrera. <\/p>\n<p><a href=\"http:\/\/www.todoalicante.es\/sociedad\/lalqueria-blanca-encara-desenlace-estreno-ultimos-seis-20250911161652-nt.html#vtm_modulosEngag=mod-rel:sociedad:noticia:1:cmp:2-not\" class=\"v-a-link\" title=\"L&#039;Alqueria Blanca encara su desenlace con el estreno de los \u00faltimos seis cap\u00edtulos\" rel=\"nofollow noopener\" target=\"_blank\"><br \/>\n<img decoding=\"async\" loading=\"lazy\" class=\"v-a-img\" src=\"https:\/\/s2.ppllstatics.com\/todoalicante\/www\/multimedia\/2025\/09\/11\/ALQUERIA-kVvE--366x256@TodoAlicante.jpg\" alt=\"L'Alqueria Blanca encara su desenlace con el estreno de los \u00faltimos seis cap\u00edtulos\"\/><br \/>\n<\/a><\/p>\n<p><a href=\"http:\/\/www.todoalicante.es\/comunitat\/punt-potencia-programas-produccion-propia-nueva-temporada-20250906115345-nt.html#vtm_modulosEngag=mod-rel:sociedad:noticia:2:cmp:2-not\" class=\"v-a-link\" title=\"\u00c0 Punt potencia los programas de producci\u00f3n propia en su nueva temporada\" rel=\"nofollow noopener\" target=\"_blank\"><br \/>\n<img decoding=\"async\" loading=\"lazy\" class=\"v-a-img\" src=\"https:\/\/s3.ppllstatics.com\/todoalicante\/www\/multimedia\/2025\/09\/06\/programacion_apunt%20(2)-kwiD--366x256@TodoAlicante.jpg\" alt=\"\u00c0 Punt potencia los programas de producci\u00f3n propia en su nueva temporada\"\/><br \/>\n<\/a><\/p>\n<p class=\"v-p\">Durante esos d\u00edas de Feria tanto Ponce como Barrera repitieron actuaci\u00f3n. En la primera, en el mano a mano entre los dos valencianos fue Ponce quien se llev\u00f3 el triunfo, mientras que en la segunda ocasi\u00f3n fue Barrera el que sali\u00f3 por la puerta grande. En aquella \u00e9poca hab\u00eda gran expectaci\u00f3n por ver junto a ellos al colombiano C\u00e9sar Rinc\u00f3n, que ven\u00eda de abrir la puerta grande de Las Ventas y que tambi\u00e9n manten\u00eda un pulso de figura en todas las ferias con Enrique Ponce.<\/p>\n<p class=\"v-p\">Para completar la programaci\u00f3n taurina del fin de semana, el domingo 15 de septiembre se retransmitir\u00e1 en directo la corrida de toreo a caballo desde la plaza de toros de Albacete. La cita ser\u00e1 a las 18 horas con un cartel de tres figuras, entre ellas el alicantino Andy Cartagena, que torear\u00e1 junto con Diego Ventura y Lea Vicens, con todos de Los Esparteles. El festejo estar\u00e1 narrado por el periodista Jorge Casals que en esta ocasi\u00f3n estar\u00e1 acompa\u00f1ado por el torero a caballo de Ontinyent, Pablo Donat. <\/p>\n<p>Segunda temporada de &#8216;Terra de Bous&#8217; en \u00c0 Punt R\u00e0dio<\/p>\n<p class=\"v-p\">Por otra parte, el programa &#8216;Terra de Bous&#8217;, que se emite en \u00c0 Punt R\u00e0dio los viernes de 18 a 19 horas, inicia la segunda temporada con el compromiso de dar cobertura a los novilleros y a las ferias de la Comunitat Valenciana. El programa dirigido y presentado por Germ\u00e0 Estela contar\u00e1 esta semana con dos invitados: Juan Antonio Espl\u00e1 y su hijo, Santiago Espl\u00e1, que ser\u00e1 protagonista el pr\u00f3ximo s\u00e1bado 20 de septiembre en la segunda semifinal del Circuit Valenci\u00e0 de Novillades que se celebrar\u00e1 en Algemes\u00ed en la original plaza rectangular, recientemente recuperada.<\/p>\n<p>Comenta<\/p>\n<p>Reporta un error<\/p>\n","protected":false},"excerpt":{"rendered":"Diego Ventura en una corrida a caballo. AP La parrilla cuenta con su habitual programa &#8216;La Pla\u00e7a&#8217;, una&hellip;\n","protected":false},"author":2,"featured_media":111300,"comment_status":"","ping_status":"","sticky":false,"template":"","format":"standard","meta":{"footnotes":""},"categories":[277],"tags":[373,168,7537,25,24,15371,19344,3397,1971,12202,23,167,374,444],"class_list":{"0":"post-111299","1":"post","2":"type-post","3":"status-publish","4":"format-standard","5":"has-post-thumbnail","7":"category-toreo","8":"tag-bullfighting","9":"tag-deportes","10":"tag-doble","11":"tag-es","12":"tag-espana","13":"tag-proyectara","14":"tag-punt","15":"tag-sabado","16":"tag-septiembre","17":"tag-sesion","18":"tag-spain","19":"tag-sports","20":"tag-toreo","21":"tag-toros"},"share_on_mastodon":{"url":"","error":""},"_links":{"self":[{"href":"https:\/\/www.europesays.com\/es\/wp-json\/wp\/v2\/posts\/111299","targetHints":{"allow":["GET"]}}],"collection":[{"href":"https:\/\/www.europesays.com\/es\/wp-json\/wp\/v2\/posts"}],"about":[{"href":"https:\/\/www.europesays.com\/es\/wp-json\/wp\/v2\/types\/post"}],"author":[{"embeddable":true,"href":"https:\/\/www.europesays.com\/es\/wp-json\/wp\/v2\/users\/2"}],"replies":[{"embeddable":true,"href":"https:\/\/www.europesays.com\/es\/wp-json\/wp\/v2\/comments?post=111299"}],"version-history":[{"count":0,"href":"https:\/\/www.europesays.com\/es\/wp-json\/wp\/v2\/posts\/111299\/revisions"}],"wp:featuredmedia":[{"embeddable":true,"href":"https:\/\/www.europesays.com\/es\/wp-json\/wp\/v2\/media\/111300"}],"wp:attachment":[{"href":"https:\/\/www.europesays.com\/es\/wp-json\/wp\/v2\/media?parent=111299"}],"wp:term":[{"taxonomy":"category","embeddable":true,"href":"https:\/\/www.europesays.com\/es\/wp-json\/wp\/v2\/categories?post=111299"},{"taxonomy":"post_tag","embeddable":true,"href":"https:\/\/www.europesays.com\/es\/wp-json\/wp\/v2\/tags?post=111299"}],"curies":[{"name":"wp","href":"https:\/\/api.w.org\/{rel}","templated":true}]}}