{"id":111301,"date":"2025-09-13T01:16:07","date_gmt":"2025-09-13T01:16:07","guid":{"rendered":"https:\/\/www.europesays.com\/es\/111301\/"},"modified":"2025-09-13T01:16:07","modified_gmt":"2025-09-13T01:16:07","slug":"el-minuto-a-minuto-de-la-serie-de-copa-davis-entre-argentina-y-paises-bajos","status":"publish","type":"post","link":"https:\/\/www.europesays.com\/es\/111301\/","title":{"rendered":"El minuto a minuto de la serie de Copa Davis entre Argentina y Pa\u00edses Bajos"},"content":{"rendered":"<p>12  de  sep, 2025, 18:28 ET<\/p>\n<p><strong>Argentina visita Pa\u00edses Bajos en una nueva llave de Copa Davis<\/strong>. <strong>Tom\u00e1s Etcheverry venci\u00f3 por doble 6-4 a Jesper de Jong <\/strong>y sum\u00f3 el primer punto de la serie para la delegaci\u00f3n albiceleste. <strong>Francisco Cer\u00fandolo tambi\u00e9n derrot\u00f3 en el punto 2 a Botic Van de Zandschulp y dej\u00f3 al equipo albiceleste a un paso del Final 8.<\/strong><\/p>\n<p>El equipo liderado por Javier Frana afronta la segunda ronda de la edici\u00f3n del Mundial de 2025. El minuto a minuto, a continuaci\u00f3n:<\/p>\n","protected":false},"excerpt":{"rendered":"12 de sep, 2025, 18:28 ET Argentina visita Pa\u00edses Bajos en una nueva llave de Copa Davis. Tom\u00e1s&hellip;\n","protected":false},"author":2,"featured_media":111302,"comment_status":"","ping_status":"","sticky":false,"template":"","format":"standard","meta":{"footnotes":""},"categories":[274],"tags":[168,25,24,23,167,327,326],"class_list":{"0":"post-111301","1":"post","2":"type-post","3":"status-publish","4":"format-standard","5":"has-post-thumbnail","7":"category-tenis","8":"tag-deportes","9":"tag-es","10":"tag-espana","11":"tag-spain","12":"tag-sports","13":"tag-tenis","14":"tag-tennis"},"share_on_mastodon":{"url":"","error":""},"_links":{"self":[{"href":"https:\/\/www.europesays.com\/es\/wp-json\/wp\/v2\/posts\/111301","targetHints":{"allow":["GET"]}}],"collection":[{"href":"https:\/\/www.europesays.com\/es\/wp-json\/wp\/v2\/posts"}],"about":[{"href":"https:\/\/www.europesays.com\/es\/wp-json\/wp\/v2\/types\/post"}],"author":[{"embeddable":true,"href":"https:\/\/www.europesays.com\/es\/wp-json\/wp\/v2\/users\/2"}],"replies":[{"embeddable":true,"href":"https:\/\/www.europesays.com\/es\/wp-json\/wp\/v2\/comments?post=111301"}],"version-history":[{"count":0,"href":"https:\/\/www.europesays.com\/es\/wp-json\/wp\/v2\/posts\/111301\/revisions"}],"wp:featuredmedia":[{"embeddable":true,"href":"https:\/\/www.europesays.com\/es\/wp-json\/wp\/v2\/media\/111302"}],"wp:attachment":[{"href":"https:\/\/www.europesays.com\/es\/wp-json\/wp\/v2\/media?parent=111301"}],"wp:term":[{"taxonomy":"category","embeddable":true,"href":"https:\/\/www.europesays.com\/es\/wp-json\/wp\/v2\/categories?post=111301"},{"taxonomy":"post_tag","embeddable":true,"href":"https:\/\/www.europesays.com\/es\/wp-json\/wp\/v2\/tags?post=111301"}],"curies":[{"name":"wp","href":"https:\/\/api.w.org\/{rel}","templated":true}]}}