{"id":111303,"date":"2025-09-13T01:17:08","date_gmt":"2025-09-13T01:17:08","guid":{"rendered":"https:\/\/www.europesays.com\/es\/111303\/"},"modified":"2025-09-13T01:17:08","modified_gmt":"2025-09-13T01:17:08","slug":"benjamin-noval-joya-ciclismo-espanol-2","status":"publish","type":"post","link":"https:\/\/www.europesays.com\/es\/111303\/","title":{"rendered":"BENJAM\u00cdN NOVAL JOYA CICLISMO ESPA\u00d1OL"},"content":{"rendered":"<p class=\"ft-text\">El ciclista asturiano <a class=\"ft-link ft-link--decoration\" href=\"https:\/\/www.lne.es\/deportes\/deporte-astur\/2025\/08\/31\/benjamin-noval-vuelve-ultima-carrera-121110516.html\" rel=\"nofollow noopener\" target=\"_blank\">Benjam\u00edn Noval,<\/a> del equipo MMR Academy, volvi\u00f3 a sumar una victoria en su espectacular primera temporada junior. <strong>Lo hizo en la primera etapa de la Challenge Subb\u00e9tica, con salida y llegada en la localidad cordobesa de Lucena. <\/strong>El de Laviana se coloca as\u00ed l\u00edder de la general, seguido de su compa\u00f1ero de equipo Mikel Sanz. El asturiano comanda la carrera con el mismo tiempo del propio <strong>Mikel Sanz y de Jaime Torres. <\/strong><\/p>\n<p class=\"ft-text\">Benjam\u00edn Noval,<strong> actual campe\u00f3n de Espa\u00f1a junior,<\/strong> est\u00e1 ultimando su preparaci\u00f3n para los campeonatos del Mundo, que <strong>se disputar\u00e1n en Ruanda entre el 21 y el 28 de este mes de septiembre<\/strong>. <a class=\"ft-link ft-link--decoration\" href=\"https:\/\/www.lne.es\/deportes\/deporte-astur\/2025\/09\/12\/benjamin-noval-liderara-seleccion-espanola-121483247.html\" rel=\"nofollow noopener\" target=\"_blank\"><strong>Noval, que ser\u00e1 la gran apuesta del equipo espa\u00f1ol, correr\u00e1 tanto la prueba en ruta como la contrarreloj<\/strong><\/a><strong>. <\/strong>El de Laviana, junior de primer a\u00f1o, est\u00e1 entre los favoritos para acabar en una buena posici\u00f3n.<\/p>\n","protected":false},"excerpt":{"rendered":"El ciclista asturiano Benjam\u00edn Noval, del equipo MMR Academy, volvi\u00f3 a sumar una victoria en su espectacular primera&hellip;\n","protected":false},"author":2,"featured_media":111304,"comment_status":"","ping_status":"","sticky":false,"template":"","format":"standard","meta":{"footnotes":""},"categories":[273],"tags":[12232,28980,5141,313,1757,312,168,25,24,74,205,31573,17656,23,167],"class_list":{"0":"post-111303","1":"post","2":"type-post","3":"status-publish","4":"format-standard","5":"has-post-thumbnail","7":"category-ciclismo","8":"tag-asturiano","9":"tag-benjamin","10":"tag-camino","11":"tag-ciclismo","12":"tag-ciclista","13":"tag-cycling","14":"tag-deportes","15":"tag-es","16":"tag-espana","17":"tag-israel","18":"tag-madrid","19":"tag-noval","20":"tag-premier","21":"tag-spain","22":"tag-sports"},"share_on_mastodon":{"url":"","error":""},"_links":{"self":[{"href":"https:\/\/www.europesays.com\/es\/wp-json\/wp\/v2\/posts\/111303","targetHints":{"allow":["GET"]}}],"collection":[{"href":"https:\/\/www.europesays.com\/es\/wp-json\/wp\/v2\/posts"}],"about":[{"href":"https:\/\/www.europesays.com\/es\/wp-json\/wp\/v2\/types\/post"}],"author":[{"embeddable":true,"href":"https:\/\/www.europesays.com\/es\/wp-json\/wp\/v2\/users\/2"}],"replies":[{"embeddable":true,"href":"https:\/\/www.europesays.com\/es\/wp-json\/wp\/v2\/comments?post=111303"}],"version-history":[{"count":0,"href":"https:\/\/www.europesays.com\/es\/wp-json\/wp\/v2\/posts\/111303\/revisions"}],"wp:featuredmedia":[{"embeddable":true,"href":"https:\/\/www.europesays.com\/es\/wp-json\/wp\/v2\/media\/111304"}],"wp:attachment":[{"href":"https:\/\/www.europesays.com\/es\/wp-json\/wp\/v2\/media?parent=111303"}],"wp:term":[{"taxonomy":"category","embeddable":true,"href":"https:\/\/www.europesays.com\/es\/wp-json\/wp\/v2\/categories?post=111303"},{"taxonomy":"post_tag","embeddable":true,"href":"https:\/\/www.europesays.com\/es\/wp-json\/wp\/v2\/tags?post=111303"}],"curies":[{"name":"wp","href":"https:\/\/api.w.org\/{rel}","templated":true}]}}