{"id":111320,"date":"2025-09-13T01:27:13","date_gmt":"2025-09-13T01:27:13","guid":{"rendered":"https:\/\/www.europesays.com\/es\/111320\/"},"modified":"2025-09-13T01:27:13","modified_gmt":"2025-09-13T01:27:13","slug":"una-espuela-bestial-de-aitana-inicia-otra-goleada-blaugrana","status":"publish","type":"post","link":"https:\/\/www.europesays.com\/es\/111320\/","title":{"rendered":"Una espuela bestial de Aitana inicia otra goleada blaugrana"},"content":{"rendered":"<p class=\"ft-text\">Tercera jornada liguera para el Bar\u00e7a y tercer festival del equipo de Pere Romeu. <strong>Solo la falta de efectividad evit\u00f3 que el resultado fuera m\u00e1s escandaloso.<\/strong> El Bar\u00e7a marc\u00f3 cuatro goles pero pudieron ser much\u00edsimos m\u00e1s. La portera Miralles se luci\u00f3 con grandes intervenciones y en otras acciones falt\u00f3 ese punto de finura en el remate final.<\/p>\n<p class=\"ft-text\">Defender bien contra el Bar\u00e7a es la premisa de los equipos que llegan al Johan Cruyff con escasas esperanzas de arrancar al menos un empate. El<strong> equipo riojano logr\u00f3 resistir 20 minutos pero el golazo de Aitana dej\u00f3 sin argumentos a las mujeres de H\u00e9ctor Blanco<\/strong>.<\/p>\n<p class=\"ft-text\">A primera vista, el 1-0 pudo parecer un remate forzado o afortunado pero en realidad fue toda una obra de arte.<strong> La capacidad de Aitana para marcar de espuela en una acci\u00f3n de &#8216;medio escorpi\u00f3n&#8217; es de aquellas jugadas para ver repetidas en bucle. <\/strong><\/p>\n<p><img decoding=\"async\" src=\"https:\/\/www.europesays.com\/es\/wp-content\/uploads\/2025\/09\/aaa0a1a3-884c-4379-ac98-b671d7d529e2_alta-libre-aspect-ratio_default_0.jpg\" width=\"1200\" height=\"675\" alt=\"Aitana celebr\u00f3 as\u00ed su primer gol\" class=\"ft-helper-img-rd\" loading=\"lazy\" hasdataaida=\"true\"\/><\/p>\n<p class=\"ft-helper-fontColor-quaternary ft-helper-fontSize-body-S ft-helper-spacer-t-xxs\">Aitana celebr\u00f3 as\u00ed su primer gol  \/ Dani Barbeito<\/p>\n<p class=\"ft-text\">La mejor jugadora del mundo lo es porque nunca se conforma y dos minutos despu\u00e9s de una obra de arte sigui\u00f3 con otro bonito gol para liquidar cualquier aspiraci\u00f3n de las riojanas.<\/p>\n<p><img decoding=\"async\" src=\"https:\/\/www.europesays.com\/es\/wp-content\/uploads\/2025\/09\/51d4bf65-f923-42d8-9277-bb42a7bc2363_alta-libre-aspect-ratio_default_0.jpg\" width=\"1200\" height=\"675\" alt=\"Aitana anota aqu\u00ed el segundo gol\" class=\"ft-helper-img-rd\" loading=\"lazy\" hasdataaida=\"true\"\/><\/p>\n<p class=\"ft-helper-fontColor-quaternary ft-helper-fontSize-body-S ft-helper-spacer-t-xxs\">Aitana anota aqu\u00ed el segundo gol  \/ Dani Barbeito<\/p>\n<p class=\"ft-text\"><strong>El chut exterior de Aitana encontraba el premio y no era casual porque sus compa\u00f1eras lo hab\u00edan probado una y otra vez<\/strong>. Brugts y Pina fueron las m\u00e1s insistentes pero la jugadora m\u00e1s regular e inspirada fue otra vez m\u00e1s Patri Gujarro. La mediocentro blaugrana se invent\u00f3 un pase con el exterior que no perdon\u00f3 la &#8216;terminator&#8217; Pajor.<\/p>\n<p class=\"ft-text\">El Dux Logro\u00f1o apenas super\u00f3 tres veces el centro del campo en la primera mitad. En la reanudaci\u00f3n el ritmo decreci\u00f3 pero el Bar\u00e7a sigui\u00f3 buscando con ambici\u00f3n m\u00e1s goles.<\/p>\n<p class=\"ft-text\"><strong>Aitana tuvo cerca el hat-trick pero el cuarto gol lleg\u00f3 en un c\u00f3rner mal defendido que aprovech\u00f3 Kika Nazareth con un remate de cabeza preciso<\/strong>.<\/p>\n<p><img decoding=\"async\" src=\"https:\/\/www.europesays.com\/es\/wp-content\/uploads\/2025\/09\/9cf6ce34-1ddb-4fae-bfca-8ded8534cfb8_alta-libre-aspect-ratio_default_0.jpg\" width=\"1200\" height=\"675\" alt=\"El Bar\u00e7a celebr\u00f3 muchos goles contra el logro\u00f1o\" class=\"ft-helper-img-rd\" loading=\"lazy\" hasdataaida=\"true\"\/><\/p>\n<p class=\"ft-helper-fontColor-quaternary ft-helper-fontSize-body-S ft-helper-spacer-t-xxs\">El Bar\u00e7a celebr\u00f3 muchos goles contra el logro\u00f1o  \/ Dani Barbeito<\/p>\n<p class=\"ft-text\">La insistencia blaugrana tuvo un cap\u00edtulo brillante en un saque de esquina de Mapi Le\u00f3n que no acab\u00f3 en gol ol\u00edmpico de milagro. La \u00fanica nota negatiova fue la sustituci\u00f3n de Claudia Pina que se fue lesionada.<\/p>\n<p><img decoding=\"async\" src=\"https:\/\/www.europesays.com\/es\/wp-content\/uploads\/2025\/09\/dd31e4f9-092b-45bc-853c-2e0559f729b6_alta-libre-aspect-ratio_default_0.jpg\" width=\"1200\" height=\"675\" alt=\"Romeu consol\u00f3 a Claudia Pina\" class=\"ft-helper-img-rd\" loading=\"lazy\" hasdataaida=\"true\"\/><\/p>\n<p class=\"ft-helper-fontColor-quaternary ft-helper-fontSize-body-S ft-helper-spacer-t-xxs\">Romeu consol\u00f3 a Claudia Pina  \/ Dani Barbeito<\/p>\n<p class=\"ft-text\">El Bar\u00e7a pudo permitirse el lujo de probar a Salma Paralluelo como lateral en la izquierda en un rol tan ofensivo que no se aleja demasiado de la funci\u00f3n de un extremo. <strong>Salma fue homenajeada al final del partido por disputar su partido 100 de blaugrana<\/strong>.<\/p>\n<p class=\"ft-text\">En los \u00faltimos instantes el p\u00fablico se impacient\u00f3 con los cinco minutos que se tom\u00f3 la colegiada para revisar un penalti claro a Kika que acab\u00f3 no se\u00f1al\u00e1ndolo.<\/p>\n","protected":false},"excerpt":{"rendered":"Tercera jornada liguera para el Bar\u00e7a y tercer festival del equipo de Pere Romeu. Solo la falta de&hellip;\n","protected":false},"author":2,"featured_media":111321,"comment_status":"","ping_status":"","sticky":false,"template":"","format":"standard","meta":{"footnotes":""},"categories":[93],"tags":[2296,168,25,24,6173,23,167],"class_list":{"0":"post-111320","1":"post","2":"type-post","3":"status-publish","4":"format-standard","5":"has-post-thumbnail","7":"category-deportes","8":"tag-barca","9":"tag-deportes","10":"tag-es","11":"tag-espana","12":"tag-logrono","13":"tag-spain","14":"tag-sports"},"share_on_mastodon":{"url":"","error":""},"_links":{"self":[{"href":"https:\/\/www.europesays.com\/es\/wp-json\/wp\/v2\/posts\/111320","targetHints":{"allow":["GET"]}}],"collection":[{"href":"https:\/\/www.europesays.com\/es\/wp-json\/wp\/v2\/posts"}],"about":[{"href":"https:\/\/www.europesays.com\/es\/wp-json\/wp\/v2\/types\/post"}],"author":[{"embeddable":true,"href":"https:\/\/www.europesays.com\/es\/wp-json\/wp\/v2\/users\/2"}],"replies":[{"embeddable":true,"href":"https:\/\/www.europesays.com\/es\/wp-json\/wp\/v2\/comments?post=111320"}],"version-history":[{"count":0,"href":"https:\/\/www.europesays.com\/es\/wp-json\/wp\/v2\/posts\/111320\/revisions"}],"wp:featuredmedia":[{"embeddable":true,"href":"https:\/\/www.europesays.com\/es\/wp-json\/wp\/v2\/media\/111321"}],"wp:attachment":[{"href":"https:\/\/www.europesays.com\/es\/wp-json\/wp\/v2\/media?parent=111320"}],"wp:term":[{"taxonomy":"category","embeddable":true,"href":"https:\/\/www.europesays.com\/es\/wp-json\/wp\/v2\/categories?post=111320"},{"taxonomy":"post_tag","embeddable":true,"href":"https:\/\/www.europesays.com\/es\/wp-json\/wp\/v2\/tags?post=111320"}],"curies":[{"name":"wp","href":"https:\/\/api.w.org\/{rel}","templated":true}]}}