{"id":111335,"date":"2025-09-13T01:36:14","date_gmt":"2025-09-13T01:36:14","guid":{"rendered":"https:\/\/www.europesays.com\/es\/111335\/"},"modified":"2025-09-13T01:36:14","modified_gmt":"2025-09-13T01:36:14","slug":"gimenez-movio-el-arbol-y-castella-se-llevo-los-mejores-frutos","status":"publish","type":"post","link":"https:\/\/www.europesays.com\/es\/111335\/","title":{"rendered":"Gim\u00e9nez movi\u00f3 el \u00e1rbol y Castella se llev\u00f3 los mejores frutos"},"content":{"rendered":"<p>El arranque de la cuarta de abono, tras el arrastre de los dos primeros toros, parec\u00eda un d\u00eda m\u00e1s en la oficina para Castella y Perera, pero con el tercero de la tarde, un dispuesto Borja Gim\u00e9nez movi\u00f3 el \u00e1rbol y con su faena se llev\u00f3 una oreja al esport\u00f3n, aunque los mejores frutos fueron a parar a la cesta del diestro franc\u00e9s, al que le correspondi\u00f3 en suerte el mejor toro de la tarde, el bravo cuarto, premiado con la vuelta al ruedo y al que el torero desorej\u00f3 en una buena faena en la que pudo y deb\u00eda llegar a cotas m\u00e1s altas. Ah\u00ed el \u00e1rbol de Santiago Domecq se qued\u00f3 ya sin m\u00e1s frutos y para Perera, que se fue de vac\u00edo, fue la cruz de la tarde.<\/p>\n<p>Con lances a la ver\u00f3nica recibi\u00f3 Castella al primero de la tarde, que se quedaba corto y al que, tras el paso por el caballo en el que recibi\u00f3 un puyazo en el que empuj\u00f3, le realiz\u00f3 un quite por chicuelinas, tafalleras y rematado con la revolera. Tras lucir Raphael Viotti en banderillas, inici\u00f3 su faena con estatuarios y muletazos con la derecha, pre\u00e1mbulo de una intensa serie en redondo, con el toro entregado en la muleta de un Castella que ciment\u00f3 su labor sobre la diestra, ligando los muletazos, pero siempre muy aliviado. Peor condici\u00f3n tuvo el toro por el pit\u00f3n izquierdo, cost\u00e1ndole m\u00e1s repetir en el enga\u00f1o, por lo que volvi\u00f3 a la derecha, con el noble astado ya con menos recorrido. Remat\u00f3 con sus habituales manoletinas y rubric\u00f3 su labor con una estocada trasera y ca\u00edda que fue suficiente para acabar con el primero de la tarde.<\/p>\n<p><strong>Un gran toro.<\/strong> La actuaci\u00f3n de Castella con el cuarto, respecto a la del primero, fue comparar el d\u00eda con la noche, en toreo, en actitud y, no menos importante, en condici\u00f3n del astado, que acab\u00f3 siendo premiado con la vuelta al ruedo. Lo recibi\u00f3 el diestro con lances a la ver\u00f3nica y el toro tom\u00f3 con celo el capote, antes de un puyazo en el que empuj\u00f3 con un pit\u00f3n y de un tercio de banderillas en el que apret\u00f3. Lo vio claro Castella quien, tras brindar al respetable, en los medios, sin enmendarse le recet\u00f3 tres ajustad\u00edsimos pases cambiados, rematando la serie con gusto con el de desprecio. Con la derecha, m\u00e1s ajustado en esta ocasi\u00f3n, lig\u00f3 dos intensas series en redondo ante un toro que s\u00f3lo ve\u00eda muleta y, aunque por el pit\u00f3n izquierdo le cost\u00f3 m\u00e1s repetir, tambi\u00e9n tom\u00f3 el enga\u00f1o con franqueza. Era faena para seguir luciendo la gran embestida del astado, pero Castella decidi\u00f3 recurrir a la distancia corta, donde tan bien se desenvuelve y tanto cala en los tendidos, con la guinda de ajustadas bernadinas rematadas con un interminable natural y el pase de pecho. Dej\u00f3 una estocada perpendicular y desprendida que fue suficiente para que el toro doblase y los tendidos se llenasen de pa\u00f1uelos. Dos orejas para el diestro y pa\u00f1uelo azul y vuelta al ruedo para el toro.<\/p>\n<p>Peor condici\u00f3n tuvo de salida el segundo de la tarde, suelto y echando la cara arriba en el capote de un Perera que apenas se pudo estirar, en el caballo recibi\u00f3 un puyacito y en banderillas, adornadas con las banderas de Extremadura y Espa\u00f1a, apret\u00f3. Brindis al cielo de Perera, al maestro D\u00e1maso Gonz\u00e1lez, y tras el trasteo inicial con la muleta, se sucedieron las series por ambos pitones, aliviado y sin terminar de acoplarse con el astado, protest\u00f3n y que enganch\u00f3 en demas\u00eda el enga\u00f1o del de Puebla de Prior, que logr\u00f3 los mejores pasajes de su faena en un par de naturales templados y hondos, pero sin continuidad en una labor muy desigual. Dej\u00f3 una estocada atravesada con la que despach\u00f3 al astado.\u00a0<\/p>\n<p>M\u00e1s prometedor fue el inicio de Perera con el quinto, al que recibi\u00f3 con buenos lances a la ver\u00f3nica, rematados con una buena media y la revolera. La faena, tambi\u00e9n tuvo un inicio intenso, con dos pases cambiados en los medios, pero cuando comenz\u00f3 a torear con la diestra se vio que poco futuro hab\u00eda, m\u00e1s por un toro blando, sin clase y al que le cost\u00f3 repetir que por la voluntad del diestro, que lo intent\u00f3 por ambos pitones e incluso se llev\u00f3 alg\u00fan susto en las coladas del Domecq. Despach\u00f3 al astado con una estocada desprendida y el p\u00fablico le ovacion\u00f3 en reconocimiento a su buena disposici\u00f3n.<\/p>\n<p>Luci\u00f3 el de Espartinas con el capote en el saludo al tercero de la tarde, con dos ver\u00f3nicas de bella factura, casi a c\u00e1mara lenta, y la pena fue que el toro, en su af\u00e1n por perseguir el enga\u00f1o clav\u00f3 los pitones en el ruedo y dio una vuelta de campana. Buen aperitivo para una faena que inici\u00f3 Borja Gim\u00e9nez en los medios, con dos ajustados pases cambiados que precedieron a una intensa serie con la mano derecha, con temple y ligaz\u00f3n, seguida por otro con mucho mando, pero en la que el toro ya se qued\u00f3 m\u00e1s corto en sus embestidas, por lo que el diestro le dio tiempo entre serie y serie. A partir de ah\u00ed baj\u00f3 de tono la faena, con buenos pasajes, pero menos conjunci\u00f3n, sobre todo en el toreo al natural, qued\u00e1ndose el toro a mitad del viaje. Dej\u00f3 una estocada un poco trasera que fue suficiente para que el toro doblase.<\/p>\n<p>Peor condici\u00f3n apunt\u00f3 el segundo enemigo de Borja Gim\u00e9nez en los primeros tercios y lo confirm\u00f3 en la muleta, aunque un voluntarioso diestro lo intent\u00f3 por los dos pitones ante un toro sin clase ni entrega, pero poco m\u00e1s que muletazos sueltos pudo arrancar. Y para remate, estuvo desacertado con los aceros.<\/p>\n<p><strong>FICHA:<\/strong><\/p>\n<p><strong>Ganader\u00eda.\u00a0<\/strong>\u00a0Se lidiaron toros de Santiago Domecq, bien presentados y desiguales de juego, siendo el mejor el cuarto, premiado con la vuelta al ruedo.<\/p>\n<p><strong>Sebasti\u00e1n Castella<\/strong>. Corinto y oro. Ovaci\u00f3n y dos orejas.<\/p>\n<p><strong>Miguel \u00c1ngel Perera.<\/strong>\u00a0Corinto y oro. Palmas y ovaci\u00f3n.<\/p>\n<p><strong>Borja Gim\u00e9nez.<\/strong>\u00a0Gris perla y oro. Una oreja y silencio.<\/p>\n<p><strong>Incidencias.<\/strong> La plaza registr\u00f3 tres cuartos de entrada.<\/p>\n","protected":false},"excerpt":{"rendered":"El arranque de la cuarta de abono, tras el arrastre de los dos primeros toros, parec\u00eda un d\u00eda&hellip;\n","protected":false},"author":2,"featured_media":111336,"comment_status":"","ping_status":"","sticky":false,"template":"","format":"standard","meta":{"footnotes":""},"categories":[277],"tags":[373,168,25,24,7234,1949,23,167,625,374,444],"class_list":{"0":"post-111335","1":"post","2":"type-post","3":"status-publish","4":"format-standard","5":"has-post-thumbnail","7":"category-toreo","8":"tag-bullfighting","9":"tag-deportes","10":"tag-es","11":"tag-espana","12":"tag-extremadura","13":"tag-ganaderia","14":"tag-spain","15":"tag-sports","16":"tag-tauromaquia","17":"tag-toreo","18":"tag-toros"},"share_on_mastodon":{"url":"","error":""},"_links":{"self":[{"href":"https:\/\/www.europesays.com\/es\/wp-json\/wp\/v2\/posts\/111335","targetHints":{"allow":["GET"]}}],"collection":[{"href":"https:\/\/www.europesays.com\/es\/wp-json\/wp\/v2\/posts"}],"about":[{"href":"https:\/\/www.europesays.com\/es\/wp-json\/wp\/v2\/types\/post"}],"author":[{"embeddable":true,"href":"https:\/\/www.europesays.com\/es\/wp-json\/wp\/v2\/users\/2"}],"replies":[{"embeddable":true,"href":"https:\/\/www.europesays.com\/es\/wp-json\/wp\/v2\/comments?post=111335"}],"version-history":[{"count":0,"href":"https:\/\/www.europesays.com\/es\/wp-json\/wp\/v2\/posts\/111335\/revisions"}],"wp:featuredmedia":[{"embeddable":true,"href":"https:\/\/www.europesays.com\/es\/wp-json\/wp\/v2\/media\/111336"}],"wp:attachment":[{"href":"https:\/\/www.europesays.com\/es\/wp-json\/wp\/v2\/media?parent=111335"}],"wp:term":[{"taxonomy":"category","embeddable":true,"href":"https:\/\/www.europesays.com\/es\/wp-json\/wp\/v2\/categories?post=111335"},{"taxonomy":"post_tag","embeddable":true,"href":"https:\/\/www.europesays.com\/es\/wp-json\/wp\/v2\/tags?post=111335"}],"curies":[{"name":"wp","href":"https:\/\/api.w.org\/{rel}","templated":true}]}}