{"id":111337,"date":"2025-09-13T01:39:12","date_gmt":"2025-09-13T01:39:12","guid":{"rendered":"https:\/\/www.europesays.com\/es\/111337\/"},"modified":"2025-09-13T01:39:12","modified_gmt":"2025-09-13T01:39:12","slug":"he-pasado-por-un-trauma-y-no-puedo-prometer","status":"publish","type":"post","link":"https:\/\/www.europesays.com\/es\/111337\/","title":{"rendered":"He pasado por un trauma y no puedo prometer&#8230;"},"content":{"rendered":"<p class=\"L6-news-detail__text\"><b>Stefano Tsitsip\u00e1s<\/b> est\u00e1 desaparecido del mapa ten\u00edstico. El de Atenas est\u00e1 muy lejos de conseguir resultados competitivos y, en lo personal, asegura haber tenido serios problemas de <b>salud mental<\/b> debido a su rendimiento deportivo.<\/p>\n<p class=\"L6-news-detail__text\">Cabe recordar que no ha pasado de segunda ronda en ning\u00fan &#8216;<b><a title=\"Grand Slam\" href=\"https:\/\/www.lasexta.com\/noticias\/deportes\/tenis\/dura-critica-leyenda-tenis-dominio-alcaraz-sinner-molesta-que-conforman_2025091268c4160dca99f73feeee5cf4.html\" target=\"_blank\" rel=\"nofollow noopener\">Grand Slam<\/a><\/b>&#8216; esta temporada. En Australia cay\u00f3 en primera ronda, en Par\u00eds solo pudo alcanzar la segunda. Por si fuera poco, en Wimbledon se tuvo que retirar en su primer duelo y en el <b><a title=\"US Open\" href=\"https:\/\/www.lasexta.com\/noticias\/deportes\/tenis\/icono-tenis-que-explica-aparicion-alcaraz-retirada-nadal-ilogico_2025091268c40607d8e27966644ecc71.html\" target=\"_blank\" rel=\"nofollow noopener\">US Open<\/a><\/b> puso fin a su andadura en segunda ronda.<\/p>\n<p class=\"L6-news-detail__text\"><b>Tsitsip\u00e1s<\/b> ha confesado, en declaraciones para los medios presentes en la <b>Copa Davis<\/b>, lo mal que lo ha pasado estos \u00faltimos meses: \u00abEntrar a un partido y sentir molestias inmediatamente es algo <b>que me destroza an\u00edmicamente<\/b>. Llevo tiempo dedicando much\u00edsimo esfuerzo y trabajando incontables horas para recuperarme\u00bb.<\/p>\n<p class=\"L6-news-detail__text\">\u00abMentalmente, ver que no est\u00e1s en condiciones de competir despu\u00e9s de todo eso, <b>me desestabiliza profundamente. He pasado por un trauma \u00faltimamente<\/b> y no puedo prometer demasiado respecto a lo que pueda hacer en esta eliminatoria de Copa Davis\u00bb, ha asegurado Stefanos.<\/p>\n<p class=\"L6-news-detail__text\">El griego tambi\u00e9n se\u00f1al\u00f3 lo dura que fue su eliminaci\u00f3n del pasado <b>US Open<\/b>: \u00abEl US Open fue complicado para m\u00ed porque sal\u00ed a la cancha con muchas dudas de si podr\u00eda terminar mi primer partido. Experiment\u00e9 <b>pensamientos muy negativos<\/b> porque esperaba estar mucho mejor de la lesi\u00f3n de espalda\u00bb.<\/p>\n<p class=\"L6-news-detail__text\">\u00abCon Altmaier necesit\u00e9 atenci\u00f3n m\u00e9dica en dos ocasiones y la verdad es que llevo semanas en las que <b>me han sucedido muchas cosas desagradables<\/b> de las cuales la gente no tiene ni idea\u00bb, a\u00f1ade.<\/p>\n<p class=\"L6-support-news-video__title\">Es un Dallara GP2\/08<\/p>\n<p>            <a href=\"https:\/\/www.lasexta.com\/noticias\/deportes\/motor\/formula1\/impactante-detencion-formula-1-callejero-seis-anos-busqueda_2025090968c03c7c02666d2324a05e6c.html\" class=\"L6-news__link\" rel=\"nofollow noopener\" target=\"_blank\"><br \/>\n                Impactante detenci\u00f3n del &#8216;F\u00f3rmula 1 callejero&#8217; tras seis a\u00f1os de b\u00fasqueda<\/p>\n<p class=\"recirculation-video-desc\">El conductor, de 51 a\u00f1os, fue interceptado en el municipio de Buk, a unos 60 kil\u00f3metros de Praga.<\/p>\n<p>            <\/a><\/p>\n","protected":false},"excerpt":{"rendered":"Stefano Tsitsip\u00e1s est\u00e1 desaparecido del mapa ten\u00edstico. El de Atenas est\u00e1 muy lejos de conseguir resultados competitivos y,&hellip;\n","protected":false},"author":2,"featured_media":111338,"comment_status":"","ping_status":"","sticky":false,"template":"","format":"standard","meta":{"footnotes":""},"categories":[274],"tags":[168,25,24,23,167,327,326],"class_list":{"0":"post-111337","1":"post","2":"type-post","3":"status-publish","4":"format-standard","5":"has-post-thumbnail","7":"category-tenis","8":"tag-deportes","9":"tag-es","10":"tag-espana","11":"tag-spain","12":"tag-sports","13":"tag-tenis","14":"tag-tennis"},"share_on_mastodon":{"url":"","error":""},"_links":{"self":[{"href":"https:\/\/www.europesays.com\/es\/wp-json\/wp\/v2\/posts\/111337","targetHints":{"allow":["GET"]}}],"collection":[{"href":"https:\/\/www.europesays.com\/es\/wp-json\/wp\/v2\/posts"}],"about":[{"href":"https:\/\/www.europesays.com\/es\/wp-json\/wp\/v2\/types\/post"}],"author":[{"embeddable":true,"href":"https:\/\/www.europesays.com\/es\/wp-json\/wp\/v2\/users\/2"}],"replies":[{"embeddable":true,"href":"https:\/\/www.europesays.com\/es\/wp-json\/wp\/v2\/comments?post=111337"}],"version-history":[{"count":0,"href":"https:\/\/www.europesays.com\/es\/wp-json\/wp\/v2\/posts\/111337\/revisions"}],"wp:featuredmedia":[{"embeddable":true,"href":"https:\/\/www.europesays.com\/es\/wp-json\/wp\/v2\/media\/111338"}],"wp:attachment":[{"href":"https:\/\/www.europesays.com\/es\/wp-json\/wp\/v2\/media?parent=111337"}],"wp:term":[{"taxonomy":"category","embeddable":true,"href":"https:\/\/www.europesays.com\/es\/wp-json\/wp\/v2\/categories?post=111337"},{"taxonomy":"post_tag","embeddable":true,"href":"https:\/\/www.europesays.com\/es\/wp-json\/wp\/v2\/tags?post=111337"}],"curies":[{"name":"wp","href":"https:\/\/api.w.org\/{rel}","templated":true}]}}