{"id":111345,"date":"2025-09-13T01:46:08","date_gmt":"2025-09-13T01:46:08","guid":{"rendered":"https:\/\/www.europesays.com\/es\/111345\/"},"modified":"2025-09-13T01:46:08","modified_gmt":"2025-09-13T01:46:08","slug":"marta-cervino-publica-no-hay-tendencias-nuevas-en-madagascar-su-segundo-libro","status":"publish","type":"post","link":"https:\/\/www.europesays.com\/es\/111345\/","title":{"rendered":"Marta Cervi\u00f1o publica \u201cNo hay tendencias nuevas en Madagascar\u201d, su segundo libro"},"content":{"rendered":"<p>La escritora y editora Marta Cervi\u00f1o Solana, residente en Alc\u00e1zar de San Juan desde hace tres a\u00f1os, ha publicado en 2025 su segunda novela, \u201cNo hay tendencias nuevas en Madagascar\u201d. La obra vio la luz en formato digital el pasado mes de mayo y desde agosto ya est\u00e1 disponible tambi\u00e9n en edici\u00f3n impresa a trav\u00e9s de Amazon, plataforma con la que trabaja el sello de HarperCollins con el que ha sido editada.<\/p>\n<p>Se trata de una novela rom\u00e1ntica con tintes de misterio que sit\u00faa al lector en un peque\u00f1o pueblo ficticio de Cantabria, inspirado en las aldeas de la zona de Castro Urdiales. El protagonista, un detective madrile\u00f1o, llega a investigar un caso en este entorno rural y se enfrenta no solo al fr\u00edo norte\u00f1o, sino tambi\u00e9n al choque cultural entre la vida en la gran ciudad y el calor humano de las comunidades peque\u00f1as.<\/p>\n<p>\u201cQuer\u00eda reflejar la diferencia de vivir en un pueblo y la acogida que puedes encontrar all\u00ed, en contraste con la frialdad de las grandes ciudades\u201d, explica Cervi\u00f1o, que reconoce haber volcado parte de su propia experiencia vital en el personaje principal.<\/p>\n<p>La autora, que compagina la escritura con su labor como editora y correctora freelance, se\u00f1ala que publicar no es tan dif\u00edcil como puede parecer, pero s\u00ed lo es encontrar una editorial que apueste de verdad por la obra y cuide al autor. \u201cQue te publiquen muchas veces depende m\u00e1s de tus seguidores en redes sociales que de la calidad de tu manuscrito\u201d, afirma.<\/p>\n<p>Con esta nueva novela, Marta Cervi\u00f1o no solo reafirma su voz dentro del panorama narrativo actual, sino que tambi\u00e9n nos recuerda que en los m\u00e1rgenes de la Espa\u00f1a vaciada laten relatos universales: los del amor, la esperanza y la necesidad de sentirse parte de un lugar.<\/p>\n<p>Este es el segundo libro de Marta Cervi\u00f1o, tras \u201cEl precio de un \u00e1ngel de cobre\u201d, finalista del prestigioso Premio Gran Angular en 2018. Mientras promociona \u201cNo hay tendencias nuevas en Madagascar\u201d, la autora ya trabaja en nuevas ideas y proyectos literarios.<\/p>\n","protected":false},"excerpt":{"rendered":"La escritora y editora Marta Cervi\u00f1o Solana, residente en Alc\u00e1zar de San Juan desde hace tres a\u00f1os, ha&hellip;\n","protected":false},"author":2,"featured_media":111346,"comment_status":"","ping_status":"","sticky":false,"template":"","format":"standard","meta":{"footnotes":""},"categories":[172],"tags":[24713,224,146,147,25,24,225,37941,23],"class_list":{"0":"post-111345","1":"post","2":"type-post","3":"status-publish","4":"format-standard","5":"has-post-thumbnail","7":"category-libros","8":"tag-alcazar","9":"tag-books","10":"tag-entertainment","11":"tag-entretenimiento","12":"tag-es","13":"tag-espana","14":"tag-libros","15":"tag-marta-cervino","16":"tag-spain"},"share_on_mastodon":{"url":"","error":""},"_links":{"self":[{"href":"https:\/\/www.europesays.com\/es\/wp-json\/wp\/v2\/posts\/111345","targetHints":{"allow":["GET"]}}],"collection":[{"href":"https:\/\/www.europesays.com\/es\/wp-json\/wp\/v2\/posts"}],"about":[{"href":"https:\/\/www.europesays.com\/es\/wp-json\/wp\/v2\/types\/post"}],"author":[{"embeddable":true,"href":"https:\/\/www.europesays.com\/es\/wp-json\/wp\/v2\/users\/2"}],"replies":[{"embeddable":true,"href":"https:\/\/www.europesays.com\/es\/wp-json\/wp\/v2\/comments?post=111345"}],"version-history":[{"count":0,"href":"https:\/\/www.europesays.com\/es\/wp-json\/wp\/v2\/posts\/111345\/revisions"}],"wp:featuredmedia":[{"embeddable":true,"href":"https:\/\/www.europesays.com\/es\/wp-json\/wp\/v2\/media\/111346"}],"wp:attachment":[{"href":"https:\/\/www.europesays.com\/es\/wp-json\/wp\/v2\/media?parent=111345"}],"wp:term":[{"taxonomy":"category","embeddable":true,"href":"https:\/\/www.europesays.com\/es\/wp-json\/wp\/v2\/categories?post=111345"},{"taxonomy":"post_tag","embeddable":true,"href":"https:\/\/www.europesays.com\/es\/wp-json\/wp\/v2\/tags?post=111345"}],"curies":[{"name":"wp","href":"https:\/\/api.w.org\/{rel}","templated":true}]}}