{"id":111347,"date":"2025-09-13T01:47:09","date_gmt":"2025-09-13T01:47:09","guid":{"rendered":"https:\/\/www.europesays.com\/es\/111347\/"},"modified":"2025-09-13T01:47:09","modified_gmt":"2025-09-13T01:47:09","slug":"anabel-pantoja-desvela-a-quien-dedica-su-debut-en-bailando-con-las-estrellas","status":"publish","type":"post","link":"https:\/\/www.europesays.com\/es\/111347\/","title":{"rendered":"Anabel Pantoja desvela a qui\u00e9n dedica su debut en &#8216;Bailando con las estrellas&#8217;"},"content":{"rendered":"<p data-journey-content=\"true\" data-node-id=\"3\" class=\"css-i9p093 emevuu60\"><a href=\"https:\/\/diezminutos.es\/anabel-pantoja\" target=\"_blank\" data-node-id=\"3.0\" data-mrf-link=\"https:\/\/diezminutos.es\/anabel-pantoja\" data-vars-ga-outbound-link=\"https:\/\/diezminutos.es\/anabel-pantoja\" data-vars-ga-ux-element=\"Hyperlink\" data-vars-ga-call-to-action=\"Anabel Pantoja\" class=\"body-link css-177bzfx emevuu60\" rel=\"nofollow noopener\">Anabel Pantoja<\/a> ha regresado a Mediaset despu\u00e9s de m\u00e1s de dos a\u00f1os alejada del foco medi\u00e1tico. La sobrina de <a href=\"https:\/\/diezminutos.es\/isabel-pantoja\" target=\"_blank\" data-node-id=\"3.2\" data-mrf-link=\"https:\/\/diezminutos.es\/isabel-pantoja\" data-vars-ga-outbound-link=\"https:\/\/diezminutos.es\/isabel-pantoja\" data-vars-ga-ux-element=\"Hyperlink\" data-vars-ga-call-to-action=\"Isabel Pantoja\" class=\"body-link css-177bzfx emevuu60\" rel=\"nofollow noopener\">Isabel Pantoja<\/a> lo hace por todo lo alto como<a href=\"https:\/\/www.diezminutos.es\/famosos-corazon\/famosos-espanoles\/a65966633\/pelayo-diaz-habla-anabel-pantoja-concursante-bailando-con-las-estrellas\/\" target=\"_blank\" data-vars-ga-outbound-link=\"https:\/\/www.diezminutos.es\/famosos-corazon\/famosos-espanoles\/a65966633\/pelayo-diaz-habla-anabel-pantoja-concursante-bailando-con-las-estrellas\/\" data-vars-ga-ux-element=\"Hyperlink\" data-vars-ga-call-to-action=\" concursante de \u2018Bailando con las estrellas\u2019,\" data-node-id=\"3.4\" class=\"body-link css-177bzfx emevuu60\" rel=\"nofollow noopener\"> concursante de \u2018Bailando con las estrellas\u2019,<\/a> un reto que afronta con ilusi\u00f3n, pero tambi\u00e9n con muchos nervios: <strong data-node-id=\"3.6\">\u201cHay mucho nivel. Sabes que tengo poca verg\u00fcenza, pero estoy muy nerviosa\u201d,<\/strong> confesaba en &#8216;De Viernes&#8217; a<a href=\"https:\/\/www.diezminutos.es\/famosos-corazon\/famosos-espanoles\/a66070760\/anabel-pantoja-reencuentro-frio-terelu-campos-de-viernes\/\" target=\"_blank\" data-vars-ga-outbound-link=\"https:\/\/www.diezminutos.es\/famosos-corazon\/famosos-espanoles\/a66070760\/anabel-pantoja-reencuentro-frio-terelu-campos-de-viernes\/\" data-vars-ga-ux-element=\"Hyperlink\" data-vars-ga-call-to-action=\" Terelu Campos en un reencuentro que ten\u00edan\" data-node-id=\"3.8\" class=\"body-link css-177bzfx emevuu60\" rel=\"nofollow noopener\"> Terelu Campos en un reencuentro que ten\u00edan<\/a> antes de entrar en la entrevista. <\/p>\n<p data-journey-content=\"true\" data-node-id=\"6\" class=\"css-i9p093 emevuu60\">Una vez en el plat\u00f3, Anabel agradec\u00eda esta oportunidad de volver a la televisi\u00f3n y hacerlo con este grand\u00edsimo reto: <strong data-node-id=\"6.1\">\u00abpara mi es un regalo del cielo y me lo merec\u00eda\u00bb. <\/strong>Y es que, le ha llegado en un momento en el que <a href=\"https:\/\/www.diezminutos.es\/famosos-corazon\/famosos-espanoles\/a63531671\/anabel-pantoja-planta-hija-hospital\/\" target=\"_blank\" data-vars-ga-outbound-link=\"https:\/\/www.diezminutos.es\/famosos-corazon\/famosos-espanoles\/a63531671\/anabel-pantoja-planta-hija-hospital\/\" data-vars-ga-ux-element=\"Hyperlink\" data-vars-ga-call-to-action=\"las malas noticias se acumulaban,\" data-node-id=\"6.3\" class=\"body-link css-177bzfx emevuu60\" rel=\"nofollow noopener\">las malas noticias se acumulaban,<\/a> y ahora todo queda atr\u00e1s para dar lugar a un divertido concurso en el que espera tener una larga trayectoria.<\/p>\n<p><img draggable=\"true\" alt=\"anabel pantoja santi acosta terelu campos de viernes\" title=\"anabel pantoja santi acosta terelu campos de viernes\" loading=\"lazy\" width=\"1577\" height=\"759\" decoding=\"async\" data-nimg=\"1\" style=\"color:transparent;width:100%;height:auto;\"   src=\"https:\/\/www.europesays.com\/es\/wp-content\/uploads\/2025\/09\/anabel-pantoja-terelu-campos-68c4a5dd42d86.jpg\" class=\"css-0 e1g79fud0\"\/><\/p>\n<p>Telecinco<\/p>\n<p data-journey-content=\"true\" data-node-id=\"9\" class=\"css-i9p093 emevuu60\">Entre sus compa\u00f1eros y contrincantes se encuentra <a href=\"https:\/\/www.diezminutos.es\/famosos-corazon\/famosos-espanoles\/a65459850\/barbara-rey-cansancio-miedo-concurso-bailando-con-las-estrellas\/\" target=\"_blank\" data-vars-ga-outbound-link=\"https:\/\/www.diezminutos.es\/famosos-corazon\/famosos-espanoles\/a65459850\/barbara-rey-cansancio-miedo-concurso-bailando-con-las-estrellas\/\" data-vars-ga-ux-element=\"Hyperlink\" data-vars-ga-call-to-action=\"Aless Gibaja, Manu Tenorio o B\u00e1rbara Rey. &quot;Hay mucho nivel&quot;, \" data-node-id=\"9.1\" class=\"body-link css-177bzfx emevuu60\" rel=\"nofollow noopener\">Aless Gibaja, Manu Tenorio o B\u00e1rbara Rey. \u00abHay mucho nivel\u00bb, <\/a>aseguraba Anabel. Sin embargo, esto no la va a achantar: \u00abvoy a vivirla, voy a aprender y quiero que el p\u00fablico se divierta, pero no voy a salir de aqu\u00ed a una competici\u00f3n\u00bb. Y menos en la noche de estreno, este s\u00e1bado 13 de septiembre puesto que arranca con un n\u00famero que es muy especial para ella, sobre todo la canci\u00f3n:<strong data-node-id=\"9.3\"> \u00abes muy especial y est\u00e1 ligada a una personita que lleva nueve meses conmigo<\/strong>\u00ab, dec\u00eda con una sonrisa de oreja a oreja <a href=\"https:\/\/www.diezminutos.es\/famosos-corazon\/famosos-espanoles\/a64532444\/anabel-pantoja-primera-semana-santa-hija-alma-no-puedo-mas\/\" target=\"_blank\" data-vars-ga-outbound-link=\"https:\/\/www.diezminutos.es\/famosos-corazon\/famosos-espanoles\/a64532444\/anabel-pantoja-primera-semana-santa-hija-alma-no-puedo-mas\/\" data-vars-ga-ux-element=\"Hyperlink\" data-vars-ga-call-to-action=\"en referencia a su hija Alma\" data-node-id=\"9.5\" class=\"body-link css-177bzfx emevuu60\" rel=\"nofollow noopener\">en referencia a su hija Alma<\/a>.<br data-node-id=\"9.7\"\/><\/p>\n<p data-journey-content=\"true\" data-node-id=\"13\" class=\"css-i9p093 emevuu60\">Precisamente <strong data-node-id=\"13.1\">la peque\u00f1a es la causante de Anabel y su madre, Merchi,<\/strong> se hayan trasladado temporalmente a Madrid. \u00abSalir de los ensayos y estar en casa es un alivio y un empuj\u00f3n perfecto para seguir y darlo todo\u00bb, aseguraba.<\/p>\n<p><img draggable=\"true\" alt=\"group of people walking in a parking area with a stroller and cars\" title=\"ANABEL PANTOJA\" loading=\"lazy\" width=\"1920\" height=\"1279\" decoding=\"async\" data-nimg=\"1\" style=\"color:transparent;width:100%;height:auto;\"   src=\"https:\/\/www.europesays.com\/es\/wp-content\/uploads\/2025\/09\/anabel-panotja-merchi-david-683c5f1b806b9.jpg\" class=\"css-0 e1g79fud0\"\/><\/p>\n<p>Foto: Gtres<\/p>\n<p>El consejo de Isabel Pantoja a Anabel por &#8216;Bailando con las estrellas&#8217;<\/p>\n<p data-journey-content=\"true\" data-node-id=\"17\" class=\"css-i9p093 emevuu60\">Anabel Pantoja ha desvelado que toda su familia se alegra por su vuelta a la televisi\u00f3n y, sobre todo, por el formato que ha elegido para volver. Entre ellos, su t\u00eda Isabel Pantoja de quien ha asegurado que \u00abella lo que me desea es que me vaya bien y que lo d\u00e9 todo\u00bb. De ella, Anabel ha asegurado que, aunque no canta y baila como ella,<strong data-node-id=\"17.1\"> \u00absi me sale alg\u00fan gesto suyo y ella lo ve, me sentir\u00eda super orgullosa\u00bb.<\/strong> Un sentimiento que comparten todos los miembros de su familia: \u00abest\u00e1n felices porque voy a hacer algo que llevo haciendo desde peque\u00f1ita en familia, que el cachondeo siempre lo he hecho all\u00ed. Y que ahora lo pueda hacer de forma profesionalmente, est\u00e1n contentos\u00bb.<\/p>\n<p><img src=\"https:\/\/www.europesays.com\/es\/wp-content\/uploads\/2025\/09\/1757728029_662_323095e3-d675-4360-ad79-c3a735f161a1_1681830139.file\" alt=\"Headshot of Aroa D\u00edaz\" title=\"Headshot of Aroa D\u00edaz\" width=\"100%\" height=\"100%\" decoding=\"async\" loading=\"lazy\" class=\"css-o0wq4v ev8dhu53\"\/><\/p>\n<p>Aroa D\u00edaz es experta en realities, televisi\u00f3n y actualidad en general. No hay momento del d\u00eda en el que no tenga encendida la televisi\u00f3n conociendo los \u00faltimos desvelos de los famosos, disfrutando de los realities como Supervivientes o de los concursos m\u00e1s rocambolescos. Las \u00faltimas novedades de los famosos del coraz\u00f3n son su perdici\u00f3n y la actualidad de las Casas Reales, su gran pasi\u00f3n. \u00a0\u00a0<\/p>\n<p>En sus ratos libres disfruta de las pel\u00edculas y series de moda, y bucea por los cat\u00e1logos de las plataformas de podcast buscando nuevas entrevistas y charlas de famosos.<\/p>\n<p>Adem\u00e1s, no ha parado de formarse en todos los aspectos convirti\u00e9ndose en una periodista 360: locuci\u00f3n, doblaje, grabaci\u00f3n de v\u00eddeo, periodismo m\u00f3vil, producci\u00f3n de podcast y SEO. Actualmente est\u00e1 form\u00e1ndose en el M\u00e1ster universitario de Periodismo y Comunicaci\u00f3n Digital: Datos y Nuevas Narrativas de la UOC.<\/p>\n<p>Graduada en periodismo por la Universidad Rey Juan Carlos, no ha parado de trabajar desde que obtuvo su t\u00edtulo all\u00e1 por el 2013. Despu\u00e9s de un breve impass en Palma de Mallorca, volvi\u00f3 a Legan\u00e9s donde arranc\u00f3 su experiencia con Legan\u00e9s Activo. En este tiempo he pasado por las redacciones de varios medios recayendo finalmente en Hearst Espa\u00f1a (Telenovela, Qu\u00e9 me dices y Diez Minutos). Tambi\u00e9n tiene experiencia en diferentes radios. \u00a0<\/p>\n","protected":false},"excerpt":{"rendered":"Anabel Pantoja ha regresado a Mediaset despu\u00e9s de m\u00e1s de dos a\u00f1os alejada del foco medi\u00e1tico. La sobrina&hellip;\n","protected":false},"author":2,"featured_media":111348,"comment_status":"","ping_status":"","sticky":false,"template":"","format":"standard","meta":{"footnotes":""},"categories":[171],"tags":[253,146,147,25,24,23,214],"class_list":{"0":"post-111347","1":"post","2":"type-post","3":"status-publish","4":"format-standard","5":"has-post-thumbnail","7":"category-tv","8":"tag-discover","9":"tag-entertainment","10":"tag-entretenimiento","11":"tag-es","12":"tag-espana","13":"tag-spain","14":"tag-tv"},"share_on_mastodon":{"url":"","error":""},"_links":{"self":[{"href":"https:\/\/www.europesays.com\/es\/wp-json\/wp\/v2\/posts\/111347","targetHints":{"allow":["GET"]}}],"collection":[{"href":"https:\/\/www.europesays.com\/es\/wp-json\/wp\/v2\/posts"}],"about":[{"href":"https:\/\/www.europesays.com\/es\/wp-json\/wp\/v2\/types\/post"}],"author":[{"embeddable":true,"href":"https:\/\/www.europesays.com\/es\/wp-json\/wp\/v2\/users\/2"}],"replies":[{"embeddable":true,"href":"https:\/\/www.europesays.com\/es\/wp-json\/wp\/v2\/comments?post=111347"}],"version-history":[{"count":0,"href":"https:\/\/www.europesays.com\/es\/wp-json\/wp\/v2\/posts\/111347\/revisions"}],"wp:featuredmedia":[{"embeddable":true,"href":"https:\/\/www.europesays.com\/es\/wp-json\/wp\/v2\/media\/111348"}],"wp:attachment":[{"href":"https:\/\/www.europesays.com\/es\/wp-json\/wp\/v2\/media?parent=111347"}],"wp:term":[{"taxonomy":"category","embeddable":true,"href":"https:\/\/www.europesays.com\/es\/wp-json\/wp\/v2\/categories?post=111347"},{"taxonomy":"post_tag","embeddable":true,"href":"https:\/\/www.europesays.com\/es\/wp-json\/wp\/v2\/tags?post=111347"}],"curies":[{"name":"wp","href":"https:\/\/api.w.org\/{rel}","templated":true}]}}