{"id":111349,"date":"2025-09-13T01:48:12","date_gmt":"2025-09-13T01:48:12","guid":{"rendered":"https:\/\/www.europesays.com\/es\/111349\/"},"modified":"2025-09-13T01:48:12","modified_gmt":"2025-09-13T01:48:12","slug":"otro-tema-del-directo-de-tarja-rosebad-estrenan-su-nuevo-video-ambush-en-iberoamerica","status":"publish","type":"post","link":"https:\/\/www.europesays.com\/es\/111349\/","title":{"rendered":"Otro tema del directo de TARJA. ROSEBAD estrenan su nuevo v\u00eddeo. AMBUSH en Iberoam\u00e9rica."},"content":{"rendered":"<p>\u00a0<\/p>\n<p style=\"text-align: center;\"><strong><a href=\"#TARJA\">Otro tema del directo de TARJA<\/a> \u2013 <a href=\"#ROSEBAD\">ROSEBAD estrenan su nuevo v\u00eddeo <\/a>\u2013 <a href=\"#AMBUSH\">AMBUSH en Iberoam\u00e9rica.<\/a><\/strong><\/p>\n<p>A continuaci\u00f3n ten\u00e9is el tema de <a href=\"https:\/\/www.facebook.com\/tarjaofficial\" target=\"_blank\" rel=\"noopener nofollow\"><strong>TARJA<\/strong><\/a> \u201cLove To Hate\u201d extra\u00eddo de su nuevo directo \u201cCircus Live\u201d, aparecido el 26 de mayo a trav\u00e9s de earMUSIC.<\/p>\n<p>Todos los detalles en esta <a href=\"https:\/\/www.rafabasa.com\/2025\/02\/28\/tarja-herman-rarebell-liv-kristine\/#Tarja\" target=\"_blank\" rel=\"noopener nofollow\">noticia<\/a> y los adelantos publicados en <a href=\"https:\/\/www.rafabasa.com\/2025\/09\/09\/five-finger-death-punch-tarja-blackberry-smoke\/#TARJA\" rel=\"nofollow noopener\" target=\"_blank\">esta<\/a>.<\/p>\n<p>La cantante nos <a href=\"https:\/\/www.rafabasa.com\/2025\/03\/24\/tarja-marko-hietala-hate-vio-lence\/#TARJA_Marko_Hietala\" target=\"_blank\" rel=\"noopener nofollow\">visitar\u00e1 a comienzos del a\u00f1o pr\u00f3ximo<\/a> junto a <strong>Marko Hietala<\/strong>.<\/p>\n<p>Su \u00faltimo single junto a <strong>Marko Hietala<\/strong> en esta <a href=\"https:\/\/www.rafabasa.com\/2024\/03\/13\/marko-hietala-tarja-turunen-the-69-eyes-heir-apparent\/#Marko_Hietala_Tarja_Turunen\" target=\"_blank\" rel=\"noopener nofollow\">noticia<\/a>.<\/p>\n<p>\u00a0<\/p>\n<p>\u00a0<\/p>\n<p>A continuaci\u00f3n ten\u00e9is el nuevo single y v\u00eddeo de <strong>ROSEBAD<\/strong> \u201cA mal tiempo buena cara\u201d.<\/p>\n<p><strong>ROSEBAD<\/strong> editar\u00e1n el 26 de septiembre a trav\u00e9s de Demon Records su nuevo disco \u201cCerebros en oferta\u201d.<\/p>\n<p>Estar\u00e1 disponible en CD y formato digital.<\/p>\n<p>M\u00e1s sobre el disco y los adelantos aparecidos en esta <a href=\"https:\/\/www.rafabasa.com\/2025\/09\/05\/brent-hinds-before-the-dawn-rosebad\/#ROSEBAD\" rel=\"nofollow noopener\" target=\"_blank\">noticia<\/a>.<\/p>\n<p>La banda tambi\u00e9n ha anunciado nuevas fechas:<\/p>\n<ul>\n<li>D\u00eda 23 de noviembre \u2013 Noche de Ronda \u2013 VALENCIA<\/li>\n<li>D\u00eda 06 de diciembre \u2013 Pub Utop\u00eda \u2013 ZARAGOZA<\/li>\n<li>D\u00eda 13 de diciembre \u2013 Asociaci\u00f3n Cultural La Granja \u2013 ALCOY<\/li>\n<li>D\u00eda 07 de marzo \u2013 Dragonfly Caf\u00e9 Rock \u2013 ALMER\u00cdA<\/li>\n<li>D\u00eda 28 de marzo \u2013 Sala Zul\u00fa Klub \u2013 ALDAIA<\/li>\n<li>D\u00eda 20 de junio \u2013 Sala The Rocklab \u2013 COSLADA<\/li>\n<\/ul>\n<p>\u00a0<\/p>\n<p>\u00a0<\/p>\n<p><strong>AMBUSH<\/strong> han anunciado las siguientes fechas en Iberoam\u00e9rica:<\/p>\n<p>Noviembre<\/p>\n<ul>\n<li>09 Sao Paulo, Brasil<\/li>\n<li>11 Brasilia, Brasil + GRAVE DIGGER<\/li>\n<li>12 Curitiba, Brasil\u00a0 + GRAVE DIGGER<\/li>\n<li>14 Fortaleza, Brasil<\/li>\n<li>15 Recife, Brasil<\/li>\n<li>16 Limeira, Brasil<\/li>\n<li>19 Asunci\u00f3n, Paraguay<\/li>\n<li>21 Montevideo, Uruguay<\/li>\n<li>22 Buenos Aires, Argentina<\/li>\n<li>23 Santiago, Chile<\/li>\n<\/ul>\n<p><strong>AMBUSH<\/strong> editaron el 5 de septiembre a trav\u00e9s de Napalm Records un nuevo disco titulado \u201cEvil In All Dimensions\u201d.<\/p>\n<p>Todos los detalles en esta <a href=\"https:\/\/www.rafabasa.com\/2025\/04\/23\/ozzy-osbourne-ambush-argion\/#AMBUSH\" rel=\"nofollow noopener\" target=\"_blank\">noticia<\/a> y los adelantos aparecidos en <a href=\"https:\/\/www.rafabasa.com\/2025\/09\/03\/napalm-death-ambush-satan-equilibrium\/#AMBUSHhttps:\/\/www.rafabasa.com\/2025\/09\/03\/napalm-death-ambush-satan-equilibrium\/\" rel=\"nofollow noopener\" target=\"_blank\">esta<\/a>.<\/p>\n<p align=\"center\"><strong>Sigue el\u00a0<a href=\"https:\/\/whatsapp.com\/channel\/0029VaCprxVBA1f555USvT2O\" target=\"_blank\" rel=\"nofollow noopener\">Canal de RAFABASA.COM en WhatsApp<\/a>, donde encontrar\u00e1s todas nuestras novedades al instante<\/strong><\/p>\n<p>\u00a0<\/p>\n<p>\u00a0<\/p>\n<p>\u00a0<\/p>\n<p>\u00a0<\/p>\n<p>\u00a0<\/p>\n","protected":false},"excerpt":{"rendered":"\u00a0 Otro tema del directo de TARJA \u2013 ROSEBAD estrenan su nuevo v\u00eddeo \u2013 AMBUSH en Iberoam\u00e9rica. A&hellip;\n","protected":false},"author":2,"featured_media":111350,"comment_status":"","ping_status":"","sticky":false,"template":"","format":"standard","meta":{"footnotes":""},"categories":[170],"tags":[33240,146,147,25,24,184,185,37942,23,31938],"class_list":{"0":"post-111349","1":"post","2":"type-post","3":"status-publish","4":"format-standard","5":"has-post-thumbnail","7":"category-musica","8":"tag-ambush","9":"tag-entertainment","10":"tag-entretenimiento","11":"tag-es","12":"tag-espana","13":"tag-music","14":"tag-musica","15":"tag-rosebad","16":"tag-spain","17":"tag-tarja"},"share_on_mastodon":{"url":"","error":""},"_links":{"self":[{"href":"https:\/\/www.europesays.com\/es\/wp-json\/wp\/v2\/posts\/111349","targetHints":{"allow":["GET"]}}],"collection":[{"href":"https:\/\/www.europesays.com\/es\/wp-json\/wp\/v2\/posts"}],"about":[{"href":"https:\/\/www.europesays.com\/es\/wp-json\/wp\/v2\/types\/post"}],"author":[{"embeddable":true,"href":"https:\/\/www.europesays.com\/es\/wp-json\/wp\/v2\/users\/2"}],"replies":[{"embeddable":true,"href":"https:\/\/www.europesays.com\/es\/wp-json\/wp\/v2\/comments?post=111349"}],"version-history":[{"count":0,"href":"https:\/\/www.europesays.com\/es\/wp-json\/wp\/v2\/posts\/111349\/revisions"}],"wp:featuredmedia":[{"embeddable":true,"href":"https:\/\/www.europesays.com\/es\/wp-json\/wp\/v2\/media\/111350"}],"wp:attachment":[{"href":"https:\/\/www.europesays.com\/es\/wp-json\/wp\/v2\/media?parent=111349"}],"wp:term":[{"taxonomy":"category","embeddable":true,"href":"https:\/\/www.europesays.com\/es\/wp-json\/wp\/v2\/categories?post=111349"},{"taxonomy":"post_tag","embeddable":true,"href":"https:\/\/www.europesays.com\/es\/wp-json\/wp\/v2\/tags?post=111349"}],"curies":[{"name":"wp","href":"https:\/\/api.w.org\/{rel}","templated":true}]}}