{"id":111357,"date":"2025-09-13T01:52:09","date_gmt":"2025-09-13T01:52:09","guid":{"rendered":"https:\/\/www.europesays.com\/es\/111357\/"},"modified":"2025-09-13T01:52:09","modified_gmt":"2025-09-13T01:52:09","slug":"si-tuvieras-amor-por-mi-hermano-te-habrias-preocupado-por-el","status":"publish","type":"post","link":"https:\/\/www.europesays.com\/es\/111357\/","title":{"rendered":"Si tuvieras amor por mi hermano te habr\u00edas preocupado por \u00e9l"},"content":{"rendered":"<p><b>Roc\u00edo Flores<\/b> se ha sentado este viernes en el plat\u00f3 de Santi Acosta y Beatriz Archidona tras la entrevista previa que ofreci\u00f3 la pasada semana. \u00abLa decisi\u00f3n de estar aqu\u00ed es porque me han llamado de la productora, y porque<b> pr\u00e1cticamente todas las personas que me hicieron da\u00f1o no est\u00e1n aqu\u00ed. Y ese es el motivo principal por el que estoy aqu\u00ed<\/b>\u00ab, ha asegurado. Sin embargo, cara a cara entre los colaboradores tiene a Terelu Campos, gran amiga de su madre, y Lydia Lozano, antiguo rostro de S\u00e1lvame que ya ha regresado a la cadena.<\/p>\n<p>Segundos previos a arrancar la entrevista, la hija de Roc\u00edo Carrasco y Antonio David Flores ha adelantado: \u00ab<b>Antes de empezar la entrevista me gustar\u00eda ser honesta<\/b>. Despu\u00e9s de todo lo que me ha pasado y lo que hemos vivido me gustar\u00eda agradecer a todas esas personas que durante este tiempo han luchado por lo que consideraban injusto\u00bb.<\/p>\n<p>Tras mandar un mensaje de agradecimiento a la marea azul, le ha mandado otro a Ana Rosa Quintana. En sus programa trabaj\u00f3 cuando el documental de su madre se emit\u00eda en la misma cadena, en 2021: \u00abPor otro lado, me gustar\u00eda dar las gracias a Ana Rosa y Xelo Montesinos [la socia de AR]. <b>Fue la \u00fanica productora que, en el peor momento, me ayud\u00f3<\/b>. Y se lo debo, se portaron muy bien conmigo\u00bb.<\/p>\n<p>Luego, ha se\u00f1alado: \u00abY ya, por \u00faltimo, me gustar\u00eda que quedara una cosa clara. <b>Lo que me ha pasado este tiempo ha sido muy grave<\/b>. Mi prioridad ha sido llevarlo todo ante la justicia. Me voy a regir a c\u00f3mo he vivido este tiempo. <b>Y lo que est\u00e1 judicializado es tan grave que no lo voy a tratar en un programa de televisi\u00f3n<\/b>\u00ab. Con este \u00faltimo, ha hecho referencia al episodio con su madre que ocurri\u00f3, en 2012, cuando Ro ten\u00eda 15 a\u00f1os, y a ra\u00edz del cual fue condenada y se fue a vivir con su padre. Su hermano, dos a\u00f1os menor que ella, se qued\u00f3 con su madre hasta cumplir la mayor\u00eda de edad. <\/p>\n<p>Despu\u00e9s, ha comenzado su entrevista.<b> \u00abMi padre no est\u00e1 de acuerdo con que est\u00e9 hoy sentada aqu\u00ed\u00bb<\/b>, ha dicho. Y ha llegado <b>la primera pregunta de Terelu<\/b>: \u00ab\u00bfPor qu\u00e9 tu padre no quiere que est\u00e9s sentada aqu\u00ed?\u00bb. Ro ha respondido:<b> \u00abPara que no sufra y lo siga pasando mal\u00bb<\/b>.<\/p>\n<p>Terelu ha insistido en la reacci\u00f3n de Antonio David Flores y la joven ha rematado: \u00abNo me lo ha alabado, \u00e9l no est\u00e1 nada de acuerdo, <b>simplemente respeta la decisi\u00f3n que he tomado<\/b>\u00ab.<\/p>\n<p>Tensi\u00f3n<\/p>\n<p>La tensi\u00f3n entre las dos ha crecido cuando Terelu ha dicho que le consta la pasi\u00f3n que el hermano de Roc\u00edo, David, ten\u00eda por su abuela, Roc\u00edo Jurado. Todo porque comparti\u00f3 m\u00e1s tiempo con \u00e9l que con Roc\u00edo, y ah\u00ed, Ro ha estallado: \u00ab\u00bfQu\u00e9 t\u00fa dices que has tenido presencia de mi hermano de m\u00e1s mayor? <b>Me sorprende porque yo no te he visto a ti en mi vida, tres veces en un tiempo limitado<\/b>\u00ab.<\/p>\n<p>Tras los aplausos que se han desatado por parte del p\u00fablico en el plat\u00f3, Terelu ha seguido: \u00ab<b>Perd\u00f3n, pueden aplaudir lo que quieran. He hablado de su hermano, no de ella<\/b>. Sabes que lo que digo es verdad\u00bb. Roc\u00edo, subiendo el tono, le ha contestado: \u00abTe he entendido, te quiero contestar y decir que me sorprende porque conmigo has coincidido tres veces en mi vida\u00bb. Y Terelu ha insistido:<b> \u00abPero si es que no estoy hablando de ti\u00bb<\/b>.<\/p>\n<p>Roc\u00edo Flores ha continuado muy molesta: \u00abCon mi hermano, es verdad que has compartido m\u00e1s momentos, pero <b>el otro d\u00eda dijiste que por mi hermano sientes un amor incondicional<\/b>&#8230; Si lo sientes, en estos cinco a\u00f1os que ha pasado los peores momentos de su vida te habr\u00edas preocupado por \u00e9l, cosa que no has hecho\u00bb.<\/p>\n<p>Terelu se ha indignado: \u00ab<b>Probablemente, Roc\u00edo, yo no he tenido la oportunidad ni la facilidad de tener contacto con tu hermano.<\/b> Muy a mi pesar. No vamos a entrar en estos temas por razones obvias que has dicho a principios del programa\u00bb.<\/p>\n<p>Ro ha seguido defendiendo su argumento: \u00abQue digas que lo has tenido dif\u00edcil&#8230; <b>Si hubieras querido llamar a mi hermano te habr\u00eda cogido el tel\u00e9fono<\/b>\u00ab. Roc\u00edo tambi\u00e9n le ha reprochado a Terelu: \u00abT\u00fa tambi\u00e9n dijiste en el plat\u00f3 que conociste a una ni\u00f1a que ya no era tan ni\u00f1a. Y yo te estoy diciendo que eso es incierto por los recuerdos que no tengo contigo, porque no han existido\u00bb.<\/p>\n<p>Momentos antes, la joven ha reconocido que apenas tiene recuerdos de cuando era ni\u00f1a, por lo que Terelu ha seguido: \u00abConstato lo que he vivido, y como eras una ni\u00f1a y t\u00fa dices que como ni\u00f1a no recuerdas cosas&#8230; Eso no significa que no se haya vivido. Y el amor de tu hermano hacia tu abuela lo he vivido\u00bb.<\/p>\n<p>\u00abMi madre me imped\u00eda ver al resto de miembros de mi familia materna\u00bb<\/p>\n<p>Despu\u00e9s de la muerte de su abuela, Roc\u00edo Flores ha asegurado que su madre no dejaba que tuviera relaci\u00f3n con su familia materna. \u00abAl principio pod\u00edan llamar al tel\u00e9fono, y <b>ya dejaron de poder llamar al tel\u00e9fono. Esa es la cuesti\u00f3n<\/b>\u00ab.<\/p>\n<p>Y ha insistido:<b> \u00abEs mi madre la que decide separarse de su familia\u00bb<\/b>. Adem\u00e1s, ha lanzado: \u00abSi mi abuela estuviera viva, mi madre no hubiese tenido valor de hacer el documental\u00bb.<\/p>\n<p>WhatsApp<a href=\"https:\/\/api.whatsapp.com\/send?text=https:\/\/www.eleconomista.es\/informalia\/famosos\/noticias\/13543438\/09\/25\/rocio-flores-cara-a-cara-con-terelu-campos-en-de-viernes-mi-padre-no-esta-de-acuerdo-con-que-este-hoy-sentada-aqui.html?utm_source%3Dwhatsapp%26utm_medium%3Dshare_button&amp;id=1648118629957_whatsapp\" target=\"_blank\" data-action=\"share\/whatsapp\/share\" aria-label=\"Compartir en Whatsapp\" rel=\"nofollow noopener\"><\/a>Facebook<a id=\"fb-share\" href=\"#\" target=\"_blank\" rel=\"noopener noreferrer\" aria-label=\"Compartir en Facebook\"><\/a>Twitter<a href=\"https:\/\/twitter.com\/share?text=Roc%C3%ADo+Flores+se+enzarza+con+Terelu+Campos+en+su+cara+a+cara%3A+%22Si+tuvieras+amor+por+mi+hermano+te+habr%C3%ADas+preocupado+por+%C3%A9l%22&amp;url=https:\/\/www.eleconomista.es\/informalia\/famosos\/noticias\/13543438\/09\/25\/rocio-flores-cara-a-cara-con-terelu-campos-en-de-viernes-mi-padre-no-esta-de-acuerdo-con-que-este-hoy-sentada-aqui.html&amp;via=Informalia&amp;id=1648118839245_twitter\" target=\"_blank\" aria-label=\"Compartir en Twitter\" rel=\"nofollow noopener\"><\/a>Linkedin<a onclick=\"return abrirLinkedin();\" href=\"https:\/\/www.linkedin.com\/shareArticle?text=Roc%C3%ADo+Flores+se+enzarza+con+Terelu+Campos+en+su+cara+a+cara%3A+%22Si+tuvieras+amor+por+mi+hermano+te+habr%C3%ADas+preocupado+por+%C3%A9l%22&amp;url=https:\/\/www.eleconomista.es\/informalia\/famosos\/noticias\/13543438\/09\/25\/rocio-flores-cara-a-cara-con-terelu-campos-en-de-viernes-mi-padre-no-esta-de-acuerdo-con-que-este-hoy-sentada-aqui.html&amp;mini=true\" target=\"_blank\" aria-label=\"Compartir en linkedin\" rel=\"nofollow noopener\"><\/a>Beloud<a href=\"https:\/\/beloud.com\/share?text=Roc%C3%ADo+Flores+se+enzarza+con+Terelu+Campos+en+su+cara+a+cara%3A+%22Si+tuvieras+amor+por+mi+hermano+te+habr%C3%ADas+preocupado+por+%C3%A9l%22&amp;url=https:\/\/www.eleconomista.es\/informalia\/famosos\/noticias\/13543438\/09\/25\/rocio-flores-cara-a-cara-con-terelu-campos-en-de-viernes-mi-padre-no-esta-de-acuerdo-con-que-este-hoy-sentada-aqui.html&amp;via=Informalia&amp;id=1648118839245_beloud\" target=\"_blank\" aria-label=\"Compartir en beloud\" rel=\"nofollow noopener\"><\/a>Bluesky<a href=\"https:\/\/bsky.app\/intent\/compose?text=https:\/\/bsky.app\/intent\/compose?text=https:\/\/www.eleconomista.es\/informalia\/famosos\/noticias\/13543438\/09\/25\/rocio-flores-cara-a-cara-con-terelu-campos-en-de-viernes-mi-padre-no-esta-de-acuerdo-con-que-este-hoy-sentada-aqui.html&amp;url=https:\/\/www.eleconomista.es\/informalia\/famosos\/noticias\/13543438\/09\/25\/rocio-flores-cara-a-cara-con-terelu-campos-en-de-viernes-mi-padre-no-esta-de-acuerdo-con-que-este-hoy-sentada-aqui.html&amp;via=elEconomistaes&amp;id=1648118839245_bluesky\" target=\"_blank\" aria-label=\"Compartir en bluesky\" rel=\"nofollow noopener\"><\/a><\/p>\n<p><script async src=\"https:\/\/platform.twitter.com\/widgets.js\" charset=\"utf-8\"><\/script><\/p>\n","protected":false},"excerpt":{"rendered":"Roc\u00edo Flores se ha sentado este viernes en el plat\u00f3 de Santi Acosta y Beatriz Archidona tras la&hellip;\n","protected":false},"author":2,"featured_media":111358,"comment_status":"","ping_status":"","sticky":false,"template":"","format":"standard","meta":{"footnotes":""},"categories":[91],"tags":[146,147,25,24,260,23],"class_list":{"0":"post-111357","1":"post","2":"type-post","3":"status-publish","4":"format-standard","5":"has-post-thumbnail","7":"category-entretenimiento","8":"tag-entertainment","9":"tag-entretenimiento","10":"tag-es","11":"tag-espana","12":"tag-gente","13":"tag-spain"},"share_on_mastodon":{"url":"","error":""},"_links":{"self":[{"href":"https:\/\/www.europesays.com\/es\/wp-json\/wp\/v2\/posts\/111357","targetHints":{"allow":["GET"]}}],"collection":[{"href":"https:\/\/www.europesays.com\/es\/wp-json\/wp\/v2\/posts"}],"about":[{"href":"https:\/\/www.europesays.com\/es\/wp-json\/wp\/v2\/types\/post"}],"author":[{"embeddable":true,"href":"https:\/\/www.europesays.com\/es\/wp-json\/wp\/v2\/users\/2"}],"replies":[{"embeddable":true,"href":"https:\/\/www.europesays.com\/es\/wp-json\/wp\/v2\/comments?post=111357"}],"version-history":[{"count":0,"href":"https:\/\/www.europesays.com\/es\/wp-json\/wp\/v2\/posts\/111357\/revisions"}],"wp:featuredmedia":[{"embeddable":true,"href":"https:\/\/www.europesays.com\/es\/wp-json\/wp\/v2\/media\/111358"}],"wp:attachment":[{"href":"https:\/\/www.europesays.com\/es\/wp-json\/wp\/v2\/media?parent=111357"}],"wp:term":[{"taxonomy":"category","embeddable":true,"href":"https:\/\/www.europesays.com\/es\/wp-json\/wp\/v2\/categories?post=111357"},{"taxonomy":"post_tag","embeddable":true,"href":"https:\/\/www.europesays.com\/es\/wp-json\/wp\/v2\/tags?post=111357"}],"curies":[{"name":"wp","href":"https:\/\/api.w.org\/{rel}","templated":true}]}}