{"id":111363,"date":"2025-09-13T01:56:09","date_gmt":"2025-09-13T01:56:09","guid":{"rendered":"https:\/\/www.europesays.com\/es\/111363\/"},"modified":"2025-09-13T01:56:09","modified_gmt":"2025-09-13T01:56:09","slug":"asi-te-hemos-contado-la-ultima-hora-de-la-actualidad-politica-y-la-replica-de-la-oposicion-a-ayuso-en-la-asamblea-de-madrid-el-12-de-septiembre-de-2025","status":"publish","type":"post","link":"https:\/\/www.europesays.com\/es\/111363\/","title":{"rendered":"As\u00ed te hemos contado la \u00faltima hora de la actualidad pol\u00edtica y la r\u00e9plica de la oposici\u00f3n a Ayuso en la Asamblea de Madrid el 12 de septiembre de 2025"},"content":{"rendered":"<p>        <a class=\"title\" href=\"https:\/\/www.eldiario.es\/politica\/ultima-hora-actualidad-politica-directo_6_12597373_1115392.html\" rel=\"nofollow noopener\" target=\"_blank\"><br \/>\n                        Pedro S\u00e1nchez anuncia que Espa\u00f1a participar\u00e1 en la operaci\u00f3n de la OTAN en el Este de Europa: \u00abPutin no nos va a amedrentar\u00bb<br \/>\n        <\/a><\/p>\n<p>                <img decoding=\"async\" class=\"lazy\" loading=\"lazy\" data-src=\"https:\/\/static.eldiario.es\/clip\/e7f8ed62-29d5-46a5-bc17-edb781aa307c_16-9-aspect-ratio_default_0.jpg\" src=\"data:image\/svg+xml,%3Csvg xmlns=\" http:=\"\" viewbox=\"0 0 16 9\" alt=\"Archivo - El presidente del Gobierno, Pedro S\u00e1nchez, ofrece una rueda de prensa durante la XXVII Conferencia de Presidentes, en el Palacio de la Magdalena, a 13 de diciembre de 2024, en Santander, Cantabria (Espa\u00f1a).\"\/><\/p>\n<p class=\"article-text\">\n        El presidente del Gobierno Pedro S\u00e1nchez ha anunciado en un mensaje en la red social X la participaci\u00f3n de Espa\u00f1a en la operaci\u00f3n &#8216;Centinela Oriental&#8217; de la OTAN en el Este de Europa, como respuesta a la entrada de drones rusos en Polonia. \u201cEspa\u00f1a participar\u00e1 con medios a\u00e9reos en el nuevo dispositivo de seguridad que la OTAN desplegar\u00e1 en el flanco Este de Europa. Estos medios se sumar\u00e1n a los que ya tenemos en Letonia, Lituania y otros pa\u00edses y estar\u00e1n ah\u00ed todo el tiempo que haga falta. Putin no nos va a amedrentar\u201d.\n    <\/p>\n<blockquote class=\"twitter-tweet\" data-lang=\"es\"><p><a href=\"https:\/\/twitter.com\/X\/status\/1966586717017985154?ref_src=twsrc%5Etfw\" rel=\"nofollow noopener\" target=\"_blank\"><\/p><\/blockquote>\n<p class=\"article-text\">\n        Con esta operaci\u00f3n, la alianza militar transatl\u00e1ntica busca reforzar el flanco oriental europeo con la participaci\u00f3n de tropas, aviones y m\u00e1s sistemas de defensa de diversos aliados como Dinamarca, Francia, Reino Unido, Alemania o Espa\u00f1a, entre otros.\n    <\/p>\n<p class=\"article-text\">\n        Con anterioridad al mensaje del presidente del Gobierno, Defensa ya hab\u00eda adelantado que Espa\u00f1a incrementar\u00eda \u201csu contribuci\u00f3n a la seguridad y disuasi\u00f3n\u201d en el espacio a\u00e9reo del flanco oriental de la OTAN, \u201cen misiones de vigilancia y control\u201d. \u201cCompromiso con la seguridad com\u00fan\u201d, se\u00f1alaban en el mensaje en X de la cuenta oficial del Ministerio.\n    <\/p>\n<p class=\"article-text\">\n        Espa\u00f1a participa desde 2004 en la misi\u00f3n \u2018Persistent Effort: polic\u00eda a\u00e9rea del B\u00e1ltico\u2019 en la que aviones de la OTAN realizan misiones de vigilancia y control del espacio a\u00e9reo de Estonia, Letonia y Lituania. El pasado 1 de agosto despleg\u00f3 ocho Eurofighter en el marco de la misi\u00f3n en Lituania.\n    <\/p>\n<blockquote class=\"twitter-tweet\" data-lang=\"es\"><p><a href=\"https:\/\/twitter.com\/X\/status\/1966570310653624580?ref_src=twsrc%5Etfw\" rel=\"nofollow noopener\" target=\"_blank\"><\/p><\/blockquote>\n<p class=\"article-text article-text--read-more\">\n                <a class=\"read-more\" href=\"https:\/\/www.eldiario.es\/internacional\/otan-lanza-operacion-centinela-oriental-respuesta-entrada-drones-rusos-polonia_1_12599202.html\" rel=\"nofollow noopener\" target=\"_blank\">La OTAN lanza la operaci\u00f3n &#8216;Centinela Oriental&#8217; como respuesta a la entrada de drones rusos en Polonia<\/a>\n            <\/p>\n<p>            <script async src=\"https:\/\/platform.twitter.com\/widgets.js\" charset=\"utf-8\"><\/script><\/p>\n","protected":false},"excerpt":{"rendered":"Pedro S\u00e1nchez anuncia que Espa\u00f1a participar\u00e1 en la operaci\u00f3n de la OTAN en el Este de Europa: \u00abPutin&hellip;\n","protected":false},"author":2,"featured_media":111364,"comment_status":"","ping_status":"","sticky":false,"template":"","format":"standard","meta":{"footnotes":""},"categories":[8],"tags":[517,17,18,2125,25,24,13,14,11,1458,19,20,9,10,15,16,952,23,12,1885,21,22],"class_list":{"0":"post-111363","1":"post","2":"type-post","3":"status-publish","4":"format-standard","5":"has-post-thumbnail","7":"category-espana","8":"tag-actualidad","9":"tag-breaking-news","10":"tag-breakingnews","11":"tag-directo","12":"tag-es","13":"tag-espana","14":"tag-featured-news","15":"tag-featurednews","16":"tag-headlines","17":"tag-hora","18":"tag-latest-news","19":"tag-latestnews","20":"tag-news","21":"tag-noticias","22":"tag-noticias-destacadas","23":"tag-noticiasdestacadas","24":"tag-politica","25":"tag-spain","26":"tag-titulares","27":"tag-ultima","28":"tag-ultimas-noticias","29":"tag-ultimasnoticias"},"share_on_mastodon":{"url":"","error":""},"_links":{"self":[{"href":"https:\/\/www.europesays.com\/es\/wp-json\/wp\/v2\/posts\/111363","targetHints":{"allow":["GET"]}}],"collection":[{"href":"https:\/\/www.europesays.com\/es\/wp-json\/wp\/v2\/posts"}],"about":[{"href":"https:\/\/www.europesays.com\/es\/wp-json\/wp\/v2\/types\/post"}],"author":[{"embeddable":true,"href":"https:\/\/www.europesays.com\/es\/wp-json\/wp\/v2\/users\/2"}],"replies":[{"embeddable":true,"href":"https:\/\/www.europesays.com\/es\/wp-json\/wp\/v2\/comments?post=111363"}],"version-history":[{"count":0,"href":"https:\/\/www.europesays.com\/es\/wp-json\/wp\/v2\/posts\/111363\/revisions"}],"wp:featuredmedia":[{"embeddable":true,"href":"https:\/\/www.europesays.com\/es\/wp-json\/wp\/v2\/media\/111364"}],"wp:attachment":[{"href":"https:\/\/www.europesays.com\/es\/wp-json\/wp\/v2\/media?parent=111363"}],"wp:term":[{"taxonomy":"category","embeddable":true,"href":"https:\/\/www.europesays.com\/es\/wp-json\/wp\/v2\/categories?post=111363"},{"taxonomy":"post_tag","embeddable":true,"href":"https:\/\/www.europesays.com\/es\/wp-json\/wp\/v2\/tags?post=111363"}],"curies":[{"name":"wp","href":"https:\/\/api.w.org\/{rel}","templated":true}]}}