{"id":111374,"date":"2025-09-13T02:03:07","date_gmt":"2025-09-13T02:03:07","guid":{"rendered":"https:\/\/www.europesays.com\/es\/111374\/"},"modified":"2025-09-13T02:03:07","modified_gmt":"2025-09-13T02:03:07","slug":"madrid-se-blinda-por-las-protestas-contra-israel-en-una-carrera-ciclista-y-crece-la-tension-entre-pedro-sanchez-y-bejamin-netanyahu","status":"publish","type":"post","link":"https:\/\/www.europesays.com\/es\/111374\/","title":{"rendered":"Madrid se blinda por las protestas contra Israel en una carrera ciclista y crece la tensi\u00f3n entre Pedro S\u00e1nchez y Bejamin Netanyahu"},"content":{"rendered":"<p>La <strong>Vuelta Ciclista a Espa\u00f1a<\/strong>, la cita que comparte con el Tour de Francia y el Giro de Italia el circuito de competici\u00f3n profesional m\u00e1s jugoso a nivel mundial, se carg\u00f3 este a\u00f1o de interferencias pol\u00edticas por numerosas protestas contra la masacre en Gaza y en contra de la participaci\u00f3n del equipo de Israel.<\/p>\n<p>Una marea de banderas palestinas y diversos altercados con algunos manifestantes que intentaron interrumpir el paso de los ciclistas en algunas etapas del recorrido marcan esta edici\u00f3n 2025 de la carrera en bici que se vio alterada a su paso por Galicia, por Asturias, por Cantabria, por Navarra y por el Pa\u00eds Vasco. <\/p>\n<p>En Bilbao,<strong> la etapa se suspendi\u00f3 antes de la llegada a la meta<\/strong> y a su paso por Valladolid, en Castilla y Le\u00f3n, el recorrido original, previsto en 27,2 kil\u00f3metros, se redujo a 12,2 para evitar incidentes y posibles traspi\u00e9s para los competidores. Como ocurri\u00f3 en la etapa n\u00famero 15 del circuito, en Lugo, cuando la intencional intromisi\u00f3n de un manifestante provoc\u00f3 la ca\u00edda de dos ciclistas.<\/p>\n<p><img fetchpriority=\"high\" alt=\"La Vuelta ciclista a Espa\u00f1a, a su paso por Rueda, en la provincia de Valladolid. Foto: EFE\" loading=\"eager\" width=\"720\" height=\"480\" decoding=\"async\" data-nimg=\"1\" style=\"color:transparent\" src=\"https:\/\/www.europesays.com\/es\/wp-content\/uploads\/2025\/09\/lqXgqO7CF_720x0__1.jpg\"\/>La Vuelta ciclista a Espa\u00f1a, a su paso por Rueda, en la provincia de Valladolid. Foto: EFE<\/p>\n<p>Las protestas en contra de la presencia del equipo Israel Premier Tech coinciden con el<strong> \u00e1spero cruce diplom\u00e1tico que el gobierno de Pedro S\u00e1nchez est\u00e1 manteniendo en estos d\u00edas con Israel,<\/strong> sobre todo desde que Espa\u00f1a anunci\u00f3 <a href=\"https:\/\/www.clarin.com\/mundo\/pedro-sanchez-anuncia-medidas-genocidio-gaza-israel-acusa-espana-antisemita_0_WYdHTMLw6Y.html\" target=\"_blank\" title=\"sanciones al gobierno de Benjamin Netanyahu \" alt=\"sanciones al gobierno de Benjamin Netanyahu \" rel=\"nofollow noopener\">sanciones al gobierno de Benjamin Netanyahu <\/a>para presionarlo a que deje de atacar Gaza.<\/p>\n<p>Este lunes, S\u00e1nchez comunic\u00f3, en una declaraci\u00f3n institucional, que Espa\u00f1a prohibir\u00e1 la compra y venta de armas a Israel y que, entre otras medidas, cerrar\u00e1 su espacio a\u00e9reo y sus puertos a quienes pretendan atravesarlo o hacer escala para enviar log\u00edstica o armamento al gobierno de Netanyahu.<\/p>\n<p>\u201cUna cosa es proteger a tu pa\u00eds y otra muy distinta, bombardear hospitales y matar de hambre a ni\u00f1os inocentes\u201d, dijo S\u00e1nchez, que el a\u00f1o pasado reconoci\u00f3 al Estado de Palestina, conden\u00f3 los ataques de Hamas a Israel y es partidario de la soluci\u00f3n de los dos estados.<\/p>\n<p>\u201cEsto no es defenderse. No es ni siquiera atacar; es exterminar a un pueblo indefenso y quebrantar todas las leyes del derecho internacional\u201d, subray\u00f3 el presidente espa\u00f1ol.<\/p>\n<p>En respuesta, <strong>el ministro de Relaciones Exteriores israel\u00ed, Gideon Sa\u2019ar acus\u00f3 al gobierno de S\u00e1nchez de \u201cantisemita\u201d.<\/strong><\/p>\n<p>En las \u00faltimas horas, desde la oficina del primer ministro Netanyahu insistieron: \u201c(El anuncio de Espa\u00f1a) es una amenaza genocida flagrante contra el \u00fanico Estado jud\u00edo del mundo\u201d.<\/p>\n<p>Este viernes, el ministro de Asuntos Exteriores espa\u00f1ol, Jos\u00e9 Manuel Albares, <strong>convoc\u00f3 a la encargada de negocios de la embajada de Israel en Espa\u00f1a &#8211;<\/strong>Netanyahu llam\u00f3 a consultas a su representante diplom\u00e1tica cuando S\u00e1nchez reconoci\u00f3 a Palestina y todav\u00eda no regres\u00f3 a Madrid- \u201cpara rechazar tajantemente las falsas y calumniosas declaraciones de la oficina del primer ministro de Israel\u201d.<\/p>\n<p><img alt=\"Banderas palestinas al paso de los ciclistas de la Vuelta de Espa\u00f1a en Bilbao, este mi\u00e9rcoles. Foto: AP \" loading=\"eager\" width=\"720\" height=\"480\" decoding=\"async\" data-nimg=\"1\" style=\"color:transparent\" src=\"https:\/\/www.europesays.com\/es\/wp-content\/uploads\/2025\/09\/GzBLVC95P_720x0__1.jpg\"\/>Banderas palestinas al paso de los ciclistas de la Vuelta de Espa\u00f1a en Bilbao, este mi\u00e9rcoles. Foto: AP <\/p>\n<p>El equipo de Israel, sin nombre en el traje<\/p>\n<p>El equipo Israel Premier-Tech opt\u00f3 por quitar el nombre del pa\u00eds de sus trajes. Aseguran que son \u201cun equipo ciclista privado que no recibe financiaci\u00f3n de ninguna organizaci\u00f3n gubernamental\u201d.<\/p>\n<p>Su due\u00f1o es el empresario millonario Sylvan Adams, hijo de un sobreviviente del Holocausto. Adams, muy cercano a Netanyahu, es el presidente del Consejo Jud\u00edo Mundial y se define como \u201cembajador autoproclamado del Estado de Israel\u201d.<\/p>\n<p>El mismo Netanyahu felicit\u00f3 al equipo en sus redes sociales, por \u201cno ceder ante el odio y la intimidaci\u00f3n\u201d.<\/p>\n<p>\u201cHac\u00e9is que Israel se sienta orgulloso\u201d, subray\u00f3.<\/p>\n<p>Madrid blindada<\/p>\n<p>Durante el fin de semana, Madrid ser\u00e1 la escenograf\u00eda de las dos etapas finales de lo que los fans del ciclismo conocen como La Vuelta. El s\u00e1bado, los equipos que participan en la competici\u00f3n recorrer\u00e1n 159 kil\u00f3metros por las sierras de Guadarrama. El domingo, los 101 kil\u00f3metros finales culminar\u00e1n en la Plaza de Cibeles.<\/p>\n<p>Este viernes, desde temprano, el centro de la capital comenz\u00f3 a vallarse.<\/p>\n<p><strong>Habr\u00e1 m\u00e1s seguridad que en la \u00faltima cumbre de la OTAN, <\/strong>que se celebr\u00f3 en Madrid en 2022: m\u00e1s de 1.500 agentes de la Polic\u00eda Nacional y de la Guardia Civil controlar\u00e1n que las 15 manifestaciones pro-palestinas convocadas no obstaculicen la carrera.<\/p>\n<p>\u201cSe est\u00e1 atentando contra la vida de estos ciclistas. Contra la vida de todos. Se est\u00e1 acabando con la libertad de ser deportista y la libertad de ser aficionado\u201d, dijo este viernes la presidenta de la Comunidad de Madrid, Isabel D\u00edaz Ayuso, contraria a las sanciones a Israel que anunci\u00f3 Pedro S\u00e1nchez.<\/p>\n<p>\u201cPorque este fin de semana, mucha gente querr\u00eda celebrar La Vuelta ciclista a su paso por la capital y van a tener que sentir miedo -se\u00f1al\u00f3 D\u00edaz Ayuso-. Est\u00e1n intentando destrozar la imagen de Espa\u00f1a ante el mundo.\u201d<\/p>\n<p>La Audiencia Nacional rechaz\u00f3 este viernes investigar a los promotores de las protestas. Vox y otras asociaciones hab\u00edan presentado denuncias por delitos de odio.<\/p>\n<p><img alt=\"El presidente del gobierno de Espa\u00f1a, Pedro S\u00e1nchez, se enfrenta al primer ministro de Israel, Benjamin Netanyahu, por la guerra en Gaza. Foto: EFE  \" loading=\"eager\" width=\"720\" height=\"480\" decoding=\"async\" data-nimg=\"1\" style=\"color:transparent\" src=\"https:\/\/www.europesays.com\/es\/wp-content\/uploads\/2025\/09\/fDvGl-O2s_720x0__1.jpg\"\/>El presidente del gobierno de Espa\u00f1a, Pedro S\u00e1nchez, se enfrenta al primer ministro de Israel, Benjamin Netanyahu, por la guerra en Gaza. Foto: EFE  <\/p>\n<p>\u00bfExpulsi\u00f3n?<\/p>\n<p>\u201cEl deporte, y el ciclismo en particular, tiene la vocaci\u00f3n de acercar y superar las barreras entre los pueblos y no debe en ning\u00fan caso ser instrumentalizado\u201d, expres\u00f3 la Uni\u00f3n Ciclista Internacional (UCI) , que rige la actividad de este deporte.<\/p>\n<p>La instituci\u00f3n hizo hincapi\u00e9 en su \u201ccompromiso con la neutralidad pol\u00edtica, la independencia y la autonom\u00eda del deporte, de conformidad con los principios fundacionales del Movimiento Ol\u00edmpico\u201d.<\/p>\n<p>\u201cEntiendo las protestas, son totalmente comprensibles y deben estar\u201d, dijo el director t\u00e9cnico de La Vuelta, Kiko Garc\u00eda. Pero aclar\u00f3 que no puede descalificar al equipo israel\u00ed sin la aprobaci\u00f3n de la UCI.<\/p>\n<p>Desde el gobierno, sin embargo, el canciller Albares y la ministra de Educaci\u00f3n, Formaci\u00f3n Profesional y Deportes, Pilar Alegr\u00eda se manifestaron a favor de que el equipo israel\u00ed sea expulsado de la competici\u00f3n.<\/p>\n<p>\u201cEspa\u00f1a no puede seguir teniendo una relaci\u00f3n de normalidad con Israel como si nada ocurriera\u201d, dijo Albares.<\/p>\n<p>Admiti\u00f3 que la decisi\u00f3n no est\u00e1 en manos del gobierno de Espa\u00f1a sino que es potestad de la UCI, pero enfatiz\u00f3 que la sociedad israel\u00ed \u201ctiene que comprender que Europa e Israel s\u00f3lo se pueden relacionar, como dice el art\u00edculo 2 del Consejo de Asociaci\u00f3n entre la Uni\u00f3n Europea e Israel, cuando se respetan los derechos humanos\u201d.<\/p>\n<p>Mirada selectiva<\/p>\n<p>Consultado por <strong>Clar\u00edn<\/strong>, el experto en diplomacia deportiva Carlos Pulleiro se\u00f1ala la incongruencia en la actitud institucional frente a la participaci\u00f3n del equipo israel\u00ed en La Vuelta.<\/p>\n<p>\u201cEl propio deporte vive de la propia organizaci\u00f3n pol\u00edtica internacional: para participar en eventos deportivos internacionales necesit\u00e1ss el pasaporte de un Estado -dice Pulleiro-. La UCI, que es la que decide qu\u00e9 equipos participan y qui\u00e9nes no, emiti\u00f3 un comunicado diciendo que el deporte es completamente neutral y que no tiene motivos para expulsar al equipo israel\u00ed. Pero, sin embargo, con la guerra en Ucrania, en dos o tres d\u00edas desde la invasi\u00f3n militar terrestre rusa, hizo un comunicado hablando de vulneraci\u00f3n del derecho internacional y que el gobierno ruso deber\u00eda entrar en t\u00e9rminos de paz. Entonces, \u00bfes una cuesti\u00f3n selectiva?\u201d<\/p>\n<p>Para Pulleiro, que ense\u00f1a e investiga en la Universidad Tongji, en Shanghai (China), la presi\u00f3n que en estos d\u00edas ejerce la sociedad civil espa\u00f1ola en contra del equipo ciclista israel\u00ed est\u00e1 motivada en que \u201cno ha habido una respuesta institucional ni deportiva ni pol\u00edtica\u201d.<\/p>\n<p>\u201cA nivel acad\u00e9mico, aqu\u00ed hay dos cuestiones -aclara-. Si consideramos a las organizaciones deportivas como entes totalmente independientes y soberanos en su toma de decisiones, o si las vemos como un medio para defender intereses de los pa\u00edses o de los gobiernos.\u201d<\/p>\n<p>\u201cSi las vemos como lo primero, podemos decir que en el caso de Rusia prim\u00f3 el respeto a los derechos humanos y la vulneraci\u00f3n de la carta ol\u00edmpica, la paz ol\u00edmpica y todo esto. Pero si lo vemos como lo segundo, que es donde yo me encajo, al final se trata de un equilibrio o un desequilibrio de intereses gubernamentales\u201d, argumenta.<\/p>\n<p>\u201cHay ciertas cosas que deber\u00edan haber ido primero antes que sacar la carta deportiva. Primero est\u00e1 la condena del genocidio, tal vez expulsar al embajador israel\u00ed -enumera Pulleiro-. Pero sacamos la carta deportiva y nos ganamos ah\u00ed un poco el apoyo de la sociedad espa\u00f1ola y el costo que tiene en relaci\u00f3n a Israel en este sentido es poco.\u201d<\/p>\n","protected":false},"excerpt":{"rendered":"La Vuelta Ciclista a Espa\u00f1a, la cita que comparte con el Tour de Francia y el Giro de&hellip;\n","protected":false},"author":2,"featured_media":111375,"comment_status":"","ping_status":"","sticky":false,"template":"","format":"standard","meta":{"footnotes":""},"categories":[273],"tags":[313,312,168,25,24,23,167],"class_list":{"0":"post-111374","1":"post","2":"type-post","3":"status-publish","4":"format-standard","5":"has-post-thumbnail","7":"category-ciclismo","8":"tag-ciclismo","9":"tag-cycling","10":"tag-deportes","11":"tag-es","12":"tag-espana","13":"tag-spain","14":"tag-sports"},"share_on_mastodon":{"url":"","error":""},"_links":{"self":[{"href":"https:\/\/www.europesays.com\/es\/wp-json\/wp\/v2\/posts\/111374","targetHints":{"allow":["GET"]}}],"collection":[{"href":"https:\/\/www.europesays.com\/es\/wp-json\/wp\/v2\/posts"}],"about":[{"href":"https:\/\/www.europesays.com\/es\/wp-json\/wp\/v2\/types\/post"}],"author":[{"embeddable":true,"href":"https:\/\/www.europesays.com\/es\/wp-json\/wp\/v2\/users\/2"}],"replies":[{"embeddable":true,"href":"https:\/\/www.europesays.com\/es\/wp-json\/wp\/v2\/comments?post=111374"}],"version-history":[{"count":0,"href":"https:\/\/www.europesays.com\/es\/wp-json\/wp\/v2\/posts\/111374\/revisions"}],"wp:featuredmedia":[{"embeddable":true,"href":"https:\/\/www.europesays.com\/es\/wp-json\/wp\/v2\/media\/111375"}],"wp:attachment":[{"href":"https:\/\/www.europesays.com\/es\/wp-json\/wp\/v2\/media?parent=111374"}],"wp:term":[{"taxonomy":"category","embeddable":true,"href":"https:\/\/www.europesays.com\/es\/wp-json\/wp\/v2\/categories?post=111374"},{"taxonomy":"post_tag","embeddable":true,"href":"https:\/\/www.europesays.com\/es\/wp-json\/wp\/v2\/tags?post=111374"}],"curies":[{"name":"wp","href":"https:\/\/api.w.org\/{rel}","templated":true}]}}