{"id":111378,"date":"2025-09-13T02:06:13","date_gmt":"2025-09-13T02:06:13","guid":{"rendered":"https:\/\/www.europesays.com\/es\/111378\/"},"modified":"2025-09-13T02:06:13","modified_gmt":"2025-09-13T02:06:13","slug":"elche-las-notas-del-partido-almeyda-suma-a-los-fichajes-y-recupera-a-nianzou-y-marcao","status":"publish","type":"post","link":"https:\/\/www.europesays.com\/es\/111378\/","title":{"rendered":"Elche, las notas del partido: Almeyda suma a los fichajes y recupera a Nianzou y Marcao"},"content":{"rendered":"<p>Encuentro correspondiente a la cuarta jornada de LaLiga EA Sports<\/p>\n<p><img fetchpriority=\"high\" class=\"voc-img\" src=\"https:\/\/www.europesays.com\/es\/wp-content\/uploads\/2025\/09\/1500708704-RfY3wdj4gcVc83ORRnTS1pK-1200x840@diario_abc.jpg\" loading=\"eager\" decoding=\"async\" alt=\"Andr\u00e9 Silva golpea el bal\u00f3n ante Nianzou y Gudelj\" width=\"1200\" height=\"840\"\/><\/p>\n<p>Andr\u00e9 Silva golpea el bal\u00f3n ante Nianzou y Gudelj    Manuel G\u00f3mez  <\/p>\n<p><img decoding=\"async\" class=\"voc-author__img\" src=\"https:\/\/www.europesays.com\/es\/wp-content\/uploads\/2025\/08\/1756350549_985_autor-6376-foto-1.jpeg\" alt=\"Orsay\"\/><\/p>\n<p>12\/09\/2025<br \/>\n<br \/><strong><br \/>\nActualizado a las 23:40h.<br \/>\n<\/strong><\/p>\n<p class=\"voc-p\" style=\"\">El Sevilla se enfrent\u00f3 este viernes al Elche en el duelo que abri\u00f3 la jornada cuarta de LaLiga EA Sports. Analizamos las actuaciones individuales de los pupilos de Mat\u00edas Almeyda.  &#8230; <\/p>\n<p>AS\u00cd JUGARON<\/p>\n<p>NYLAND<\/p>\n<p>SUSPENSO<\/p>\n<p>Mal colocada la barrera en el gol de Rafa Mir y mal en la estirada. Que siga jugando hace que conseguir puntuar para el Sevilla sea una Odysseas. <\/p>\n<p>JUANLU<\/p>\n<p>APROBADO<\/p>\n<p>Fue un dolor de cabeza para su excompa\u00f1ero Pedrosa apareciendo una y otra vez cerca del \u00e1rea rival en la primera mitad. Peor en la segunda. <\/p>\n<p>NIANZOU<\/p>\n<p>BIEN<\/p>\n<p>Sorprendentemente no se lesion\u00f3. Sorprendentemente jug\u00f3 un buen partido. Sorprendentemente no fue expulsado. Para sorpresa de nadie, Almeyda lo cambi\u00f3 justo despu\u00e9s. <\/p>\n<p>MARCAO<\/p>\n<p>APROBADO<\/p>\n<p>Con la lupa puesta sobre \u00e9l fue capaz de sacudirse la presi\u00f3n y sali\u00f3 arriba a morder a la hora de robar. Fruto de ello lleg\u00f3 el gol de Isaac.<\/p>\n<p>AZPILICUETA<\/p>\n<p>SUSPENSO<\/p>\n<p>Mostr\u00f3 caracter y ganas de agradar. Se emple\u00f3 a fondo, pero no siempre con acierto. Estuvo algo blando en el gol de Andr\u00e9 Silva y no muy fino tras el descanso.   <\/p>\n<p>MENDY<\/p>\n<p>BIEN<\/p>\n<p>Dej\u00f3 buen sabor de boca el centrocampista en su debut con el equipo. Part\u00edcipe en la jugada del gol de Isaac y r\u00e1pido a la hora de robar y cortar. <\/p>\n<p>AGOUM\u00c9<\/p>\n<p>BIEN<\/p>\n<p>Se carg\u00f3 pronto con una tarjeta, pero no se atenaz\u00f3 y sigui\u00f3 mostr\u00e1ndose como uno de los futbolistas m\u00e1s interesantes del actual Sevilla. <\/p>\n<p>GUDELJ<\/p>\n<p>APROBADO<\/p>\n<p>Partido sin sobresaltos para el capit\u00e1n sevillista cada d\u00eda m\u00e1s discutido en los onces sevillistas. Form\u00f3 parte del primer grupo de futbolistas sustituidos. <\/p>\n<p>ALFON<\/p>\n<p>APROBADO<\/p>\n<p>Actu\u00f3 como carrilero por la banda zurda ante la defensa de tres centrales planteada por Almeyda. Lleg\u00f3 arriba con acierto y criterio y se asoci\u00f3 bien con Vargas. <\/p>\n<p>VARGAS<\/p>\n<p>BIEN<\/p>\n<p>Una asistencia m\u00e1s y una nueva demostraci\u00f3n de que es la clara referencia ofensiva del Sevilla actual. Menos mal que no se fue en verano y qu\u00e9 pena que se fue lesionado.<\/p>\n<p>ISAAC<\/p>\n<p>NOTABLE<\/p>\n<p>Comenz\u00f3 el partido generando runrr\u00fan en la grada por sus errores, pero se gan\u00f3 la redenci\u00f3n con un golazo. Van dos consecutivos que pudieron ser m\u00e1s, porque le anularon hasta tres goles m\u00e1s. <\/p>\n<p>ALEXIS S\u00c1NCHEZ<\/p>\n<p>BIEN<\/p>\n<p>Sali\u00f3 sin bast\u00f3n. Muy participativo y asistente. <\/p>\n<p>SUAZO<\/p>\n<p>APROBADO<\/p>\n<p>Pag\u00f3 caro el largo viaje. <\/p>\n<p>CASTR\u00cdN<\/p>\n<p>APROBADO<\/p>\n<p>M\u00e1s minutos para seguir ganando confianza y mostrando car\u00e1cter. <\/p>\n<p>PEQUE<\/p>\n<p>BIEN<\/p>\n<p>Su gran remate evit\u00f3 la derrota y le puede venir de perlas para ganar confianza.  <\/p>\n<p>JANUZAJ<\/p>\n<p>SUSPENSO<\/p>\n<p>No entr\u00f3 al partido en ning\u00fan momento. <\/p>\n<p>ALMEYDA<\/p>\n<p>APROBADO<\/p>\n<p>Su equipo muerde en la presi\u00f3n y genera arriba aunque sigue dejando dudas atr\u00e1s y mostrando fragilidad mental. <\/p>\n<\/p>\n<p><img loading=\"lazy\" decoding=\"async\" width=\"530\" height=\"64\" class=\"logo-premium\" src=\"data:image\/gif;base64,R0lGODlhAQABAAAAACH5BAEKAAEALAAAAAABAAEAAAICTAEAOw==\" alt=\"ABC Premium\"\/><br \/>\nL\u00edmite de sesiones alcanzadas<\/p>\n<ul class=\"listado\">\n<li>El acceso al contenido Premium est\u00e1 abierto por cortes\u00eda del establecimiento donde te encuentras, pero ahora mismo hay demasiados usuarios conectados a la vez. Por favor, int\u00e9ntalo pasados unos minutos.<\/li>\n<\/ul>\n<p>Volver a intentar<\/p>\n<p><img loading=\"lazy\" decoding=\"async\" width=\"530\" height=\"64\" class=\"logo-premium\" src=\"data:image\/gif;base64,R0lGODlhAQABAAAAACH5BAEKAAEALAAAAAABAAEAAAICTAEAOw==\" alt=\"ABC Premium\"\/><br \/>\nHas superado el l\u00edmite de sesiones<\/p>\n<ul class=\"listado\">\n<li>S\u00f3lo puedes tener tres sesiones iniciadas a la vez. Hemos cerrado la sesi\u00f3n m\u00e1s antigua para que sigas navegando sin l\u00edmites en el resto.<\/li>\n<\/ul>\n<p>Sigue navegando<\/p>\n<p>\nArt\u00edculo solo para suscriptores\n<\/p>\n<p>Reportar un error<\/p>\n","protected":false},"excerpt":{"rendered":"Encuentro correspondiente a la cuarta jornada de LaLiga EA Sports Andr\u00e9 Silva golpea el bal\u00f3n ante Nianzou y&hellip;\n","protected":false},"author":2,"featured_media":111379,"comment_status":"","ping_status":"","sticky":false,"template":"","format":"standard","meta":{"footnotes":""},"categories":[268],"tags":[168,2006,25,24,280,282,17754,1045,1171,281,23,167],"class_list":{"0":"post-111378","1":"post","2":"type-post","3":"status-publish","4":"format-standard","5":"has-post-thumbnail","7":"category-futbol","8":"tag-deportes","9":"tag-elche","10":"tag-es","11":"tag-espana","12":"tag-football","13":"tag-futbol","14":"tag-notas","15":"tag-partido","16":"tag-sevilla","17":"tag-soccer","18":"tag-spain","19":"tag-sports"},"share_on_mastodon":{"url":"","error":""},"_links":{"self":[{"href":"https:\/\/www.europesays.com\/es\/wp-json\/wp\/v2\/posts\/111378","targetHints":{"allow":["GET"]}}],"collection":[{"href":"https:\/\/www.europesays.com\/es\/wp-json\/wp\/v2\/posts"}],"about":[{"href":"https:\/\/www.europesays.com\/es\/wp-json\/wp\/v2\/types\/post"}],"author":[{"embeddable":true,"href":"https:\/\/www.europesays.com\/es\/wp-json\/wp\/v2\/users\/2"}],"replies":[{"embeddable":true,"href":"https:\/\/www.europesays.com\/es\/wp-json\/wp\/v2\/comments?post=111378"}],"version-history":[{"count":0,"href":"https:\/\/www.europesays.com\/es\/wp-json\/wp\/v2\/posts\/111378\/revisions"}],"wp:featuredmedia":[{"embeddable":true,"href":"https:\/\/www.europesays.com\/es\/wp-json\/wp\/v2\/media\/111379"}],"wp:attachment":[{"href":"https:\/\/www.europesays.com\/es\/wp-json\/wp\/v2\/media?parent=111378"}],"wp:term":[{"taxonomy":"category","embeddable":true,"href":"https:\/\/www.europesays.com\/es\/wp-json\/wp\/v2\/categories?post=111378"},{"taxonomy":"post_tag","embeddable":true,"href":"https:\/\/www.europesays.com\/es\/wp-json\/wp\/v2\/tags?post=111378"}],"curies":[{"name":"wp","href":"https:\/\/api.w.org\/{rel}","templated":true}]}}