{"id":111382,"date":"2025-09-13T02:09:12","date_gmt":"2025-09-13T02:09:12","guid":{"rendered":"https:\/\/www.europesays.com\/es\/111382\/"},"modified":"2025-09-13T02:09:12","modified_gmt":"2025-09-13T02:09:12","slug":"un-libro-muestra-los-50-anos-de-vida-artistica-de-miguel-bose-relatados-por-el-disquero-italiano-giovanni-verini","status":"publish","type":"post","link":"https:\/\/www.europesays.com\/es\/111382\/","title":{"rendered":"Un libro muestra los 50 a\u00f1os de vida art\u00edstica de Miguel Bos\u00e9 relatados por el disquero italiano Giovanni Verini"},"content":{"rendered":"<p class=\"fecha_fuente\">12\/09\/2025 &#8211; NoticiasClave.net<\/p>\n<p><img decoding=\"async\" src=\"https:\/\/www.europesays.com\/es\/wp-content\/uploads\/2025\/09\/un-libro-muestra-los-50-anos-de-vida-artistica-de-migue.jpg\" alt=\"Un libro muestra los 50 a\u00f1os de vida art\u00edstica de Miguel Bos\u00e9 relatados por el disquero italiano Giovanni Verini\" title=\"Un libro muestra los 50 a\u00f1os de vida art\u00edstica de Miguel Bos\u00e9 relatados por el disquero italiano Giovanni Verini\"\/>Verini en su tienda de Bari. Foto cedida<\/p>\n<p>Desde el debut cinematogr\u00e1fico de<strong>\u00a0Miguel Bos\u00e9<\/strong>\u00a0en 1973 y su llegada a la\u00a0m\u00fasica\u00a0en 1975 con la canci\u00f3n<strong> <\/strong>&#8216;Soy&#8217;, hasta la actualidad, el libro &#8216;Laberinto\u00a0Bos\u00e9&#8217; relata y analiza las andanzas del polifac\u00e9tico\u00a0y camale\u00f3nico artista: \u00abSeg\u00fan yo, seg\u00fan ellos, seg\u00f1un \u00e9l\u00bb.<\/p>\n<p>El autor,\u00a0<strong>Giovanni Verini Supplizi<\/strong>, propietario de\u00a0<strong>Wanted Record<\/strong>, una tienda de discos en la ciudad italiana de Bari,\u00a0repasa casi cincuenta a\u00f1os (el libro se public\u00f3 en Italia en 2021), de m\u00fasica, cine, teatro y televisi\u00f3n, y ahora se publica en espa\u00f1ol con el texto actualizado y editado por <strong>Ediciones Crac<\/strong> y distribuido por\u00a0<strong>Renovatio<\/strong>.<\/p>\n<p>El volumen incluye fichas detalladas de la discograf\u00eda de\u00a0Bos\u00e9, de las pel\u00edculas en las que ha participado, y cuenta\u00a0con declaraciones del propio artista, de colegas y amigos, extra\u00eddas de revistas, programas de televisi\u00f3n, entrevistas, comunicados de prensa y ofrece entrevistas originales realizadas especialmente para este libro por el autor.<br \/>&#13;<\/p>\n<p>En total, &#8216;Laberinto Bos\u00e9&#8217; incluye 38 entrevistas, dos de ellas, las de\u00a0<strong>Edith Salazar<\/strong>\u00a0y<strong>\u00a0Piero Ameli<\/strong>,\u00a0son nuevas y se han incorporado\u00a0a la edici\u00f3n en espa\u00f1ol, que cuenta tambi\u00e9n con un nuevo pr\u00f3logo de<strong>\u00a0Pedro Andrea<\/strong>.<\/p>\n<p>Las restantes entrevistas son con\u00a0Luigi Faccini, Red Canzian, Janis Ian, Lindsay Kemp, Danilo Vaona, Mauro Sabbione, Oscar G\u00f3mez, Russ Ballard, Graham Preskett, Maurizio Fabrizio, Steve Kipner, Davide Rampello, Peter Hammill, Guido Harari, Sergio Cossu, Paolo Gianolio,\u00a0Daniele Tedeschi, Carlo Massarini, Luisa Corna, Gary Clark, Martin Ansell, Carlo Marrale, Alan Childs, Arturo Soriano, Larry Mitchell, Graziano Accinni, Luca Vittori, Simon Toulson-Clarke, Emilio Farina, Edith Salazar, Giovanni Boscariol, Paolo Costa, Maurizio Sgaramella, Pedro Andrea, Noa, Spankox, Nicol\u00e1s Sorin.<\/p>\n<p>Giovanni Verini es autor tambi\u00e8n del libro, &#8216;Bassa Fedelt\u00e0&#8217;\u00a0(SGEdizioni, 2014), a las curiosas vicisitudes de su negocio.<\/p>\n","protected":false},"excerpt":{"rendered":"12\/09\/2025 &#8211; NoticiasClave.net Verini en su tienda de Bari. Foto cedida Desde el debut cinematogr\u00e1fico de\u00a0Miguel Bos\u00e9\u00a0en 1973&hellip;\n","protected":false},"author":2,"featured_media":111383,"comment_status":"","ping_status":"","sticky":false,"template":"","format":"standard","meta":{"footnotes":""},"categories":[172],"tags":[224,12554,146,147,25,24,225,185,18711,10,1738,24552,23],"class_list":{"0":"post-111382","1":"post","2":"type-post","3":"status-publish","4":"format-standard","5":"has-post-thumbnail","7":"category-libros","8":"tag-books","9":"tag-clave","10":"tag-entertainment","11":"tag-entretenimiento","12":"tag-es","13":"tag-espana","14":"tag-libros","15":"tag-musica","16":"tag-musicales","17":"tag-noticias","18":"tag-revista","19":"tag-revista-clave","20":"tag-spain"},"share_on_mastodon":{"url":"","error":""},"_links":{"self":[{"href":"https:\/\/www.europesays.com\/es\/wp-json\/wp\/v2\/posts\/111382","targetHints":{"allow":["GET"]}}],"collection":[{"href":"https:\/\/www.europesays.com\/es\/wp-json\/wp\/v2\/posts"}],"about":[{"href":"https:\/\/www.europesays.com\/es\/wp-json\/wp\/v2\/types\/post"}],"author":[{"embeddable":true,"href":"https:\/\/www.europesays.com\/es\/wp-json\/wp\/v2\/users\/2"}],"replies":[{"embeddable":true,"href":"https:\/\/www.europesays.com\/es\/wp-json\/wp\/v2\/comments?post=111382"}],"version-history":[{"count":0,"href":"https:\/\/www.europesays.com\/es\/wp-json\/wp\/v2\/posts\/111382\/revisions"}],"wp:featuredmedia":[{"embeddable":true,"href":"https:\/\/www.europesays.com\/es\/wp-json\/wp\/v2\/media\/111383"}],"wp:attachment":[{"href":"https:\/\/www.europesays.com\/es\/wp-json\/wp\/v2\/media?parent=111382"}],"wp:term":[{"taxonomy":"category","embeddable":true,"href":"https:\/\/www.europesays.com\/es\/wp-json\/wp\/v2\/categories?post=111382"},{"taxonomy":"post_tag","embeddable":true,"href":"https:\/\/www.europesays.com\/es\/wp-json\/wp\/v2\/tags?post=111382"}],"curies":[{"name":"wp","href":"https:\/\/api.w.org\/{rel}","templated":true}]}}