{"id":111384,"date":"2025-09-13T02:10:09","date_gmt":"2025-09-13T02:10:09","guid":{"rendered":"https:\/\/www.europesays.com\/es\/111384\/"},"modified":"2025-09-13T02:10:09","modified_gmt":"2025-09-13T02:10:09","slug":"les-mando-un-beso-a-todos","status":"publish","type":"post","link":"https:\/\/www.europesays.com\/es\/111384\/","title":{"rendered":"Les mando un beso a todos"},"content":{"rendered":"<p class=\"c-paragraph\">El p\u00fablico lo estaba esperado y, finalmente, el reencuentro se produjo. <b><a href=\"https:\/\/www.20minutos.es\/tags\/personas\/lydia-lozano.html\" title=\"Lydia Lozano\" rel=\"nofollow noopener\" target=\"_blank\">Lydia Lozano<\/a> y sus antiguos compa\u00f1eros de <a href=\"https:\/\/www.20minutos.es\/tags\/temas\/ni-que-fueramos-salvame.html\" title=\"Ni que fu\u00e9ramos S\u00e1lvame\" rel=\"nofollow noopener\" target=\"_blank\">Ni que fu\u00e9ramos<\/a> volvieron a compartir pantalla<\/b>\u00a0este viernes.<\/p>\n<p class=\"c-paragraph\"><a href=\"https:\/\/www.20minutos.es\/tags\/personas\/marta-riesco.html\" title=\"Marta Riesco\" rel=\"nofollow noopener\" target=\"_blank\">Marta Riesco<\/a>, reportera estrella de <a href=\"https:\/\/www.20minutos.es\/tags\/temas\/no-somos-nadie.html\" title=\"No somos nadie\" rel=\"nofollow noopener\" target=\"_blank\">No somos nadie<\/a>, se encontraba en plena labor para captar las primeras declaraciones de <a href=\"https:\/\/www.20minutos.es\/tags\/personas\/terelu-campos.html\" title=\"Terelu Campos\" rel=\"nofollow noopener\" target=\"_blank\">Terelu Campos<\/a>, una de las figuras centrales de esta noche en De viernes.\u00a0<\/p>\n<p class=\"c-paragraph\">En paralelo, Lozano, nueva colaboradora del mismo espacio, llegaba a las instalaciones para preparar su intervenci\u00f3n. <b>El cruce de caminos era, por tanto, ineludible.<\/b><\/p>\n<p class=\"c-paragraph\">\u00ab<b>El color ha vuelto a Mediaset contigo<\/b>\u00ab, le solt\u00f3 con entusiasmo Riesco. Lozano, prudente, contest\u00f3: \u00abYo siempre he ido muy de color, tengo muchos trajes negros que no s\u00e9 cu\u00e1ndo me los voy a poner\u00bb.<\/p>\n<p class=\"c-paragraph\">Justo despu\u00e9s, Lozano envi\u00f3 un mensaje de cari\u00f1o a todo el equipo del programa del Canal Ten: \u00abLes mando un beso a todos, que esta semana he estado de m\u00e9dicos y no he respondido a nadie\u00bb. Y ante la pregunta de si a\u00f1oraba a sus viejos aliados televisivos, <b>no dud\u00f3 ni un segundo en su respuesta<\/b>: \u00abHombre, claro. Es normal\u00bb.<\/p>\n<p class=\"c-paragraph\">Desde el plat\u00f3, <a href=\"https:\/\/www.20minutos.es\/tags\/personas\/carlota-corredera.html\" title=\"Carlota Corredera\" rel=\"nofollow noopener\" target=\"_blank\">Carlota Corredera<\/a> intervino con un mensaje lleno de afecto transmitido a trav\u00e9s de la reportera: \u00ab<b>Dile que la amamos<\/b>\u00ab. Finalmente, Lozano se despidi\u00f3 de Riesco: \u00abAdi\u00f3s, mi amor\u00bb.<\/p>\n","protected":false},"excerpt":{"rendered":"El p\u00fablico lo estaba esperado y, finalmente, el reencuentro se produjo. Lydia Lozano y sus antiguos compa\u00f1eros de&hellip;\n","protected":false},"author":2,"featured_media":111385,"comment_status":"","ping_status":"","sticky":false,"template":"","format":"standard","meta":{"footnotes":""},"categories":[171],"tags":[2125,146,7115,147,25,24,14101,30591,689,23,214],"class_list":{"0":"post-111384","1":"post","2":"type-post","3":"status-publish","4":"format-standard","5":"has-post-thumbnail","7":"category-tv","8":"tag-directo","9":"tag-entertainment","10":"tag-entra","11":"tag-entretenimiento","12":"tag-es","13":"tag-espana","14":"tag-lozano","15":"tag-lydia","16":"tag-no","17":"tag-spain","18":"tag-tv"},"share_on_mastodon":{"url":"","error":""},"_links":{"self":[{"href":"https:\/\/www.europesays.com\/es\/wp-json\/wp\/v2\/posts\/111384","targetHints":{"allow":["GET"]}}],"collection":[{"href":"https:\/\/www.europesays.com\/es\/wp-json\/wp\/v2\/posts"}],"about":[{"href":"https:\/\/www.europesays.com\/es\/wp-json\/wp\/v2\/types\/post"}],"author":[{"embeddable":true,"href":"https:\/\/www.europesays.com\/es\/wp-json\/wp\/v2\/users\/2"}],"replies":[{"embeddable":true,"href":"https:\/\/www.europesays.com\/es\/wp-json\/wp\/v2\/comments?post=111384"}],"version-history":[{"count":0,"href":"https:\/\/www.europesays.com\/es\/wp-json\/wp\/v2\/posts\/111384\/revisions"}],"wp:featuredmedia":[{"embeddable":true,"href":"https:\/\/www.europesays.com\/es\/wp-json\/wp\/v2\/media\/111385"}],"wp:attachment":[{"href":"https:\/\/www.europesays.com\/es\/wp-json\/wp\/v2\/media?parent=111384"}],"wp:term":[{"taxonomy":"category","embeddable":true,"href":"https:\/\/www.europesays.com\/es\/wp-json\/wp\/v2\/categories?post=111384"},{"taxonomy":"post_tag","embeddable":true,"href":"https:\/\/www.europesays.com\/es\/wp-json\/wp\/v2\/tags?post=111384"}],"curies":[{"name":"wp","href":"https:\/\/api.w.org\/{rel}","templated":true}]}}