{"id":111388,"date":"2025-09-13T02:12:11","date_gmt":"2025-09-13T02:12:11","guid":{"rendered":"https:\/\/www.europesays.com\/es\/111388\/"},"modified":"2025-09-13T02:12:11","modified_gmt":"2025-09-13T02:12:11","slug":"james-gunn-confirma-que-superman-tendra-un-aliado-inesperado-en-man-of-tomorrow-y-recuerda-que-paso-en-los-comics-de-dc-vandal","status":"publish","type":"post","link":"https:\/\/www.europesays.com\/es\/111388\/","title":{"rendered":"James Gunn confirma que Superman tendr\u00e1 un aliado inesperado en &#039;Man of Tomorrow&#039; y recuerda que pas\u00f3 en los c\u00f3mics de DC &#8211; Vandal"},"content":{"rendered":"<ol>\n<li><a href=\"https:\/\/news.google.com\/rss\/articles\/CBMi-gFBVV95cUxNRmsyN18tWkNQNThwNlJWRVo3UTN6clJNMlFYWXUwVkhXemVXVHlIRDdJVTJpYlBxZmJCeTB5VjJtLV9pbXFQWEFNb2NMSE5kRjZYZU82Mm1ORnBMLVJaMVlCQVZ3cVJXdlJBakpDVHpJUko4aTRHdFFTdnlGNi1GeVl5eFZXWUh2U0RvRmxlNmMybjlPeWREV0x3ZVFjeG5yUml3R0FjVDRKczZvSEpCOVlwdlcwRTJJbVh6cVllSkY3X0JnNFZCN0x3eUJodWFuOWZzcUdqbWJpWEtlS3dOYVktZDhqX2QwUldPY05iZ05jMlhfa2ZLT3ln0gH_AUFVX3lxTE9HQkMtLVVoNVFyOHhuOWdoUUQ1cFVORy0tTllmV1hLSmlxWFZYcHdPQUJHS09YdzdNbHVBNXkxeG5fWmdKaWNUTDZnYklPTm1jR2N4dk1WLVdDcDFfckotWm5VclhSb3lSWTcwZkVBd3pMZ2VaZEN1T2owWklVNzBSWGlQRWhTQkc2anNWeHRMRFF3QnJwUHJZSWxvQ3lPdTJMbTJsZmZWWHFQZ1l1aEhhSmF6bVFTQkc3X1BIbDh3WVp0ZjJ0dllIdkNxS1VVMzZidi1KZ001azZYS1ppVHo4S1M4YWpTX2VwdklqU1ZVdC1ISGltZXJBTDV2MFU1dw?oc=5\" target=\"_blank\" rel=\"nofollow noopener\">James Gunn confirma que Superman tendr\u00e1 un aliado inesperado en &#8216;Man of Tomorrow&#8217; y recuerda que pas\u00f3 en los c\u00f3mics de DC<\/a>&nbsp;&nbsp;Vandal<\/li>\n<li><a href=\"https:\/\/news.google.com\/rss\/articles\/CBMi2wFBVV95cUxNOWNZbVFJdC03QTBMMDIxaUl0SUpDcnpjUlo1MUsxbkc0RW92SFdYRUdwR3FsS3hQTDd3a0lCVVUtenNwT2dLbmNNM2U2Rk05TWozQzdyMXFUZGIybGlLUDBkZ0JSLXNMdmViM2kwaWVyV1hfRTN4TTBNREx4S2wzakx6SkRZdWlUQVZFMnEzS3RSNU40THJRazNNN0d6THlGSHo2WFhYVkdtN3dyR1owVUpjWHVmWXRZQzZhVTRleU1vYW9hbm1SeURtMl9idzhFWUhPcVBZeXF0OTDSAe8BQVVfeXFMTnJwVm1Qcnk3S1RKaWdhMU5PWFFmU1ZZbUpON3JFRy1SWDYxU1V1TjZoOXlyQVdzUU0yS0NZZ2pTMHdJbThad3NRYldCcVI3OUdKdzNSc3Q2cG1FcWhpMkNRQmJDcFlnbUZPRmxnSzZnTWNTUGN3VkU1cXRUOU01VDV6TnVoMjZ2aUY1U3F6OWdJTnNBVENJVmtmM1p4VjNFSGREX3Y1U0FwZVpEOE1FZE1VdnNHOTMwYWNnZjZkNTloTWhJcFVzZEVQN3U4ekZWeVlIcDVOU01YOXpuckIzNmh1bldHTjIzU0tJNy1wV1E?oc=5\" target=\"_blank\" rel=\"nofollow noopener\">Los primeros detalles de \u2018Man of Tomorrow\u2019 son puro hype: Superman se enfrentar\u00e1 \u201ca una amenaza mucho m\u00e1s gran<\/a>&nbsp;&nbsp;Diario AS<\/li>\n<li><a href=\"https:\/\/news.google.com\/rss\/articles\/CBMi3wFBVV95cUxNTTcya0RxTDdvTnJ1YUVNLVIyeHNkRmI2NFdUcDlZOVk4MFNZd3VRLVhnRUJmaTMzYVlDalppeHBlSGUzUkVuQUwySGN6OTFJV1pjMEVVUzIzMDZQOHVBUjcwamtwZjJyTG9zc25tTXJ1Mi1rc2xUX1VJNC1OdGFBOEpXWTFGOHBzUHd4M3ZCd1I2b25LSDhTVVlWOXo5dTBXbHJuQlZmckNQRDdFY01jZTQ0QkNYbTNpZHlFdXlmVHAydU1TYVlnbkg2Zi1LYkNrRlE4YUUxTFB1bnNwemxv0gHzAUFVX3lxTE45VUJBU3B2YlhIemFVTWdPQW5RaVFZYXVZY0M0Q1RxM0dGN2dheVJFVFlMZjQzOTRlM3Q4MWd2dWhJRUo1VlNrQVNrZHFGVnFlYTJTZFNBQmxTdTVwcG9WTm0zcjN2Sk9RZzZzcHJHQmZkZ1pjOTZPU3FNVGl6THpXdGI4eTAza3oyVWRjR295V3VKVVJGN0ZLTjVkbHUzQjJZQ2ZNTVMtTUNiY1N2ZkJlYm5UYlBrVklkdTAySEs4X01qZTE2SXFMaHU3djdUUzZnWkFscm1Ndm5ETzJQdWZoWEF2bEhCS3VILVJTNm1LU2xRQQ?oc=5\" target=\"_blank\" rel=\"nofollow noopener\">James Gunn revela la trama de la secuela de &#8216;Superman&#8217; y adelanta un villano importante del DCEU<\/a>&nbsp;&nbsp;La Raz\u00f3n<\/li>\n<li><a href=\"https:\/\/news.google.com\/rss\/articles\/CBMikgJBVV95cUxOeFFiNjFGQTF1dXd0dkhSRjR1WGlzc1JqYWVtbFh1b1B4eEtHeUgyVWV3ZGY0YUVyVGJ5SjdCbmdTS09fMC1nUHoxeTJCb3NhTlBsSEF4dnlIT21QX1dPNVZ0a29zTV9fME43OWZzTmd3cDZpMFY4emRCeHVEazdOekN5YWlmd2xpT3A4UkJVd0Fybjh2SmxTUVFvYUJ4VDlZSnZCZmpDOEJpUndUWkhjUURrZEpvbGk3T3lJOUQ0VjZGbm5qcG0yUmgyT0VEaThNSkR5YmRlNlA1b3gwMDdlajlxVTZmajlTd1lic2dOSFRjR21aZ3VBRXFpd2hQSHRXUENfemVuNDVwOWRXZGdGS3F30gGsAkFVX3lxTE5Eemd2VDYzOE5BeXM0TWFmSWoxcXRHWlRsZHlsVzdRb1NORWFXX3VTUkZfWDFlc1FfQWNOeXphN3dsZkNfbUl6T2FkNG8tcWVwejVrUHpIV0luQjJXOTBOOTdsVnV0UFdUR1loVEhVSnB0NTMwVFN5UmRDdk9fMUMtczZDUUZoMW1DeWlwM1lrSW9YbVA1ZDRnSENBMUROWHNoemZtRE1LSjJqb1BlNkhmYk96NGNnMGtQNDZKUVRZOGJjZXZ0YUxQY3pFR1FoVGtCbDl6TE9IWGlIczdNWkxLRTktZUdYN1RJMkNpaWtmUUxyUU5aZzMzVjZfN090NkY4V3RjOTBIYmxwakJyVi1DRnl6azBrVEFBMVVxMW13S0dWcHRBQXhMeXB6Sw?oc=5\" target=\"_blank\" rel=\"nofollow noopener\">La secuela de \u2018Superman\u2019 ya tiene fecha de rodaje y punto de partida: \u201c\u00c9l y Lex Luthor tendr\u00e1n que luchar juntos contra una amenaza mayor\u201d<\/a>&nbsp;&nbsp;Infobae<\/li>\n<li><a href=\"https:\/\/news.google.com\/rss\/articles\/CBMiwwFBVV95cUxNWXhoZ2xEaWFuRmN2aTdQVlN6Zl9uTFBaQS1ySEJSMnp3ZmJleFpSN29pTlRFWnZjZXJJTHJ4UEFJUnh5c0tsc3ZibjdKTmdsQ0tOV0xIeXNlMWhmMTdJNkUzazZuc2VoQ1BNdW1lQl96ekpYdVpacTNRc2lOTVNtZ1k5WlpPdklwUFRTYmZuS0xOMTl6U0FISVE4djBUOTZPWFNYaG1maVRLNDVWRTU0STVrX2k0eEdhaWw0XzcyWVAzV1k?oc=5\" target=\"_blank\" rel=\"nofollow noopener\">Ya es oficial: Lex Luthor y Superman se convertir\u00e1n en mejores amigos por un tiempo en la pr\u00f3xima pel\u00edcula del Hombre de Acero<\/a>&nbsp;&nbsp;VidaExtra<\/li>\n<\/ol>\n","protected":false},"excerpt":{"rendered":"James Gunn confirma que Superman tendr\u00e1 un aliado inesperado en &#8216;Man of Tomorrow&#8217; y recuerda que pas\u00f3 en&hellip;\n","protected":false},"author":2,"featured_media":111177,"comment_status":"","ping_status":"","sticky":false,"template":"","format":"standard","meta":{"footnotes":""},"categories":[169],"tags":[177,146,147,25,24,176,175,23],"class_list":{"0":"post-111388","1":"post","2":"type-post","3":"status-publish","4":"format-standard","5":"has-post-thumbnail","7":"category-cine","8":"tag-cine","9":"tag-entertainment","10":"tag-entretenimiento","11":"tag-es","12":"tag-espana","13":"tag-film","14":"tag-movies","15":"tag-spain"},"share_on_mastodon":{"url":"","error":""},"_links":{"self":[{"href":"https:\/\/www.europesays.com\/es\/wp-json\/wp\/v2\/posts\/111388","targetHints":{"allow":["GET"]}}],"collection":[{"href":"https:\/\/www.europesays.com\/es\/wp-json\/wp\/v2\/posts"}],"about":[{"href":"https:\/\/www.europesays.com\/es\/wp-json\/wp\/v2\/types\/post"}],"author":[{"embeddable":true,"href":"https:\/\/www.europesays.com\/es\/wp-json\/wp\/v2\/users\/2"}],"replies":[{"embeddable":true,"href":"https:\/\/www.europesays.com\/es\/wp-json\/wp\/v2\/comments?post=111388"}],"version-history":[{"count":0,"href":"https:\/\/www.europesays.com\/es\/wp-json\/wp\/v2\/posts\/111388\/revisions"}],"wp:featuredmedia":[{"embeddable":true,"href":"https:\/\/www.europesays.com\/es\/wp-json\/wp\/v2\/media\/111177"}],"wp:attachment":[{"href":"https:\/\/www.europesays.com\/es\/wp-json\/wp\/v2\/media?parent=111388"}],"wp:term":[{"taxonomy":"category","embeddable":true,"href":"https:\/\/www.europesays.com\/es\/wp-json\/wp\/v2\/categories?post=111388"},{"taxonomy":"post_tag","embeddable":true,"href":"https:\/\/www.europesays.com\/es\/wp-json\/wp\/v2\/tags?post=111388"}],"curies":[{"name":"wp","href":"https:\/\/api.w.org\/{rel}","templated":true}]}}