{"id":111393,"date":"2025-09-13T02:15:17","date_gmt":"2025-09-13T02:15:17","guid":{"rendered":"https:\/\/www.europesays.com\/es\/111393\/"},"modified":"2025-09-13T02:15:17","modified_gmt":"2025-09-13T02:15:17","slug":"la-hija-de-hulk-hogan-rompio-su-silencio-tras-quedar-fuera-de-millonaria-herencia","status":"publish","type":"post","link":"https:\/\/www.europesays.com\/es\/111393\/","title":{"rendered":"La hija de Hulk Hogan rompi\u00f3 su silencio tras quedar fuera de millonaria herencia"},"content":{"rendered":"<p><img alt=\"Brooke se\u00f1al\u00f3 que su relaci\u00f3n\" class=\"global-image\" decoding=\"async\" fetchpriority=\"high\" height=\"1080\" loading=\"eager\" src=\"https:\/\/www.europesays.com\/es\/wp-content\/uploads\/2025\/09\/FMCLKLFJKZAKRF3JO4VA4W2LH4.jpg\" width=\"1920\"\/>Brooke se\u00f1al\u00f3 que su relaci\u00f3n con su padre estuvo marcada por \u201cdesacuerdos respetuosos\u201d m\u00e1s que por peleas frontales (Credit Image: \u00a9 SMG via ZUMA Press Wire) (Grosby)<\/p>\n<p class=\"paragraph\">La<a rel=\"noopener noreferrer nofollow\" href=\"https:\/\/www.infobae.com\/entretenimiento\/2025\/07\/31\/hulk-hogan-la-causa-de-muerte-de-la-estrella-del-wrestling-ha-sido-revelada\/\" target=\"_blank\" title=\"https:\/\/www.infobae.com\/entretenimiento\/2025\/07\/31\/hulk-hogan-la-causa-de-muerte-de-la-estrella-del-wrestling-ha-sido-revelada\/\"> muerte de Hulk Hogan<\/a>, \u00edcono de la lucha libre profesional y una de las figuras m\u00e1s reconocidas en la historia de la <b>WWE<\/b>, sac\u00f3 a flote el patrimonio que acumul\u00f3 durante su carrera deportiva y de celebridad. <\/p>\n<p class=\"paragraph\">Esta semana se confirm\u00f3 que el legendario luchador, que <b>falleci\u00f3 en junio a los 71 a\u00f1os<\/b>, dej\u00f3 bienes valorados en alrededor de cinco millones de d\u00f3lares, una herencia de la cual cual su hija<a rel=\"noopener noreferrer nofollow\" href=\"https:\/\/www.infobae.com\/entretenimiento\/2025\/09\/10\/el-testamento-de-hulk-hogan-suscito-una-disputa-familiar-tras-excluir-a-su-hija-brooke\/\" target=\"_blank\" title=\"https:\/\/www.infobae.com\/entretenimiento\/2025\/09\/10\/el-testamento-de-hulk-hogan-suscito-una-disputa-familiar-tras-excluir-a-su-hija-brooke\/\"> Brooke Hogan no recibir\u00e1 nada.<\/a><\/p>\n<p class=\"paragraph\">Este viernes, la joven de 37 a\u00f1os rompi\u00f3 su silencio tras anunciarse que su hermano menor, Nick Hogan, fue designado como \u00fanico heredero.<\/p>\n<p class=\"paragraph\">\u201cLa decisi\u00f3n de mi padre no me sorprende<b>. Es lo que ped\u00ed, lo respaldo sin arrepentirme. <\/b>Mi pap\u00e1 sabe que soy una trabajadora incansable y que he sobrevivido sin su dinero durante mucho, mucho tiempo\u201d, destac\u00f3 en declaraciones a TMZ. <\/p>\n<p class=\"paragraph\">En efecto, la exclusi\u00f3n de Brooke no fue producto de una ri\u00f1a de \u00faltimo momento. Fuentes cercanas a la familia revelaron a <b>TMZ<\/b> que fue la propia <b>Brooke quien pidi\u00f3 ser retirada del testamento en 2023<\/b>, cuando la relaci\u00f3n con su padre se volvi\u00f3 m\u00e1s distante. En ese entonces, la hija del luchador aclar\u00f3 que se apart\u00f3 por decisi\u00f3n propia para \u201cproteger su coraz\u00f3n\u201d durante los \u00faltimos dos a\u00f1os. <\/p>\n<p><img alt=\"El v\u00ednculo entre Hulk y\" class=\"global-image\" decoding=\"async\" fetchpriority=\"low\" height=\"2017\" loading=\"lazy\" src=\"https:\/\/www.europesays.com\/es\/wp-content\/uploads\/2025\/09\/J4ADS5K5EVHM5M65UQN5ZDYMNA.JPG\" width=\"3000\"\/>El v\u00ednculo entre Hulk y su hija se deterior\u00f3 en los \u00faltimos a\u00f1os, aunque nunca se rompi\u00f3 del todo (REUTERS\/Phil McCarten)<\/p>\n<p class=\"paragraph\">\u201cTodo lo que realmente quise de mi padre fue amor, honestidad y una conexi\u00f3n profunda\u201d, escribi\u00f3 en Instagram. <b>\u201cY durante algunos a\u00f1os especiales, lo tuve, con recuerdos que durar\u00e1n toda la vida\u201d.<\/b><\/p>\n<p class=\"paragraph\">Tras la muerte del Hulk Hogan, la joven aclar\u00f3 que nunca exisit\u00f3 un quiebre absoluto en su relaci\u00f3n o una \u201cgran pelea\u201d. <\/p>\n<p class=\"paragraph\"><b>\u201cEra una serie de llamadas telef\u00f3nicas privadas que nadie oir\u00e1, sabr\u00e1 o entendeder\u00e1\u201d<\/b>, sostuvo. <\/p>\n<p class=\"paragraph\">Brooke es propietaria de una firma de dise\u00f1o interior creada en 2018. Tambi\u00e9n est\u00e1 casada con el exjugador profesional de hockey Steven Oleksy. En enero de 2025, se convirtieron en padres de gemelos. <\/p>\n<p><img alt=\"Nick Hogan comparti\u00f3 fotos de\" class=\"global-image\" decoding=\"async\" fetchpriority=\"low\" height=\"1080\" loading=\"lazy\" src=\"https:\/\/www.europesays.com\/es\/wp-content\/uploads\/2025\/09\/EMQOEP7XBRHENL2IJUM753Y7BI.jpg\" width=\"1920\"\/>Nick Hogan comparti\u00f3 fotos de los mejores momentos con su padre, a qui\u00e9n despidi\u00f3 con un mensaje que resalta su paternidad (Foto: Instagram\/@nickhogan)<\/p>\n<p class=\"paragraph\">La documentaci\u00f3n judicial confirm\u00f3 que Nick Hogan, de 35 a\u00f1os, fue nombrado como \u00fanico beneficiario del patrimonio de su padre. Seg\u00fan cifras publicadas por los medios, la herencia incluye <b>200.000 d\u00f3lares en criptomonedas, 799.000 en bienes personales e intelectuales, y los derechos de publicidad del luchador<\/b>, tasados en alrededor de cuatro millones de d\u00f3lares.<\/p>\n<p class=\"paragraph\">El inventario no incluy\u00f3 las propiedades inmobiliarias de Hulk, entre ellas dos casas en Clearwater Beach, Florida, valuadas en conjunto en m\u00e1s de 11 millones de d\u00f3lares. Dichos bienes podr\u00edan estar registrados en fideicomisos o sociedades.<\/p>\n<p class=\"paragraph\">Cabe notar que Nick asumi\u00f3 un rol activo en la defensa de la imagen de su padre tras su muerte. Como report\u00f3 People, \u00e9l y Terry McCoy, amigo cercano del luchador y curador de la herencia, interpusieron una orden de restricci\u00f3n contra el presentador de radio <b>Bubba the Love Sponge Clem<\/b> para impedir el uso de material \u00edntimo de Hulk en un documental.<\/p>\n<p><img alt=\"Hulk Hogan dej\u00f3 en su\" class=\"global-image\" decoding=\"async\" fetchpriority=\"low\" height=\"2332\" loading=\"lazy\" src=\"https:\/\/www.europesays.com\/es\/wp-content\/uploads\/2025\/09\/XX3JPAIIY5FNPAQXVGA4VQMNEI.jpg\" width=\"3300\"\/>Hulk Hogan dej\u00f3 en su testamento los derechos de publicidad, tasados en cerca de cuatro millones de d\u00f3lares (AP Photo\/Steve Nesius, Pool, File)<\/p>\n<p class=\"paragraph\">Tras el fallecimiento de su padre, Nick comparti\u00f3 un emotivo mensaje en sus redes sociales, citado por Us Weekly:<\/p>\n<p class=\"paragraph\">\u201cMi pap\u00e1 fue la persona m\u00e1s incre\u00edble que he conocido y siempre ser\u00e1 mi h\u00e9roe. Fue el padre m\u00e1s amable, cari\u00f1oso y maravilloso que cualquiera podr\u00eda pedir. Me siento muy bendecido de haber tenido al mejor pap\u00e1 del mundo\u201d.<\/p>\n<p class=\"paragraph\">El hijo de Hulk Hogan agreg\u00f3 que, adem\u00e1s de ser un gran padre, tambi\u00e9n fue su \u201cmentor y mejor amigo\u201d.<\/p>\n","protected":false},"excerpt":{"rendered":"Brooke se\u00f1al\u00f3 que su relaci\u00f3n con su padre estuvo marcada por \u201cdesacuerdos respetuosos\u201d m\u00e1s que por peleas frontales&hellip;\n","protected":false},"author":2,"featured_media":111394,"comment_status":"","ping_status":"","sticky":false,"template":"","format":"standard","meta":{"footnotes":""},"categories":[91],"tags":[146,147,25,24,32621,23],"class_list":{"0":"post-111393","1":"post","2":"type-post","3":"status-publish","4":"format-standard","5":"has-post-thumbnail","7":"category-entretenimiento","8":"tag-entertainment","9":"tag-entretenimiento","10":"tag-es","11":"tag-espana","12":"tag-press","13":"tag-spain"},"share_on_mastodon":{"url":"","error":""},"_links":{"self":[{"href":"https:\/\/www.europesays.com\/es\/wp-json\/wp\/v2\/posts\/111393","targetHints":{"allow":["GET"]}}],"collection":[{"href":"https:\/\/www.europesays.com\/es\/wp-json\/wp\/v2\/posts"}],"about":[{"href":"https:\/\/www.europesays.com\/es\/wp-json\/wp\/v2\/types\/post"}],"author":[{"embeddable":true,"href":"https:\/\/www.europesays.com\/es\/wp-json\/wp\/v2\/users\/2"}],"replies":[{"embeddable":true,"href":"https:\/\/www.europesays.com\/es\/wp-json\/wp\/v2\/comments?post=111393"}],"version-history":[{"count":0,"href":"https:\/\/www.europesays.com\/es\/wp-json\/wp\/v2\/posts\/111393\/revisions"}],"wp:featuredmedia":[{"embeddable":true,"href":"https:\/\/www.europesays.com\/es\/wp-json\/wp\/v2\/media\/111394"}],"wp:attachment":[{"href":"https:\/\/www.europesays.com\/es\/wp-json\/wp\/v2\/media?parent=111393"}],"wp:term":[{"taxonomy":"category","embeddable":true,"href":"https:\/\/www.europesays.com\/es\/wp-json\/wp\/v2\/categories?post=111393"},{"taxonomy":"post_tag","embeddable":true,"href":"https:\/\/www.europesays.com\/es\/wp-json\/wp\/v2\/tags?post=111393"}],"curies":[{"name":"wp","href":"https:\/\/api.w.org\/{rel}","templated":true}]}}