{"id":111417,"date":"2025-09-13T02:34:16","date_gmt":"2025-09-13T02:34:16","guid":{"rendered":"https:\/\/www.europesays.com\/es\/111417\/"},"modified":"2025-09-13T02:34:16","modified_gmt":"2025-09-13T02:34:16","slug":"radio-palma-cadena-ser-presenta-su-nueva-temporada-celebrando-40-anos-sociedad","status":"publish","type":"post","link":"https:\/\/www.europesays.com\/es\/111417\/","title":{"rendered":"Radio Palma Cadena Ser presenta su nueva temporada celebrando 40 a\u00f1os | Sociedad"},"content":{"rendered":"<p class=\"loc\">Palma del R\u00edo<\/p>\n<p>El director de antena de Radio Palma Cadena Ser, Manuel Mu\u00f1oz Rojo, ha presentado este viernes la nueva temporada de la emisora que celebra cuatro d\u00e9cadas de existencia. Mu\u00f1oz Rojo acompa\u00f1ado de su equipo de periodistas y colaboradores en un desayuno ha indicado que \u201cla temporada comienza el pr\u00f3ximo lunes 15 de septiembre con la programaci\u00f3n habitual\u201d que contempla el Hoy por Hoy Palma Matinal a las 8:20 de la ma\u00f1ana, el Hoy por Hoy Palma a las 12:20 y Hora 14 Palma a partir de las 2 y cuarto de la tarde. En plantilla continuar\u00e1n los dos periodistas que iniciaron est\u00e1 nueva etapa: Noelia Mart\u00edn y Jos\u00e9 Mu\u00f1oz que se repartir\u00e1n los espacios y entrevistas tanto del programa central como de los servicios informativos. <\/p>\n<p>En Hoy por Hoy Palma \u201cla primera hora seguir\u00e1 dedic\u00e1ndose a la actualidad local y comarcal\u201d de la jornada y en la segunda hora se estrenar\u00e1n algunas secciones como La Salud con el enfermero Juanjo Ruiz de la Unidad de Gesti\u00f3n Cl\u00ednica de Palma del R\u00edo; Medio Ambiente, en colaboraci\u00f3n con la asociaci\u00f3n Grama y Ser emprendedor, que unificar\u00e1 el trabajo de empresas, trabajadores, agricultores y dem\u00e1s sectores del emprendimiento. Continuar\u00e1 El Abierto P\u00fablico con los exconcejales o pol\u00edticos palme\u00f1os los martes y con Lidia Buenafuente y Antonio Navarro los mi\u00e9rcoles. Vuelven a la antena de Radio Palma secciones de la pasada etapa como Historias de un pueblo, y Canducterio y Rachel que pondr\u00e1n un toque de humor para cerrar la semana. <\/p>\n<p>El deporte estar\u00e1 presente en la emisora con Jos\u00e9 Antonio Nieto contando toda la actualidad deportiva. Los viernes se dedicar\u00e1 gran parte de la programaci\u00f3n a repasar la agenda cultural y deportiva del fin de semana. <\/p>\n<p><img decoding=\"async\" src=\"https:\/\/www.europesays.com\/es\/wp-content\/uploads\/2025\/09\/2XG7EDRZSNFZJE6YFY3V7ADEFM.jpg\" width=\"16\" height=\"9\"  loading=\"lazy\"\/>Ampliar<img decoding=\"async\" src=\"https:\/\/www.europesays.com\/es\/wp-content\/uploads\/2025\/09\/1757730854_805_2XG7EDRZSNFZJE6YFY3V7ADEFM.jpg\" width=\"16\" height=\"9\" loading=\"lazy\"\/>Cerrar<\/p>\n<p>Jos\u00e9 Mu\u00f1oz Caro ser\u00e1 de nuevo el encargado de dar los buenos d\u00edas cada ma\u00f1ana en los hogares palme\u00f1os en Hoy por Hoy Palma Matinal a las 8:20 horas. El matinal \u201cseguir\u00e1 concentrando la actualidad del d\u00eda con las voces de los protagonistas, siempre que sea posible, y estaremos pendientes de todo lo que pase para contarlo\u201d seg\u00fan las palabras del periodista que confiesa que se levanta cada d\u00eda \u201ca las 5 de la ma\u00f1ana para preparar el matinal con toda la informaci\u00f3n fresca del d\u00eda anterior y la agenda por delante\u201d. Mu\u00f1oz Caro tambi\u00e9n abordar\u00e1 entrevistas, sobre todo pol\u00edticas, y an\u00e1lisis de plenos en Hoy por Hoy Palma y tambi\u00e9n copresentar\u00e1 Hora 14 cada d\u00eda. <\/p>\n<p>Noelia Mart\u00edn seguir\u00e1 al frente del magac\u00edn por excelencia de la radio palme\u00f1a, Hoy por Hoy Palma. La periodista buscar\u00e1 los testimonios m\u00e1s interesantes para contar lo que est\u00e1 pasando y abordar las distintas secciones del programa con su equipo de colaboradores. En Hora 14 ser\u00e1 la conductora principal junto a la copresentaci\u00f3n de Mu\u00f1oz Caro. \u201cAfronto esta nueva temporada con la misma ilusi\u00f3n que comenc\u00e9 la pasada, con ganas de seguir aprendiendo y saludando a los oyentes cada d\u00eda\u201d, afirma Mart\u00edn.<\/p>\n<p>En el apartado t\u00e9cnico, comercial y administrativo continua Jes\u00fas Caro, el hombre de la radio en Palma del R\u00edo. \u00c9l tambi\u00e9n cumplir\u00e1 36 a\u00f1os en este medio de comunicaci\u00f3n al que ha entregado su vida. Seguir\u00e1 siendo el apoyo t\u00e9cnico imprescindible para toda la plantilla y ser\u00e1 el hombre encargado de rebuscar en el archivo para ofrecernos los mejores momentos de estos 40 a\u00f1os de radio. <\/p>\n<p>Radio Palma establece lazos de colaboraci\u00f3n con Diario C\u00f3rdoba y La Cr\u00f3nica de Palma del R\u00edo compartiendo redactor. Tambi\u00e9n establece alianzas con Canal Palma del R\u00edo para hacer extensible su labor y ha firmado convenios de colaboraci\u00f3n para ser emisora oficial con el Ateneo de Palma del R\u00edo y la Asociaci\u00f3n Diso\u00f1amos.<\/p>\n<p><img decoding=\"async\" src=\"https:\/\/www.europesays.com\/es\/wp-content\/uploads\/2025\/09\/2EP24DCJV5HJHM4AWFA7SZQ2M4.jpg\" width=\"16\" height=\"9\"  loading=\"lazy\"\/>Ampliar<img decoding=\"async\" src=\"https:\/\/www.europesays.com\/es\/wp-content\/uploads\/2025\/09\/1757730856_881_2EP24DCJV5HJHM4AWFA7SZQ2M4.jpg\" width=\"16\" height=\"9\" loading=\"lazy\"\/>Cerrar<\/p>\n<p>Mu\u00f1oz Rojo tambi\u00e9n ha dado a conocer el Whatsapp de los oyentes que ser\u00e1 el 722 40 1234, un n\u00famero f\u00e1cil de recordar donde queremos que los vecinos nos ayuden a ofrecer su particular visi\u00f3n de la actualidad. Ser\u00e1 una importante novedad esta temporada \u00abque dar\u00e1 mucho juego\u00bb seg\u00fan las palabras del director.<\/p>\n<p>En el cuadrag\u00e9simo aniversario de Radio Palma ya se preparan una bater\u00eda de actos extraordinarios para celebrar esta efem\u00e9rides. El primero de ellos llegar\u00e1 \u201cesta navidad\u201d seg\u00fan Mu\u00f1oz Rojo y ser\u00e1 una exposici\u00f3n de aparatos de radio de distintas \u00e9pocas, la mayor\u00eda de ellas aportadas por Jes\u00fas Caro que colecciona estos aparatos desde hace muchos a\u00f1os. Tambi\u00e9n se prepara una exposici\u00f3n sobre la historia de la radio en Palma del R\u00edo, se recuperar\u00e1n momentos especiales de la historia de esta casa, habr\u00e1 programas especiales y la radio saldr\u00e1 a la calle a realizar sus programas en diferentes puntos de la comarca de la Vega del Guadalquivir. Tambi\u00e9n se prepara una fiesta musical junto al C\u00edrculo de la Amistad que ser\u00e1 para celebrar el d\u00eda de la Radio, el d\u00eda de los enamorados y carnaval, que tendr\u00e1 lugar el 14 de febrero. Para realizar todos estos actos, la emisora cuenta con patrocinios especiales \u201cdesde aqu\u00ed damos las gracias a todas las empresas que siguen apoyando un medio de comunicaci\u00f3n plural y con historia como es Radio Palma\u201d concluy\u00f3 Mu\u00f1oz Rojo.<\/p>\n","protected":false},"excerpt":{"rendered":"Palma del R\u00edo El director de antena de Radio Palma Cadena Ser, Manuel Mu\u00f1oz Rojo, ha presentado este&hellip;\n","protected":false},"author":2,"featured_media":111418,"comment_status":"","ping_status":"","sticky":false,"template":"","format":"standard","meta":{"footnotes":""},"categories":[170],"tags":[146,147,25,24,184,185,23],"class_list":{"0":"post-111417","1":"post","2":"type-post","3":"status-publish","4":"format-standard","5":"has-post-thumbnail","7":"category-musica","8":"tag-entertainment","9":"tag-entretenimiento","10":"tag-es","11":"tag-espana","12":"tag-music","13":"tag-musica","14":"tag-spain"},"share_on_mastodon":{"url":"","error":""},"_links":{"self":[{"href":"https:\/\/www.europesays.com\/es\/wp-json\/wp\/v2\/posts\/111417","targetHints":{"allow":["GET"]}}],"collection":[{"href":"https:\/\/www.europesays.com\/es\/wp-json\/wp\/v2\/posts"}],"about":[{"href":"https:\/\/www.europesays.com\/es\/wp-json\/wp\/v2\/types\/post"}],"author":[{"embeddable":true,"href":"https:\/\/www.europesays.com\/es\/wp-json\/wp\/v2\/users\/2"}],"replies":[{"embeddable":true,"href":"https:\/\/www.europesays.com\/es\/wp-json\/wp\/v2\/comments?post=111417"}],"version-history":[{"count":0,"href":"https:\/\/www.europesays.com\/es\/wp-json\/wp\/v2\/posts\/111417\/revisions"}],"wp:featuredmedia":[{"embeddable":true,"href":"https:\/\/www.europesays.com\/es\/wp-json\/wp\/v2\/media\/111418"}],"wp:attachment":[{"href":"https:\/\/www.europesays.com\/es\/wp-json\/wp\/v2\/media?parent=111417"}],"wp:term":[{"taxonomy":"category","embeddable":true,"href":"https:\/\/www.europesays.com\/es\/wp-json\/wp\/v2\/categories?post=111417"},{"taxonomy":"post_tag","embeddable":true,"href":"https:\/\/www.europesays.com\/es\/wp-json\/wp\/v2\/tags?post=111417"}],"curies":[{"name":"wp","href":"https:\/\/api.w.org\/{rel}","templated":true}]}}