{"id":111506,"date":"2025-09-13T03:37:13","date_gmt":"2025-09-13T03:37:13","guid":{"rendered":"https:\/\/www.europesays.com\/es\/111506\/"},"modified":"2025-09-13T03:37:13","modified_gmt":"2025-09-13T03:37:13","slug":"el-soriano-alex-calvo-arbitrara-este-sabado-el-amistoso-del-real-madrid-de-baloncesto-en-segovia","status":"publish","type":"post","link":"https:\/\/www.europesays.com\/es\/111506\/","title":{"rendered":"El soriano \u00c1lex Calvo arbitrar\u00e1 este s\u00e1bado el amistoso del Real Madrid de baloncesto en Segovia"},"content":{"rendered":"<p class=\"paragraph\">El \u00e1rbitro soriano <a href=\"https:\/\/www.heraldodiariodesoria.es\/deportes\/220627\/2769\/alex-calvo-plata-oro.html\" title=\"\u00c1lex Calvo, de la Plata al Oro\" rel=\"nofollow noopener\" target=\"_blank\">\u00c1lex Calvo <\/a>pitar\u00e1 este s\u00e1bado, a partir de las 19.00 horas, el partido amistoso que el Real Madrid de baloncesto jugar\u00e1 en Segovia ante el Casademont Zaragoza. Ser\u00e1 el tercer partido de preparaci\u00f3n para el conjunto madridista y, sin lugar a dudas, <b>el mejor regalo de cumplea\u00f1os<\/b> para \u00c1lex Calvo, que el viernes cumpl\u00eda 40 a\u00f1os de edad.<\/p>\n<p class=\"paragraph\">Segovia ser\u00e1 escenario de un evento deportivo sin precedentes en la capital del acueducto: el Real Madrid de baloncesto disputar\u00e1 por primera vez un partido en la ciudad frente a uno de los grandes cl\u00e1sicos de la ACB, el <b>Casademont Zaragoza<\/b>.<\/p>\n<p class=\"paragraph\">El encuentro, organizado por el Grupo Gigantes del Basket, se celebrar\u00e1 en el<b> pabell\u00f3n municipal Pedro Delgado de Segovia<\/b> bajo la denominaci\u00f3n Trofeo de Baloncesto Segovia Ciudad Europea del Deporte, ha despertado una enorme expectaci\u00f3n y se espera un lleno absoluto para disfrutar del espect\u00e1culo que ofrecer\u00e1n dos hist\u00f3ricos del baloncesto espa\u00f1ol.<\/p>\n<p class=\"paragraph\">Adem\u00e1s del atractivo deportivo, el partido contar\u00e1 con una importante cobertura medi\u00e1tica: ser\u00e1 <b>retransmitido por Real Madrid TV y Arag\u00f3n TV<\/b>, y recibir\u00e1 difusi\u00f3n nacional a trav\u00e9s de medios especializados como Gigantes del Basket, garantizando una proyecci\u00f3n destacada para la ciudad de Segovia y sus instituciones.\u00a0<\/p>\n","protected":false},"excerpt":{"rendered":"El \u00e1rbitro soriano \u00c1lex Calvo pitar\u00e1 este s\u00e1bado, a partir de las 19.00 horas, el partido amistoso que&hellip;\n","protected":false},"author":2,"featured_media":111507,"comment_status":"","ping_status":"","sticky":false,"template":"","format":"standard","meta":{"footnotes":""},"categories":[269],"tags":[12572,299,298,168,25,24,831,3048,1406,23,167],"class_list":{"0":"post-111506","1":"post","2":"type-post","3":"status-publish","4":"format-standard","5":"has-post-thumbnail","7":"category-baloncesto","8":"tag-arbitros","9":"tag-baloncesto","10":"tag-basketball","11":"tag-deportes","12":"tag-es","13":"tag-espana","14":"tag-liga-acb","15":"tag-real-madrid","16":"tag-segovia","17":"tag-spain","18":"tag-sports"},"share_on_mastodon":{"url":"","error":""},"_links":{"self":[{"href":"https:\/\/www.europesays.com\/es\/wp-json\/wp\/v2\/posts\/111506","targetHints":{"allow":["GET"]}}],"collection":[{"href":"https:\/\/www.europesays.com\/es\/wp-json\/wp\/v2\/posts"}],"about":[{"href":"https:\/\/www.europesays.com\/es\/wp-json\/wp\/v2\/types\/post"}],"author":[{"embeddable":true,"href":"https:\/\/www.europesays.com\/es\/wp-json\/wp\/v2\/users\/2"}],"replies":[{"embeddable":true,"href":"https:\/\/www.europesays.com\/es\/wp-json\/wp\/v2\/comments?post=111506"}],"version-history":[{"count":0,"href":"https:\/\/www.europesays.com\/es\/wp-json\/wp\/v2\/posts\/111506\/revisions"}],"wp:featuredmedia":[{"embeddable":true,"href":"https:\/\/www.europesays.com\/es\/wp-json\/wp\/v2\/media\/111507"}],"wp:attachment":[{"href":"https:\/\/www.europesays.com\/es\/wp-json\/wp\/v2\/media?parent=111506"}],"wp:term":[{"taxonomy":"category","embeddable":true,"href":"https:\/\/www.europesays.com\/es\/wp-json\/wp\/v2\/categories?post=111506"},{"taxonomy":"post_tag","embeddable":true,"href":"https:\/\/www.europesays.com\/es\/wp-json\/wp\/v2\/tags?post=111506"}],"curies":[{"name":"wp","href":"https:\/\/api.w.org\/{rel}","templated":true}]}}