{"id":111508,"date":"2025-09-13T03:38:13","date_gmt":"2025-09-13T03:38:13","guid":{"rendered":"https:\/\/www.europesays.com\/es\/111508\/"},"modified":"2025-09-13T03:38:13","modified_gmt":"2025-09-13T03:38:13","slug":"betis-y-pumas-tratan-de-desbloquear-las-reticencias-de-chimy","status":"publish","type":"post","link":"https:\/\/www.europesays.com\/es\/111508\/","title":{"rendered":"Betis y Pumas tratan de desbloquear las reticencias de Chimy"},"content":{"rendered":"<p>El jugador y su agente no dan a\u00fan su conformidad al movimiento y la operaci\u00f3n sigue estancada a pocas horas del cierre del mercado en M\u00e9xico<\/p>\n<p><img fetchpriority=\"high\" class=\"voc-img\" src=\"https:\/\/www.europesays.com\/es\/wp-content\/uploads\/2025\/09\/Chimy-Moldavia-RBB-RAFgZsPZEBVOrgXjzk6YrcP-1200x840@diario_abc.jpg\" loading=\"eager\" decoding=\"async\" alt=\"Chimy \u00c1vila, durante un calentamiento de la pasada temporada\" width=\"1200\" height=\"840\"\/><\/p>\n<p>Chimy \u00c1vila, durante un calentamiento de la pasada temporada    RBB  <\/p>\n<p><img decoding=\"async\" class=\"voc-author__img\" src=\"https:\/\/www.europesays.com\/es\/wp-content\/uploads\/2025\/09\/autor-3503-foto-5.png\" alt=\"Mateo Gonz\u00e1lez\"\/><\/p>\n<p class=\"voc-p\" style=\"\">El Betis y el Pumas dialogan con Chimy \u00c1vila y su representante para tratar de desbloquear la negativa del futbolista a marcharse al club mexicano en las condiciones econ\u00f3micas que se le ofrecen ahora mismo. La negociaci\u00f3n es a contrarreloj, con los clubes de acuerdo  &#8230; pero a la espera del ok del delantero antes del cierre del mercado en el pa\u00eds azteca a las 5.00 de la madrugada, hora espa\u00f1ola.<\/p>\n<p class=\"voc-p\" style=\"\">El pacto entre el Betis y Pumas es para una cesi\u00f3n con un valor de 400.000 euros y una opci\u00f3n de compra para el conjunto mexicano que se convierte en obligatoria si Chimy disputa una serie de partidos (de f\u00e1cil cumplimento) con la cual la operaci\u00f3n tendr\u00eda un beneficio completo para los verdiblancos de dos millones de euros.<\/p>\n<p class=\"voc-p\" style=\"\">La intenci\u00f3n del Betis es deshacerse de un futbolista que se considera prescindible en la plantilla y recuperar parte de la inversi\u00f3n realizada en su d\u00eda con el pago a Osasuna de cuatro millones m\u00e1s el 10% de Ra\u00fal Garc\u00eda de Haro por sus servicios en enero de 2024. Ademas, si Chimy juega tres partidos m\u00e1s con el Betis esta cantidad aumentar\u00eda en 350.000 euros por unas variables en ese acuerdo.<\/p>\n<p class=\"voc-p\" style=\"\">As\u00ed, en estas horas hasta el cierre del mercado en M\u00e9xico a las 5.00 hora espa\u00f1ola, el Betis espera poder desbloquear el asunto pero a\u00fan contin\u00faan el di\u00e1logo las partes para convencer econ\u00f3micamente a Chimy y su agente.<\/p>\n<p><img loading=\"lazy\" decoding=\"async\" width=\"530\" height=\"64\" class=\"logo-premium\" src=\"data:image\/gif;base64,R0lGODlhAQABAAAAACH5BAEKAAEALAAAAAABAAEAAAICTAEAOw==\" alt=\"ABC Premium\"\/><br \/>\nL\u00edmite de sesiones alcanzadas<\/p>\n<ul class=\"listado\">\n<li>El acceso al contenido Premium est\u00e1 abierto por cortes\u00eda del establecimiento donde te encuentras, pero ahora mismo hay demasiados usuarios conectados a la vez. Por favor, int\u00e9ntalo pasados unos minutos.<\/li>\n<\/ul>\n<p>Volver a intentar<\/p>\n<p><img loading=\"lazy\" decoding=\"async\" width=\"530\" height=\"64\" class=\"logo-premium\" src=\"data:image\/gif;base64,R0lGODlhAQABAAAAACH5BAEKAAEALAAAAAABAAEAAAICTAEAOw==\" alt=\"ABC Premium\"\/><br \/>\nHas superado el l\u00edmite de sesiones<\/p>\n<ul class=\"listado\">\n<li>S\u00f3lo puedes tener tres sesiones iniciadas a la vez. Hemos cerrado la sesi\u00f3n m\u00e1s antigua para que sigas navegando sin l\u00edmites en el resto.<\/li>\n<\/ul>\n<p>Sigue navegando<\/p>\n<p>\nArt\u00edculo solo para suscriptores\n<\/p>\n<p>Reportar un error<\/p>\n","protected":false},"excerpt":{"rendered":"El jugador y su agente no dan a\u00fan su conformidad al movimiento y la operaci\u00f3n sigue estancada a&hellip;\n","protected":false},"author":2,"featured_media":111509,"comment_status":"","ping_status":"","sticky":false,"template":"","format":"standard","meta":{"footnotes":""},"categories":[268],"tags":[291,37682,168,37991,25,24,280,282,4497,37992,281,23,167,2878],"class_list":{"0":"post-111508","1":"post","2":"type-post","3":"status-publish","4":"format-standard","5":"has-post-thumbnail","7":"category-futbol","8":"tag-betis","9":"tag-chimy","10":"tag-deportes","11":"tag-desbloquear","12":"tag-es","13":"tag-espana","14":"tag-football","15":"tag-futbol","16":"tag-pumas","17":"tag-reticencias","18":"tag-soccer","19":"tag-spain","20":"tag-sports","21":"tag-tratan"},"share_on_mastodon":{"url":"","error":""},"_links":{"self":[{"href":"https:\/\/www.europesays.com\/es\/wp-json\/wp\/v2\/posts\/111508","targetHints":{"allow":["GET"]}}],"collection":[{"href":"https:\/\/www.europesays.com\/es\/wp-json\/wp\/v2\/posts"}],"about":[{"href":"https:\/\/www.europesays.com\/es\/wp-json\/wp\/v2\/types\/post"}],"author":[{"embeddable":true,"href":"https:\/\/www.europesays.com\/es\/wp-json\/wp\/v2\/users\/2"}],"replies":[{"embeddable":true,"href":"https:\/\/www.europesays.com\/es\/wp-json\/wp\/v2\/comments?post=111508"}],"version-history":[{"count":0,"href":"https:\/\/www.europesays.com\/es\/wp-json\/wp\/v2\/posts\/111508\/revisions"}],"wp:featuredmedia":[{"embeddable":true,"href":"https:\/\/www.europesays.com\/es\/wp-json\/wp\/v2\/media\/111509"}],"wp:attachment":[{"href":"https:\/\/www.europesays.com\/es\/wp-json\/wp\/v2\/media?parent=111508"}],"wp:term":[{"taxonomy":"category","embeddable":true,"href":"https:\/\/www.europesays.com\/es\/wp-json\/wp\/v2\/categories?post=111508"},{"taxonomy":"post_tag","embeddable":true,"href":"https:\/\/www.europesays.com\/es\/wp-json\/wp\/v2\/tags?post=111508"}],"curies":[{"name":"wp","href":"https:\/\/api.w.org\/{rel}","templated":true}]}}