{"id":111516,"date":"2025-09-13T03:43:12","date_gmt":"2025-09-13T03:43:12","guid":{"rendered":"https:\/\/www.europesays.com\/es\/111516\/"},"modified":"2025-09-13T03:43:12","modified_gmt":"2025-09-13T03:43:12","slug":"la-verdad-detras-del-legendario-exito-de-metal","status":"publish","type":"post","link":"https:\/\/www.europesays.com\/es\/111516\/","title":{"rendered":"la verdad detr\u00e1s del legendario \u00e9xito de metal"},"content":{"rendered":"<p>\u2018Du Hast\u2019 es una de las canciones m\u00e1s grandes de la carrera de Rammstein, pero, tambi\u00e9n del metal industrial. Esta banda alemana logr\u00f3 varios \u00e9xitos hist\u00f3ricos, <strong>gracias a un sonido potente, pero tambi\u00e9n a una letra resonante.<\/strong><\/p>\n<p>Tal y como lo hace en varias de sus canciones, <a href=\"https:\/\/www.radioacktiva.com\/2025\/que-significa-mutter-esta-es-la-traduccion-del-melancolico-exito-de-rammstein-368997.html\" rel=\"nofollow noopener\" target=\"_blank\">los liderados por Till Lindemann han conseguido grabar un significado profundo que, incluso, es desconocido por varios de sus fan\u00e1ticos.<\/a><\/p>\n<p><strong>M\u00e1s noticias: <a href=\"https:\/\/www.radioacktiva.com\/2025\/ia-revelo-la-cancion-mas-pesada-en-la-carrera-de-rammstein-genero-polemica-376345.html\" rel=\"nofollow noopener\" target=\"_blank\">IA revel\u00f3 la canci\u00f3n m\u00e1s pesada en la carrera de Rammstein: gener\u00f3 pol\u00e9mica<\/a><\/strong><\/p>\n<p>Por ello, en este caso les hablaremos sobre la verdad detr\u00e1s de <strong>\u2018Du Hast\u2019, uno de los \u00e9xitos m\u00e1s brillantes de una trayectoria notable como la de Rammstein.<\/strong><\/p>\n<p>La cr\u00edtica de \u2018Du Hast\u2019<\/p>\n<p>Para nadie es un secreto que Rammstein ha logrado una cantidad hist\u00f3rica de canciones capaces de marcar a generaciones de amantes de la m\u00fasica.<\/p>\n<p>Esta banda de origen alem\u00e1n ha conquistado a sus fan\u00e1ticos con canciones como: <strong><a href=\"https:\/\/www.radioacktiva.com\/2025\/que-significa-feuer-frei-una-de-las-canciones-mas-epicas-de-la-legendaria-banda-rammstein-372050.html\" rel=\"nofollow noopener\" target=\"_blank\">\u2018Sonne\u2019, \u2018Deutschland\u2019 o \u2018Engel\u2019.<\/a><\/strong><\/p>\n<p>Sin embargo, \u2018Du Hast\u2019 es, para muchos, la canci\u00f3n m\u00e1s resaltante de la trayectoria de Rammstein, por su letra, y su ritmo estridente.<\/p>\n<blockquote class=\"instagram-media\" data-instgrm-captioned=\"\" data-instgrm-permalink=\"https:\/\/www.instagram.com\/reel\/CsbdiS5s6T5\/?utm_source=ig_embed&amp;utm_campaign=loading\" data-instgrm-version=\"14\" style=\" background:#FFF; border:0; border-radius:3px; box-shadow:0 0 1px 0 rgba(0,0,0,0.5),0 1px 10px 0 rgba(0,0,0,0.15); margin: 1px; max-width:540px; min-width:326px; padding:0; width:99.375%; width:-webkit-calc(100% - 2px); width:calc(100% - 2px);\"\/>\n<p>En esta canci\u00f3n, <strong><a href=\"https:\/\/www.radioacktiva.com\/2025\/la-cancion-perfecta-de-rammstein-para-liberar-adrenalina-y-emocion-con-solo-escucharla-378679.html\" rel=\"nofollow noopener\" target=\"_blank\">Rammstein fue capaz de mostrar una notable cr\u00edtica social hacia el matrimonio y hacia los votos en el amor.<\/a><\/strong><\/p>\n<p><strong>M\u00e1s noticias: <a href=\"https:\/\/www.radioacktiva.com\/2025\/esta-es-la-mejor-cancion-si-desea-escuchar-rammstein-por-primera-vez-segun-la-ia-365888.html\" rel=\"nofollow noopener\" target=\"_blank\">Esta es la mejor canci\u00f3n si desea escuchar Rammstein por primera vez; seg\u00fan la IA<\/a><\/strong><\/p>\n<p>Rammstein incluye en esta letra varias referencias a la uni\u00f3n matrimonial, <strong>y a la forma en que se interpreta este v\u00ednculo a partir de la frase \u201chasta que la muerte nos separe\u201d.<\/strong><\/p>\n<p>La forma de expresar esta tem\u00e1tica por parte de la banda, con este \u00e9xito de 1997, fue a trav\u00e9s de un desaire, <a href=\"https:\/\/www.radioacktiva.com\/2025\/estas-son-las-5-canciones-mas-escuchadas-de-rammstein-en-el-mundo-du-hast-en-la-lista-363066.html\" rel=\"nofollow noopener\" target=\"_blank\">donde uno de los dos involucrados en la boda expresa no querer estar en relaci\u00f3n con la pareja hasta la muerte.<\/a><\/p>\n<p>La verdad detr\u00e1s de \u2018Du Hast\u2019, la canci\u00f3n de Rammstein<\/p>\n<p>El t\u00edtulo de esta canci\u00f3n tiene 2 formas de ser interpretado. <a href=\"https:\/\/www.radioacktiva.com\/2025\/las-5-canciones-de-metal-industrial-mas-salvajes-rammstein-en-el-listado-368817.html\" rel=\"nofollow noopener\" target=\"_blank\">\u2018Du hast mich\u2019 como dice la letra de este \u00e9xito, se puede traducir como \u2018t\u00fa me tienes\u2019.<\/a><\/p>\n<p>Este es el t\u00edtulo de la canci\u00f3n, <strong>y hace referencia justamente a la uni\u00f3n matrimonial y amorosa entre dos personas.<\/strong><\/p>\n<p>Sin embargo,<a href=\"https:\/\/www.radioacktiva.com\/2025\/las-5-canciones-mas-legendarias-de-rammstein-du-hast-y-mas-exitos-en-la-lista-369770.html\" rel=\"nofollow noopener\" target=\"_blank\"> la verdad detr\u00e1s de este \u00e9xito es una forma de Rammstein de expresar lo antinatural que es tener un v\u00ednculo hasta la muerte<\/a>, y de como en muchas ocasiones un matrimonio puede ser una atadura de por vida.<\/p>\n<p>Dicho significado implica, indudablemente, <strong>una demostraci\u00f3n clara de la creatividad de la banda, y tambi\u00e9n de la profundidad de una canci\u00f3n como \u2018Du Hast\u2019.<\/strong><\/p>\n<p>                <script async src=\"\/\/www.instagram.com\/embed.js\"><\/script><\/p>\n","protected":false},"excerpt":{"rendered":"\u2018Du Hast\u2019 es una de las canciones m\u00e1s grandes de la carrera de Rammstein, pero, tambi\u00e9n del metal&hellip;\n","protected":false},"author":2,"featured_media":111517,"comment_status":"","ping_status":"","sticky":false,"template":"","format":"standard","meta":{"footnotes":""},"categories":[170],"tags":[146,147,25,24,184,185,37995,23],"class_list":{"0":"post-111516","1":"post","2":"type-post","3":"status-publish","4":"format-standard","5":"has-post-thumbnail","7":"category-musica","8":"tag-entertainment","9":"tag-entretenimiento","10":"tag-es","11":"tag-espana","12":"tag-music","13":"tag-musica","14":"tag-rammstein","15":"tag-spain"},"share_on_mastodon":{"url":"","error":""},"_links":{"self":[{"href":"https:\/\/www.europesays.com\/es\/wp-json\/wp\/v2\/posts\/111516","targetHints":{"allow":["GET"]}}],"collection":[{"href":"https:\/\/www.europesays.com\/es\/wp-json\/wp\/v2\/posts"}],"about":[{"href":"https:\/\/www.europesays.com\/es\/wp-json\/wp\/v2\/types\/post"}],"author":[{"embeddable":true,"href":"https:\/\/www.europesays.com\/es\/wp-json\/wp\/v2\/users\/2"}],"replies":[{"embeddable":true,"href":"https:\/\/www.europesays.com\/es\/wp-json\/wp\/v2\/comments?post=111516"}],"version-history":[{"count":0,"href":"https:\/\/www.europesays.com\/es\/wp-json\/wp\/v2\/posts\/111516\/revisions"}],"wp:featuredmedia":[{"embeddable":true,"href":"https:\/\/www.europesays.com\/es\/wp-json\/wp\/v2\/media\/111517"}],"wp:attachment":[{"href":"https:\/\/www.europesays.com\/es\/wp-json\/wp\/v2\/media?parent=111516"}],"wp:term":[{"taxonomy":"category","embeddable":true,"href":"https:\/\/www.europesays.com\/es\/wp-json\/wp\/v2\/categories?post=111516"},{"taxonomy":"post_tag","embeddable":true,"href":"https:\/\/www.europesays.com\/es\/wp-json\/wp\/v2\/tags?post=111516"}],"curies":[{"name":"wp","href":"https:\/\/api.w.org\/{rel}","templated":true}]}}