{"id":111518,"date":"2025-09-13T03:44:08","date_gmt":"2025-09-13T03:44:08","guid":{"rendered":"https:\/\/www.europesays.com\/es\/111518\/"},"modified":"2025-09-13T03:44:08","modified_gmt":"2025-09-13T03:44:08","slug":"james-gunn-revela-la-trama-de-la-secuela-de-superman-y-adelanta-un-villano-importante-del-dceu","status":"publish","type":"post","link":"https:\/\/www.europesays.com\/es\/111518\/","title":{"rendered":"James Gunn revela la trama de la secuela de &#8216;Superman&#8217; y adelanta un villano importante del DCEU"},"content":{"rendered":"<p><a title=\"James Gunn\" href=\"https:\/\/www.larazon.es\/videojuegos\/james-gunn-adelanta-importante-promesa-futuro-dceu-cine_2025082268a88601db588163100d02a6.html\" target=\"_blank\" rel=\"nofollow noopener\">James Gunn<\/a> ha dado a conocer nuevos detalles sobre <b>la secuela de <\/b><b>Superman<\/b>, lo que anticipa importantes novedades que afectan al <b>futuro m\u00e1s inmediato del DCEU<\/b>. Recientemente, <b>James Gunn<\/b> anunci\u00f3 que esta ser\u00eda su pr\u00f3xima pel\u00edcula en la franquicia con <b>David Corenswet a la cabeza una vez m\u00e1s<\/b>. Seg\u00fan las previsiones iniciales, el estreno de la pel\u00edcula est\u00e1 fijado para <b>el 9 de julio de 2027<\/b>.<\/p>\n<p>En este sentido, el r\u00e1pido avance de la pr\u00f3xima pel\u00edcula de <b>DC<\/b> demuestra el \u00e9xito que ha tenido <b>la visi\u00f3n de <\/b><b>Superman<\/b><b> de James Gunn<\/b>. Cuando se anunci\u00f3 por primera vez, <b>DC Studios<\/b> comparti\u00f3 diferentes ilustraciones relacionadas con <b>Clark Kent<\/b> y <b>Lex Luthor<\/b>. En este sentido, por extra\u00f1o que parezca, algunas de estas im\u00e1genes insinuaban que <b>Superman<\/b> y <b>Lex Luthor<\/b> colaboraban.<\/p>\n<p>Una alianza inesperada &#8216;Man of Tomorrow&#8217;<\/p>\n<p>Ahora, <b>James Gunn<\/b> ha aclarado qu\u00e9 es lo que se puede esperar de <b>la secuela de <\/b><b>Superman<\/b>. El director revel\u00f3 que <b>el Superman de David Corenswet<\/b> se unir\u00e1 a <b>Lex Luthor<\/b> contra un villano que supone una amenaza com\u00fan. As\u00ed que no queda margen de error: <b>Superman y Lex Luthor se convertir\u00e1n en aliados<\/b>.<\/p>\n<p>\u00abEs una historia sobre <b>Lex Luthor<\/b> y <b>Superman<\/b> en la que <b>tienen que trabajar juntos<\/b> contra <b>una amenaza mucho, mucho mayor<\/b>\u00ab, dec\u00eda <b>James Gunn<\/b>. Estas palabras de <b>James Gunn<\/b> resaltan con claridad por qu\u00e9 ambos personajes parec\u00edan colaborar codo con codo cuando se anunci\u00f3 <b>la secuela de <\/b><b>Superman<\/b>. Dicho esto, la idea de que <b>Superman<\/b> y <b>Lex Luthor<\/b> colaboren siempre implicar\u00eda una tregua temporal por <b>ese particular odio hacia Superman<\/b>.<\/p>\n<p>Por otro lado, <b>la insinuaci\u00f3n de James Gunn<\/b> sobre la que se supone una amenaza may\u00fascula podr\u00eda significar que personajes como <b>Brainiac<\/b>, <b>Mongul<\/b> o incluso <b>Darkside<\/b> podr\u00edan entrar en juego en <b>el nuevo reinicio del DCEU<\/b>. En cuanto a que <b>Lex Luthor<\/b> tenga un papel m\u00e1s importante como coprotagonista en la secuela, tambi\u00e9n es <b>una decisi\u00f3n que tiene sentido<\/b>.<\/p>\n<p>Despu\u00e9s de todo, <b>la actuaci\u00f3n de Nicholas Hoult<\/b> lo convirti\u00f3 en un personaje destacado en <b>Superman<\/b>. Adem\u00e1s, el h\u00e9roe de <b>DC<\/b> vio que <b>Lex Luthor ten\u00eda un fondo bueno<\/b>. Es evidente que <b>Man of Tomorrow<\/b> es un t\u00edtulo que parece encajar a la perfecci\u00f3n con ambos personajes como <b>un nuevo filme <\/b><b>Superman<\/b> que va en la direcci\u00f3n correcta.<\/p>\n","protected":false},"excerpt":{"rendered":"James Gunn ha dado a conocer nuevos detalles sobre la secuela de Superman, lo que anticipa importantes novedades&hellip;\n","protected":false},"author":2,"featured_media":111519,"comment_status":"","ping_status":"","sticky":false,"template":"","format":"standard","meta":{"footnotes":""},"categories":[169],"tags":[177,146,147,25,24,176,175,23],"class_list":{"0":"post-111518","1":"post","2":"type-post","3":"status-publish","4":"format-standard","5":"has-post-thumbnail","7":"category-cine","8":"tag-cine","9":"tag-entertainment","10":"tag-entretenimiento","11":"tag-es","12":"tag-espana","13":"tag-film","14":"tag-movies","15":"tag-spain"},"share_on_mastodon":{"url":"","error":""},"_links":{"self":[{"href":"https:\/\/www.europesays.com\/es\/wp-json\/wp\/v2\/posts\/111518","targetHints":{"allow":["GET"]}}],"collection":[{"href":"https:\/\/www.europesays.com\/es\/wp-json\/wp\/v2\/posts"}],"about":[{"href":"https:\/\/www.europesays.com\/es\/wp-json\/wp\/v2\/types\/post"}],"author":[{"embeddable":true,"href":"https:\/\/www.europesays.com\/es\/wp-json\/wp\/v2\/users\/2"}],"replies":[{"embeddable":true,"href":"https:\/\/www.europesays.com\/es\/wp-json\/wp\/v2\/comments?post=111518"}],"version-history":[{"count":0,"href":"https:\/\/www.europesays.com\/es\/wp-json\/wp\/v2\/posts\/111518\/revisions"}],"wp:featuredmedia":[{"embeddable":true,"href":"https:\/\/www.europesays.com\/es\/wp-json\/wp\/v2\/media\/111519"}],"wp:attachment":[{"href":"https:\/\/www.europesays.com\/es\/wp-json\/wp\/v2\/media?parent=111518"}],"wp:term":[{"taxonomy":"category","embeddable":true,"href":"https:\/\/www.europesays.com\/es\/wp-json\/wp\/v2\/categories?post=111518"},{"taxonomy":"post_tag","embeddable":true,"href":"https:\/\/www.europesays.com\/es\/wp-json\/wp\/v2\/tags?post=111518"}],"curies":[{"name":"wp","href":"https:\/\/api.w.org\/{rel}","templated":true}]}}