{"id":111529,"date":"2025-09-13T03:51:15","date_gmt":"2025-09-13T03:51:15","guid":{"rendered":"https:\/\/www.europesays.com\/es\/111529\/"},"modified":"2025-09-13T03:51:15","modified_gmt":"2025-09-13T03:51:15","slug":"el-parque-de-maria-luisa-de-sevilla-vuelve-a-abrir-sus-puertas-tras-el-brote-de-gripe-aviar","status":"publish","type":"post","link":"https:\/\/www.europesays.com\/es\/111529\/","title":{"rendered":"El Parque de Mar\u00eda Luisa de Sevilla vuelve a abrir sus puertas tras el brote de gripe aviar"},"content":{"rendered":"<p style=\"\">El<strong> Parque de Mar\u00eda Luisa ha reabierto este viernes<\/strong> tras permanecer cerrados con motivo del <strong>brote de gripe aviar<\/strong> detectado en este recinto por la muerte de cinco gansos en estas instalaciones, que obligaron a cerrar el recinto por prevenci\u00f3n. Esta reapertura  &#8230; se une a la llevada a cabo tambi\u00e9n esta jornada en los<strong> Jardines del Alc\u00e1zar<\/strong>, que tambi\u00e9n est\u00e1 abierto al p\u00fablico y, con ello, regresa el ciclo de conciertos &#8216;Noches en los jardines del Alc\u00e1zar&#8217;, que se hab\u00eda suspendido por este motivo.<\/p>\n<p class=\"voc-p\" style=\"\">Antes de llevar a cabo la reapertura de este emblem\u00e1tico espacio verde de la ciudad de Sevilla, se han<strong> limpiado y desinfectado los estanques<\/strong>, <strong>reforzado la vigilancia, vallado las zonas sensibles, controlado la recogida de aves y colocado la carteler\u00eda<\/strong> informativa con recomendaciones al p\u00fablico, recomendaciones que vienen recogidas en el <strong>protocolo de actuaci\u00f3n de la Junta de Andaluc\u00eda<\/strong>.<\/p>\n<p class=\"voc-p\" style=\"\">En lo que se refiere a los Jardines del Alc\u00e1zar, el Jard\u00edn del Pr\u00edncipe permanecer\u00e1 acotado por ser una zona de mayor concentraci\u00f3n de aves. Adem\u00e1s, la cafeter\u00eda abrir\u00e1 de nuevo sus puertas este s\u00e1bado, si bien lo har\u00e1 sin veladores.<\/p>\n<p class=\"voc-p\" style=\"\">Cabe recordar que en el Real Alc\u00e1zar, que recibe unos dos millones de visitas al a\u00f1o, se hab\u00eda reforzado la vigilancia despu\u00e9s del brote de gripe aviar detectado en el <strong>parque del Tamarguillo<\/strong> de la capital hispalense, algo que no pudo evitar que se produjeran cuatro muertes de aves que obligaron a su cierre preventivo hasta llevar a cabo las labores de desinfecci\u00f3n en el recinto y asegurar la reapertura del mismo con garant\u00edas y la informaci\u00f3n pertinente para los visitantes.<\/p>\n<blockquote class=\"twitter-tweet\">\n<p lang=\"es\" dir=\"ltr\">\ud83c\udf33 El Parque de Mar\u00eda Luisa vuelve a abrir sus puertas tras la aplicaci\u00f3n de todas las medidas del protocolo frente a la gripe aviar, supervisadas por la Junta de Andaluc\u00eda. <a href=\"https:\/\/t.co\/kb09AheNDC\" rel=\"nofollow\">pic.twitter.com\/kb09AheNDC<\/a><\/p>\n<p>\u2014 Ayuntamiento de Sevilla (@Ayto_Sevilla) <a href=\"https:\/\/twitter.com\/Ayto_Sevilla\/status\/1966539572264784269?ref_src=twsrc%5Etfw\" rel=\"nofollow noopener\" target=\"_blank\">September 12, 2025<\/a><\/p><\/blockquote>\n<p class=\"voc-p\" style=\"\">Por su parte, el parque de Mar\u00eda Luisa permaneci\u00f3 cerrado al acceso de los sevillistas y turistas que frecuentan este sitio emblem\u00e1tico, a excepci\u00f3n de la Plaza de Espa\u00f1a, que se pod\u00eda seguir visitando aunque su conexi\u00f3n con el parque estaba cerrado por un vallado que ya ha sido retirado<\/p>\n<p>\nNuevas aves muertas y positivo confirmado\n<\/p>\n<p class=\"voc-p\" style=\"\">Cabe recordar que este viernes aparecieron <strong>dos nuevas aves muertas en el Parque de los Pr\u00edncipes<\/strong>. Se trata de dos gansos que se suman a la lista de aves que han muerto estos \u00faltimos d\u00edas en la capital hispalense en sus distintos parques y jardines y que ha propiciado que se mantenga una especial vigilancia por la aparici\u00f3n de la gripe aviar, que se est\u00e1 cobrando la vida de estos animales.<\/p>\n<p class=\"voc-p\" style=\"\">En este mismo recinto del barrio de Los Remedios apareci\u00f3 hace unos d\u00edas un cisne muerto. El hecho de que hayan aparecido dos aves muertas este viernes no implica el cierre del parque porque no llega al m\u00ednimo de tres que establece el protocolo para plantearse el cierre de un recinto por prevenci\u00f3n.<\/p>\n<p class=\"voc-p\" style=\"\">Cabe recordar que el protocolo de Salud se\u00f1ala que deben ser un m\u00ednimo de tres aves muertas dentro de 24 horas para que se act\u00fae m\u00e1s all\u00e1 de la retirada de los ejemplares muertos y la prevenci\u00f3n con desinfecci\u00f3n del recinto.<\/p>\n<p class=\"voc-p\" style=\"\">Adem\u00e1s, este viernes <strong>el Ministerio de Agricultura, Pesca y Alimentaci\u00f3n confirm\u00f3 el positivo<\/strong> en Influenza Aviar de Alta Patogenicidad en Aves Silvestres en las aves muertas localizadas en el <strong>Parque de Miraflores<\/strong>. Que se suma a las detectadas en el Parque del Tamarguillo y el Parque de Mar\u00eda Luisa, adem\u00e1s del detectado en los jardines del Alc\u00e1zar.<\/p>\n<p class=\"voc-p\" style=\"\">En el Ayuntamiento de Sevilla esperaban poder tener buenas noticias con la reapertura de parques cerrados con motivo de los brotes de gripe aviar que han aparecido estos \u00faltimos d\u00edas. En este sentido, el delegado de Hacienda y Gobernaci\u00f3n del Ayuntamiento, <strong>Juan Bueno<\/strong>, se\u00f1al\u00f3 que \u00abespero que las novedades sean buenas. Han aparecido dos gansos muertos en el Parque de los Pr\u00edncipes, pero no cumple el protocolo de la Junta para cerrarlo. Es bueno que tengamos un protocolo de actuaci\u00f3n. Estamos en ver qu\u00e9 ocurre cada d\u00eda y lo que s\u00ed estamos es muy pendientes para tomar las medidas necesarias. Los servicios municipales est\u00e1n trabajando intensamente para devolver la normalidad a los parques de la ciudad. Espero que dentro de un rato les podamos avanzar que van a ponerse a disposici\u00f3n de los sevillanos los espacios p\u00fablicos que est\u00e1n cerrados, pero a medida que se vayan tomado las medidas\u00bb.<\/p>\n<p class=\"voc-p\" style=\"\">Bueno tambi\u00e9n explic\u00f3 que est\u00e1n colocando \u00abla se\u00f1al\u00e9tica para explicarle a las personas que est\u00e1n all\u00ed lo que nos manda el protocolo de la Junta de Andaluc\u00eda es una parte del protocolo, pero<strong> la desinfecci\u00f3n es la m\u00e1s importante<\/strong>. Se toman medidas, la Junta comprueba que se han tomado, y se reabren los parques\u00bb.<\/p>\n<p class=\"voc-p\" style=\"\">Adem\u00e1s, el primer teniente de alcalde del Ayuntamiento volvi\u00f3 a insistir en la tranquilidad respecto al contagio humano, ya que \u00ablas autoridades sanitarias lo repiten constantemente:<strong> es muy dif\u00edcil que se contagie en personas<\/strong> y de momento no se ha producido que yo sepa ninguno, ni hay riesgo de que se produzcan. Esto es competencia de las autoridades sanitarias que es la comunidad aut\u00f3noma, nosotros estamos colaborando con ellos\u00bb.<\/p>\n<p><script async src=\"https:\/\/platform.twitter.com\/widgets.js\" charset=\"utf-8\"><\/script><\/p>\n","protected":false},"excerpt":{"rendered":"El Parque de Mar\u00eda Luisa ha reabierto este viernes tras permanecer cerrados con motivo del brote de gripe&hellip;\n","protected":false},"author":2,"featured_media":111530,"comment_status":"","ping_status":"","sticky":false,"template":"","format":"standard","meta":{"footnotes":""},"categories":[8],"tags":[3360,29997,17,18,11335,25,24,13,14,7749,11,19,20,31581,1932,9,10,15,16,5993,5748,1171,23,12,575,21,22,739],"class_list":{"0":"post-111529","1":"post","2":"type-post","3":"status-publish","4":"format-standard","5":"has-post-thumbnail","7":"category-espana","8":"tag-abrir","9":"tag-aviar","10":"tag-breaking-news","11":"tag-breakingnews","12":"tag-brote","13":"tag-es","14":"tag-espana","15":"tag-featured-news","16":"tag-featurednews","17":"tag-gripe","18":"tag-headlines","19":"tag-latest-news","20":"tag-latestnews","21":"tag-luisa","22":"tag-maria","23":"tag-news","24":"tag-noticias","25":"tag-noticias-destacadas","26":"tag-noticiasdestacadas","27":"tag-parque","28":"tag-puertas","29":"tag-sevilla","30":"tag-spain","31":"tag-titulares","32":"tag-tras","33":"tag-ultimas-noticias","34":"tag-ultimasnoticias","35":"tag-vuelve"},"share_on_mastodon":{"url":"","error":""},"_links":{"self":[{"href":"https:\/\/www.europesays.com\/es\/wp-json\/wp\/v2\/posts\/111529","targetHints":{"allow":["GET"]}}],"collection":[{"href":"https:\/\/www.europesays.com\/es\/wp-json\/wp\/v2\/posts"}],"about":[{"href":"https:\/\/www.europesays.com\/es\/wp-json\/wp\/v2\/types\/post"}],"author":[{"embeddable":true,"href":"https:\/\/www.europesays.com\/es\/wp-json\/wp\/v2\/users\/2"}],"replies":[{"embeddable":true,"href":"https:\/\/www.europesays.com\/es\/wp-json\/wp\/v2\/comments?post=111529"}],"version-history":[{"count":0,"href":"https:\/\/www.europesays.com\/es\/wp-json\/wp\/v2\/posts\/111529\/revisions"}],"wp:featuredmedia":[{"embeddable":true,"href":"https:\/\/www.europesays.com\/es\/wp-json\/wp\/v2\/media\/111530"}],"wp:attachment":[{"href":"https:\/\/www.europesays.com\/es\/wp-json\/wp\/v2\/media?parent=111529"}],"wp:term":[{"taxonomy":"category","embeddable":true,"href":"https:\/\/www.europesays.com\/es\/wp-json\/wp\/v2\/categories?post=111529"},{"taxonomy":"post_tag","embeddable":true,"href":"https:\/\/www.europesays.com\/es\/wp-json\/wp\/v2\/tags?post=111529"}],"curies":[{"name":"wp","href":"https:\/\/api.w.org\/{rel}","templated":true}]}}