{"id":111536,"date":"2025-09-13T03:57:07","date_gmt":"2025-09-13T03:57:07","guid":{"rendered":"https:\/\/www.europesays.com\/es\/111536\/"},"modified":"2025-09-13T03:57:07","modified_gmt":"2025-09-13T03:57:07","slug":"ivan-ivanov-no-1-junior-de-16-anos-y-protegido-de-rafael-nadal-estoy-entusiasmado-por-el-tenis-atp-tour","status":"publish","type":"post","link":"https:\/\/www.europesays.com\/es\/111536\/","title":{"rendered":"Ivan Ivanov, No. 1 Junior, de 16 a\u00f1os y protegido de Rafael Nadal: &#8216;\u00bbEstoy entusiasmado por el tenis\u00bb | ATP Tour"},"content":{"rendered":"<p>        ATP Tour<br \/>\n    Ivanov, No. 1 Junior, de 16 a\u00f1os y protegido de Nadal: \u00abEstoy entusiasmado por el tenis\u00bb<\/p>\n<p>El b\u00falgaro gan\u00f3 los t\u00edtulos juveniles de Wimbledon y US Open este a\u00f1o<\/p>\n<p>September 12, 2025<\/p>\n<p>            <img decoding=\"async\" src=\"https:\/\/www.europesays.com\/es\/wp-content\/uploads\/2025\/09\/ivanov-us-open-2025-feature.jpg\" alt=\"\"\/><\/p>\n<p>Sarah Stier\/Getty Images<\/p>\n<p>        By Redacci\u00f3n ATP <\/p>\n<p><a href=\"https:\/\/www.atptour.com\/es\/players\/rafael-nadal\/n409\/overview\" rel=\"nofollow noopener\" target=\"_blank\">Rafael Nadal<\/a> alcanz\u00f3 la cima del PIF ATP Ranking por primera vez en agosto de 2008, poco despu\u00e9s de vencer a <a href=\"https:\/\/www.atptour.com\/es\/players\/roger-federer\/f324\/overview\" rel=\"nofollow noopener\" target=\"_blank\">Roger Federer<\/a> en la final de <a href=\"https:\/\/www.atptour.com\/es\/tournaments\/wimbledon\/540\/overview\" rel=\"nofollow noopener\" target=\"_blank\">Wimbledon<\/a>, considerada por muchos como uno de los mejores partidos de la historia del tenis.<\/p>\n<p><a href=\"https:\/\/www.atptour.com\/es\/players\/ivan-ivanov\/i0bs\/overview\" rel=\"nofollow noopener\" target=\"_blank\">Ivan Ivanov<\/a> no naci\u00f3 hasta octubre de ese a\u00f1o. Diecis\u00e9is a\u00f1os despu\u00e9s, el b\u00falgaro entrena en la Rafa Nadal Academy by Movistar y es el No. 1 del Ranking Junior de la ITF, tras sus victorias en <a href=\"https:\/\/www.atptour.com\/es\/tournaments\/wimbledon\/540\/overview\" rel=\"nofollow noopener\" target=\"_blank\">Wimbledon<\/a> y el <a href=\"https:\/\/www.atptour.com\/es\/tournaments\/us-open\/560\/overview\" rel=\"nofollow noopener\" target=\"_blank\">US Open<\/a>.<\/p>\n<p>El joven ten\u00eda mucha presi\u00f3n para rendir en Nueva York como No. 1 del mundo junior y vigente campe\u00f3n de <a href=\"https:\/\/www.atptour.com\/es\/tournaments\/wimbledon\/540\/overview\" rel=\"nofollow noopener\" target=\"_blank\">Wimbledon<\/a>, pero no mostr\u00f3 nerviosismo al conquistar otro Grand Slam en Flushing Meadows.<\/p>\n<p>\u201cFue muy duro, sin duda. Hab\u00eda expectativas y todas las miradas estaban puestas mi\u201d, declar\u00f3 Ivanov a ATPTour.com. \u00abEs algo que hay que tomarse con mucha seriedad. Pero lo gestion\u00e9 muy bien, como podemos ver, y estoy muy contento con el resultado.\u201d<\/p>\n<p>Tambi\u00e9n Podr\u00eda Interesarle: <a href=\"https:\/\/www.atptour.com\/es\/news\/us-open-2025-boys-final\" rel=\"nofollow noopener\" target=\"_blank\">Ivanov sigue los pasos de Dimitrov en el US Open junior y Rafa Nadal aplaude<\/a><\/p>\n<p>Ivanov no proviene de una familia de tenistas. Pero su padre le dio su primera raqueta y no se arrepinti\u00f3.<\/p>\n<p>\u201cEmpec\u00e9 a jugar. Me present\u00e9 a mi primer entrenador y as\u00ed fue como surgi\u00f3 una conexi\u00f3n, y la gente cercana a m\u00ed me inspir\u00f3 a jugar al tenis\u201d, dijo Ivanov.<\/p>\n<p>\u201cAl principio me encantaban los deportes de raqueta. Disfrutaba viendo con mi madre algunos partidos de tenis de la vieja escuela, como Roger y Stan. No son tan cl\u00e1sicos, pero me encantaba verlos y quer\u00eda probarlo. Lo prob\u00e9 y me encant\u00f3, lo que me hizo muy feliz con este deporte\u201d.<\/p>\n<p><a rel=\"noopener noreferrer nofollow\" href=\"https:\/\/www.atptour.com\/en\/news\/it-all-adds-up-hub\" target=\"_blank\"><img decoding=\"async\" alt=\"It All Adds Up\" style=\"width:100%;\" src=\"https:\/\/www.europesays.com\/es\/wp-content\/uploads\/2025\/09\/1757735827_571_it-all-adds-up-banner.jpg\"\/><\/a><\/p>\n<p><a href=\"https:\/\/www.atptour.com\/es\/players\/stan-wawrinka\/w367\/overview\" rel=\"nofollow noopener\" target=\"_blank\">Stan Wawrinka<\/a>, que ahora tiene 40 a\u00f1os, es 24 a\u00f1os mayor que el b\u00falgaro y sigue compitiendo. El b\u00falgaro tambi\u00e9n admiraba a figuras como su compatriota <a href=\"https:\/\/www.atptour.com\/es\/players\/grigor-dimitrov\/d875\/overview\" rel=\"nofollow noopener\" target=\"_blank\">Grigor Dimitrov<\/a> y al 24 veces campe\u00f3n de Grand Slam, <a href=\"https:\/\/www.atptour.com\/es\/players\/novak-djokovic\/d643\/overview\" rel=\"nofollow noopener\" target=\"_blank\">Novak Djokovic<\/a>, quien conquist\u00f3 su primer t\u00edtulo de Grand Slam el a\u00f1o en que naci\u00f3 Ivanov. Hace cuatro a\u00f1os, el b\u00falgaro se mud\u00f3 a Espa\u00f1a para entrenar en la academia de Nadal.<\/p>\n<p>\u00abClaro que fue muy dif\u00edcil porque estaba lejos de mi padre y de mi madre\u00bb, dijo Ivanov. \u00abPero lo importante es que logr\u00e9 superarlo y ellos pueden venir siempre que pueden, as\u00ed que esto me dio un poco m\u00e1s de confianza en mi decisi\u00f3n y me dio una raz\u00f3n m\u00e1s para hacerlo\u00bb.<\/p>\n<p>El joven de 16 a\u00f1os explic\u00f3 que ha disfrutado especialmente trabajando con los profesores de la academia. Nadal tambi\u00e9n sigue el crecimiento de Ivanov y lo felicit\u00f3 tras su victoria en el <a href=\"https:\/\/www.atptour.com\/es\/tournaments\/us-open\/560\/overview\" rel=\"nofollow noopener\" target=\"_blank\">US Open<\/a>.<\/p>\n<p>\u201cSon todos s\u00faper amables conmigo y con todos\u201d, dijo Ivanov, cuyo entrenador principal es Jeremy Paisan. \u201cMe encanta eso de ellos. Disfruto estar en la academia y estoy muy agradecido de estar all\u00ed\u201d.<\/p>\n<p>Ivanov se convirti\u00f3 en el tercer junior hombre de este siglo en levantar los trofeos de <a href=\"https:\/\/www.atptour.com\/es\/tournaments\/wimbledon\/540\/overview\" rel=\"nofollow noopener\" target=\"_blank\">Wimbledon<\/a> y el <a href=\"https:\/\/www.atptour.com\/es\/tournaments\/us-open\/560\/overview\" rel=\"nofollow noopener\" target=\"_blank\">US Open<\/a> en el mismo a\u00f1o, uni\u00e9ndose a Dimitrov y <a href=\"https:\/\/www.atptour.com\/es\/players\/filip-peliwo\/pf65\/overview\" rel=\"nofollow noopener\" target=\"_blank\">Filip Peliwo<\/a>. El b\u00falgaro conoci\u00f3 a Dimitrov de joven en Sof\u00eda.<\/p>\n<p>\u201cMe elogi\u00f3 mucho mi juego. Me dio algunos consejos\u201d, dijo Ivanov. \u201cMe motiv\u00f3 mucho a seguir adelante\u201d.<\/p>\n<p>Eso le ha funcionado a un jugador que tambi\u00e9n disfruta del golf, leer libros de autores como Julio Verne y ver pel\u00edculas. \u201cMe gusta estar m\u00e1s tranquilo\u201d, dijo. Pero en la cancha, Ivanov es un competidor feroz que ya ha llegado al puesto No. 795 en el PIF ATP ranking y esta semana, representa a Bulgaria en la Copa Davis por primera vez.<\/p>\n","protected":false},"excerpt":{"rendered":"ATP Tour Ivanov, No. 1 Junior, de 16 a\u00f1os y protegido de Nadal: \u00abEstoy entusiasmado por el tenis\u00bb&hellip;\n","protected":false},"author":2,"featured_media":111537,"comment_status":"","ping_status":"","sticky":false,"template":"","format":"standard","meta":{"footnotes":""},"categories":[274],"tags":[168,25,24,23,167,327,326],"class_list":{"0":"post-111536","1":"post","2":"type-post","3":"status-publish","4":"format-standard","5":"has-post-thumbnail","7":"category-tenis","8":"tag-deportes","9":"tag-es","10":"tag-espana","11":"tag-spain","12":"tag-sports","13":"tag-tenis","14":"tag-tennis"},"share_on_mastodon":{"url":"","error":""},"_links":{"self":[{"href":"https:\/\/www.europesays.com\/es\/wp-json\/wp\/v2\/posts\/111536","targetHints":{"allow":["GET"]}}],"collection":[{"href":"https:\/\/www.europesays.com\/es\/wp-json\/wp\/v2\/posts"}],"about":[{"href":"https:\/\/www.europesays.com\/es\/wp-json\/wp\/v2\/types\/post"}],"author":[{"embeddable":true,"href":"https:\/\/www.europesays.com\/es\/wp-json\/wp\/v2\/users\/2"}],"replies":[{"embeddable":true,"href":"https:\/\/www.europesays.com\/es\/wp-json\/wp\/v2\/comments?post=111536"}],"version-history":[{"count":0,"href":"https:\/\/www.europesays.com\/es\/wp-json\/wp\/v2\/posts\/111536\/revisions"}],"wp:featuredmedia":[{"embeddable":true,"href":"https:\/\/www.europesays.com\/es\/wp-json\/wp\/v2\/media\/111537"}],"wp:attachment":[{"href":"https:\/\/www.europesays.com\/es\/wp-json\/wp\/v2\/media?parent=111536"}],"wp:term":[{"taxonomy":"category","embeddable":true,"href":"https:\/\/www.europesays.com\/es\/wp-json\/wp\/v2\/categories?post=111536"},{"taxonomy":"post_tag","embeddable":true,"href":"https:\/\/www.europesays.com\/es\/wp-json\/wp\/v2\/tags?post=111536"}],"curies":[{"name":"wp","href":"https:\/\/api.w.org\/{rel}","templated":true}]}}