{"id":111538,"date":"2025-09-13T03:58:42","date_gmt":"2025-09-13T03:58:42","guid":{"rendered":"https:\/\/www.europesays.com\/es\/111538\/"},"modified":"2025-09-13T03:58:42","modified_gmt":"2025-09-13T03:58:42","slug":"mucha-seguridad-protestas-y-aficion-por-el-ciclismo-todas-las-imagenes-de-la-vuelta-en-salamanca","status":"publish","type":"post","link":"https:\/\/www.europesays.com\/es\/111538\/","title":{"rendered":"Mucha seguridad, protestas, y afici\u00f3n por el ciclismo: todas las im\u00e1genes de La Vuelta en Salamanca"},"content":{"rendered":"<p class=\"v-mdl-ath__p v-mdl-ath__p--6\">\nViernes, 12 de septiembre 2025, 17:50<\/p>\n<p>| Actualizado 20:52h.<\/p>\n<p class=\"v-p\">La <a href=\"https:\/\/www.lagacetadesalamanca.es\/deportes\/vuelta-espana-salamanca-directo-ultima-hora-etapa-20250912143000-di.html\" target=\"_self\" data-voc-vtm-id=\"in-text-traffic\" title=\"19\u00aa etapa de La Vuelta Ciclista a Espa\u00f1a\" data-mrf-link=\"www.lagacetadesalamanca.es\" rel=\"nofollow noopener\">19\u00aa etapa de La Vuelta Ciclista a Espa\u00f1a<\/a>, con salida en <strong>Rueda<\/strong> y meta en <strong>Guijuelo<\/strong>, ha recorrido este viernes la provincia de <strong>Salamanca<\/strong> en una jornada marcada por la tensi\u00f3n en la previa, pero que, finalmente, ha transcurrido <strong>sin incidentes<\/strong>.<\/p>\n<p class=\"v-p\">El pelot\u00f3n ha entrado en Salamanca capital por la <strong>avenida de San Agust\u00edn<\/strong> en torno a las 16:30 horas, con el checo <strong>Jakub Otruba<\/strong> (<strong>Caja Rural-Seguros RGA<\/strong>) al frente. A lo largo de todo el recorrido urbano, la presencia de manifestantes pro palestinos ha sido constante, especialmente en puntos clave como el <strong>Puente de Enrique Estevan<\/strong> y la <strong>avenida de los Reyes de Espa\u00f1a<\/strong>, donde se han escuchado proclamas como \u00ab\u00a1Que viva la lucha del pueblo palestino!\u00bb y \u00abDesde el r\u00edo hasta el mar, Palestina vencer\u00e1\u00bb. Varias pancartas, con lemas contra Israel y recordatorios de las v\u00edctimas del conflicto, han acompa\u00f1ado la protesta.<\/p>\n<p class=\"v-p\">Pese a la contundencia de los mensajes, el dispositivo de seguridad desplegado \u2014con <strong>agentes de Polic\u00eda Nacional, Guardia Civil y efectivos locales<\/strong>\u2014 ha garantizado que la carrera se desarrollara con normalidad. Durante el transcurso del pelot\u00f3n por la capital, no se han registrado intentos de cortar el paso a los ciclistas y todo ha avanzado sin sobresaltos hacia <strong>Moz\u00e1rbez<\/strong> y las carreteras que lo han llevado hasta Guijuelo.<\/p>\n<p class=\"v-p\">En la localidad chacinera, donde aguardaban decenas de aficionados, la llegada ha estado acompa\u00f1ada tambi\u00e9n por grupos de manifestantes que, con meg\u00e1fono en mano, han reiterado sus consignas en la recta de <strong>Filiberto Villalobos<\/strong>. La <strong>subdelegada del Gobierno en Salamanca<\/strong>, <strong>Rosa L\u00f3pez<\/strong>, ha estado presente en la meta, supervisando el tramo final del dispositivo de seguridad.<\/p>\n<p class=\"v-p\">La etapa ha dejado la doble imagen de la fiesta ciclista y la reivindicaci\u00f3n pol\u00edtica. Salamanca ha vuelto a vibrar con La Vuelta cinco a\u00f1os despu\u00e9s de su \u00faltima visita y Guijuelo ha recuperado protagonismo en la gran ronda 35 a\u00f1os despu\u00e9s de aquel triunfo del colombiano <strong>N\u00e9stor Mora<\/strong> en 1990.<\/p>\n<p><img decoding=\"async\" loading=\"lazy\" src=\"https:\/\/www.europesays.com\/es\/wp-content\/uploads\/2025\/09\/1vueltaciclista.jpg\" class=\"v-a-img\" width=\"720\" height=\"540\" alt=\"Mucha seguridad, protestas, y afici\u00f3n por el ciclismo: todas las im\u00e1genes de La Vuelta en Salamanca\"\/><\/p>\n<p>ALMEIDA \/ LAYA \/ OBES<\/p>\n<p><img decoding=\"async\" loading=\"lazy\" src=\"https:\/\/www.europesays.com\/es\/wp-content\/uploads\/2025\/09\/1vueltaciclista.jpg\" class=\"v-mdl__img-z\" width=\"720\" height=\"540\" alt=\"Mucha seguridad, protestas, y afici\u00f3n por el ciclismo: todas las im\u00e1genes de La Vuelta en Salamanca\"\/><\/p>\n<p><img loading=\"lazy\" decoding=\"async\" src=\"https:\/\/www.europesays.com\/es\/wp-content\/uploads\/2025\/09\/1vueltaciclista.jpg\" class=\"v-mdl__img-z\" width=\"720\" height=\"540\" alt=\"Mucha seguridad, protestas, y afici\u00f3n por el ciclismo: todas las im\u00e1genes de La Vuelta en Salamanca\"\/><\/p>\n<p><img decoding=\"async\" loading=\"lazy\" src=\"https:\/\/www.europesays.com\/es\/wp-content\/uploads\/2025\/09\/4vueltaciclista.jpg\" class=\"v-a-img\" width=\"720\" height=\"540\" alt=\"Mucha seguridad, protestas, y afici\u00f3n por el ciclismo: todas las im\u00e1genes de La Vuelta en Salamanca\"\/><\/p>\n<p>ALMEIDA \/ LAYA \/ OBES<\/p>\n<p><img decoding=\"async\" loading=\"lazy\" src=\"https:\/\/www.europesays.com\/es\/wp-content\/uploads\/2025\/09\/4vueltaciclista.jpg\" class=\"v-mdl__img-z\" width=\"720\" height=\"540\" alt=\"Mucha seguridad, protestas, y afici\u00f3n por el ciclismo: todas las im\u00e1genes de La Vuelta en Salamanca\"\/><\/p>\n<p><img loading=\"lazy\" decoding=\"async\" src=\"https:\/\/www.europesays.com\/es\/wp-content\/uploads\/2025\/09\/4vueltaciclista.jpg\" class=\"v-mdl__img-z\" width=\"720\" height=\"540\" alt=\"Mucha seguridad, protestas, y afici\u00f3n por el ciclismo: todas las im\u00e1genes de La Vuelta en Salamanca\"\/><\/p>\n<p><img decoding=\"async\" loading=\"lazy\" src=\"https:\/\/www.europesays.com\/es\/wp-content\/uploads\/2025\/09\/2vueltaciclista.jpg\" class=\"v-a-img\" width=\"720\" height=\"540\" alt=\"Mucha seguridad, protestas, y afici\u00f3n por el ciclismo: todas las im\u00e1genes de La Vuelta en Salamanca\"\/><\/p>\n<p>ALMEIDA \/ LAYA \/ OBES<\/p>\n<p><img decoding=\"async\" loading=\"lazy\" src=\"https:\/\/www.europesays.com\/es\/wp-content\/uploads\/2025\/09\/2vueltaciclista.jpg\" class=\"v-mdl__img-z\" width=\"720\" height=\"540\" alt=\"Mucha seguridad, protestas, y afici\u00f3n por el ciclismo: todas las im\u00e1genes de La Vuelta en Salamanca\"\/><\/p>\n<p><img loading=\"lazy\" decoding=\"async\" src=\"https:\/\/www.europesays.com\/es\/wp-content\/uploads\/2025\/09\/2vueltaciclista.jpg\" class=\"v-mdl__img-z\" width=\"720\" height=\"540\" alt=\"Mucha seguridad, protestas, y afici\u00f3n por el ciclismo: todas las im\u00e1genes de La Vuelta en Salamanca\"\/><\/p>\n<p><img decoding=\"async\" loading=\"lazy\" src=\"https:\/\/www.europesays.com\/es\/wp-content\/uploads\/2025\/09\/6vueltaciclista.jpg\" class=\"v-a-img\" width=\"720\" height=\"540\" alt=\"Mucha seguridad, protestas, y afici\u00f3n por el ciclismo: todas las im\u00e1genes de La Vuelta en Salamanca\"\/><\/p>\n<p>ALMEIDA \/ LAYA \/ OBES<\/p>\n<p><img decoding=\"async\" loading=\"lazy\" src=\"https:\/\/www.europesays.com\/es\/wp-content\/uploads\/2025\/09\/6vueltaciclista.jpg\" class=\"v-mdl__img-z\" width=\"720\" height=\"540\" alt=\"Mucha seguridad, protestas, y afici\u00f3n por el ciclismo: todas las im\u00e1genes de La Vuelta en Salamanca\"\/><\/p>\n<p><img loading=\"lazy\" decoding=\"async\" src=\"https:\/\/www.europesays.com\/es\/wp-content\/uploads\/2025\/09\/6vueltaciclista.jpg\" class=\"v-mdl__img-z\" width=\"720\" height=\"540\" alt=\"Mucha seguridad, protestas, y afici\u00f3n por el ciclismo: todas las im\u00e1genes de La Vuelta en Salamanca\"\/><\/p>\n<p><img decoding=\"async\" loading=\"lazy\" src=\"https:\/\/www.europesays.com\/es\/wp-content\/uploads\/2025\/09\/5vueltaciclista.jpg\" class=\"v-a-img\" width=\"720\" height=\"540\" alt=\"Mucha seguridad, protestas, y afici\u00f3n por el ciclismo: todas las im\u00e1genes de La Vuelta en Salamanca\"\/><\/p>\n<p>ALMEIDA \/ LAYA \/ OBES<\/p>\n<p><img decoding=\"async\" loading=\"lazy\" src=\"https:\/\/www.europesays.com\/es\/wp-content\/uploads\/2025\/09\/5vueltaciclista.jpg\" class=\"v-mdl__img-z\" width=\"720\" height=\"540\" alt=\"Mucha seguridad, protestas, y afici\u00f3n por el ciclismo: todas las im\u00e1genes de La Vuelta en Salamanca\"\/><\/p>\n<p><img loading=\"lazy\" decoding=\"async\" src=\"https:\/\/www.europesays.com\/es\/wp-content\/uploads\/2025\/09\/5vueltaciclista.jpg\" class=\"v-mdl__img-z\" width=\"720\" height=\"540\" alt=\"Mucha seguridad, protestas, y afici\u00f3n por el ciclismo: todas las im\u00e1genes de La Vuelta en Salamanca\"\/><\/p>\n<p><img decoding=\"async\" loading=\"lazy\" src=\"https:\/\/www.europesays.com\/es\/wp-content\/uploads\/2025\/09\/7vueltaciclista.jpg\" class=\"v-a-img\" width=\"720\" height=\"540\" alt=\"Mucha seguridad, protestas, y afici\u00f3n por el ciclismo: todas las im\u00e1genes de La Vuelta en Salamanca\"\/><\/p>\n<p>ALMEIDA \/ LAYA \/ OBES<\/p>\n<p><img decoding=\"async\" loading=\"lazy\" src=\"https:\/\/www.europesays.com\/es\/wp-content\/uploads\/2025\/09\/7vueltaciclista.jpg\" class=\"v-mdl__img-z\" width=\"720\" height=\"540\" alt=\"Mucha seguridad, protestas, y afici\u00f3n por el ciclismo: todas las im\u00e1genes de La Vuelta en Salamanca\"\/><\/p>\n<p><img loading=\"lazy\" decoding=\"async\" src=\"https:\/\/www.europesays.com\/es\/wp-content\/uploads\/2025\/09\/7vueltaciclista.jpg\" class=\"v-mdl__img-z\" width=\"720\" height=\"540\" alt=\"Mucha seguridad, protestas, y afici\u00f3n por el ciclismo: todas las im\u00e1genes de La Vuelta en Salamanca\"\/><\/p>\n<p><img decoding=\"async\" loading=\"lazy\" src=\"https:\/\/www.europesays.com\/es\/wp-content\/uploads\/2025\/09\/8vueltaciclista.jpg\" class=\"v-a-img\" width=\"720\" height=\"540\" alt=\"Mucha seguridad, protestas, y afici\u00f3n por el ciclismo: todas las im\u00e1genes de La Vuelta en Salamanca\"\/><\/p>\n<p>ALMEIDA \/ LAYA \/ OBES<\/p>\n<p><img decoding=\"async\" loading=\"lazy\" src=\"https:\/\/www.europesays.com\/es\/wp-content\/uploads\/2025\/09\/8vueltaciclista.jpg\" class=\"v-mdl__img-z\" width=\"720\" height=\"540\" alt=\"Mucha seguridad, protestas, y afici\u00f3n por el ciclismo: todas las im\u00e1genes de La Vuelta en Salamanca\"\/><\/p>\n<p><img loading=\"lazy\" decoding=\"async\" src=\"https:\/\/www.europesays.com\/es\/wp-content\/uploads\/2025\/09\/8vueltaciclista.jpg\" class=\"v-mdl__img-z\" width=\"720\" height=\"540\" alt=\"Mucha seguridad, protestas, y afici\u00f3n por el ciclismo: todas las im\u00e1genes de La Vuelta en Salamanca\"\/><\/p>\n<p><img decoding=\"async\" loading=\"lazy\" src=\"https:\/\/www.europesays.com\/es\/wp-content\/uploads\/2025\/09\/9vueltaciclista.jpg\" class=\"v-a-img\" width=\"720\" height=\"540\" alt=\"Mucha seguridad, protestas, y afici\u00f3n por el ciclismo: todas las im\u00e1genes de La Vuelta en Salamanca\"\/><\/p>\n<p>ALMEIDA \/ LAYA \/ OBES<\/p>\n<p><img decoding=\"async\" loading=\"lazy\" src=\"https:\/\/www.europesays.com\/es\/wp-content\/uploads\/2025\/09\/9vueltaciclista.jpg\" class=\"v-mdl__img-z\" width=\"720\" height=\"540\" alt=\"Mucha seguridad, protestas, y afici\u00f3n por el ciclismo: todas las im\u00e1genes de La Vuelta en Salamanca\"\/><\/p>\n<p><img loading=\"lazy\" decoding=\"async\" src=\"https:\/\/www.europesays.com\/es\/wp-content\/uploads\/2025\/09\/9vueltaciclista.jpg\" class=\"v-mdl__img-z\" width=\"720\" height=\"540\" alt=\"Mucha seguridad, protestas, y afici\u00f3n por el ciclismo: todas las im\u00e1genes de La Vuelta en Salamanca\"\/><\/p>\n<p><img decoding=\"async\" loading=\"lazy\" src=\"https:\/\/www.europesays.com\/es\/wp-content\/uploads\/2025\/09\/10vueltaciclista.jpg\" class=\"v-a-img\" width=\"720\" height=\"540\" alt=\"Mucha seguridad, protestas, y afici\u00f3n por el ciclismo: todas las im\u00e1genes de La Vuelta en Salamanca\"\/><\/p>\n<p>ALMEIDA \/ LAYA \/ OBES<\/p>\n<p><img decoding=\"async\" loading=\"lazy\" src=\"https:\/\/www.europesays.com\/es\/wp-content\/uploads\/2025\/09\/10vueltaciclista.jpg\" class=\"v-mdl__img-z\" width=\"720\" height=\"540\" alt=\"Mucha seguridad, protestas, y afici\u00f3n por el ciclismo: todas las im\u00e1genes de La Vuelta en Salamanca\"\/><\/p>\n<p><img loading=\"lazy\" decoding=\"async\" src=\"https:\/\/www.europesays.com\/es\/wp-content\/uploads\/2025\/09\/10vueltaciclista.jpg\" class=\"v-mdl__img-z\" width=\"720\" height=\"540\" alt=\"Mucha seguridad, protestas, y afici\u00f3n por el ciclismo: todas las im\u00e1genes de La Vuelta en Salamanca\"\/><\/p>\n<p><img decoding=\"async\" loading=\"lazy\" src=\"https:\/\/www.europesays.com\/es\/wp-content\/uploads\/2025\/09\/11vueltaciclista.jpg\" class=\"v-a-img\" width=\"720\" height=\"540\" alt=\"Mucha seguridad, protestas, y afici\u00f3n por el ciclismo: todas las im\u00e1genes de La Vuelta en Salamanca\"\/><\/p>\n<p>ALMEIDA \/ LAYA \/ OBES<\/p>\n<p><img decoding=\"async\" loading=\"lazy\" src=\"https:\/\/www.europesays.com\/es\/wp-content\/uploads\/2025\/09\/11vueltaciclista.jpg\" class=\"v-mdl__img-z\" width=\"720\" height=\"540\" alt=\"Mucha seguridad, protestas, y afici\u00f3n por el ciclismo: todas las im\u00e1genes de La Vuelta en Salamanca\"\/><\/p>\n<p><img loading=\"lazy\" decoding=\"async\" src=\"https:\/\/www.europesays.com\/es\/wp-content\/uploads\/2025\/09\/11vueltaciclista.jpg\" class=\"v-mdl__img-z\" width=\"720\" height=\"540\" alt=\"Mucha seguridad, protestas, y afici\u00f3n por el ciclismo: todas las im\u00e1genes de La Vuelta en Salamanca\"\/><\/p>\n<p><img decoding=\"async\" loading=\"lazy\" src=\"https:\/\/www.europesays.com\/es\/wp-content\/uploads\/2025\/09\/12vueltaciclista.jpg\" class=\"v-a-img\" width=\"720\" height=\"540\" alt=\"Mucha seguridad, protestas, y afici\u00f3n por el ciclismo: todas las im\u00e1genes de La Vuelta en Salamanca\"\/><\/p>\n<p>ALMEIDA \/ LAYA \/ OBES<\/p>\n<p><img decoding=\"async\" loading=\"lazy\" src=\"https:\/\/www.europesays.com\/es\/wp-content\/uploads\/2025\/09\/12vueltaciclista.jpg\" class=\"v-mdl__img-z\" width=\"720\" height=\"540\" alt=\"Mucha seguridad, protestas, y afici\u00f3n por el ciclismo: todas las im\u00e1genes de La Vuelta en Salamanca\"\/><\/p>\n<p><img loading=\"lazy\" decoding=\"async\" src=\"https:\/\/www.europesays.com\/es\/wp-content\/uploads\/2025\/09\/12vueltaciclista.jpg\" class=\"v-mdl__img-z\" width=\"720\" height=\"540\" alt=\"Mucha seguridad, protestas, y afici\u00f3n por el ciclismo: todas las im\u00e1genes de La Vuelta en Salamanca\"\/><\/p>\n<p><img decoding=\"async\" loading=\"lazy\" src=\"https:\/\/www.europesays.com\/es\/wp-content\/uploads\/2025\/09\/19vueltaciclista.jpg\" class=\"v-a-img\" width=\"720\" height=\"540\" alt=\"Mucha seguridad, protestas, y afici\u00f3n por el ciclismo: todas las im\u00e1genes de La Vuelta en Salamanca\"\/><\/p>\n<p>ALMEIDA \/ LAYA \/ OBES<\/p>\n<p><img decoding=\"async\" loading=\"lazy\" src=\"https:\/\/www.europesays.com\/es\/wp-content\/uploads\/2025\/09\/19vueltaciclista.jpg\" class=\"v-mdl__img-z\" width=\"720\" height=\"540\" alt=\"Mucha seguridad, protestas, y afici\u00f3n por el ciclismo: todas las im\u00e1genes de La Vuelta en Salamanca\"\/><\/p>\n<p><img loading=\"lazy\" decoding=\"async\" src=\"https:\/\/www.europesays.com\/es\/wp-content\/uploads\/2025\/09\/19vueltaciclista.jpg\" class=\"v-mdl__img-z\" width=\"720\" height=\"540\" alt=\"Mucha seguridad, protestas, y afici\u00f3n por el ciclismo: todas las im\u00e1genes de La Vuelta en Salamanca\"\/><\/p>\n<p><img decoding=\"async\" loading=\"lazy\" src=\"https:\/\/www.europesays.com\/es\/wp-content\/uploads\/2025\/09\/13vueltaciclista.jpg\" class=\"v-a-img\" width=\"720\" height=\"540\" alt=\"Mucha seguridad, protestas, y afici\u00f3n por el ciclismo: todas las im\u00e1genes de La Vuelta en Salamanca\"\/><\/p>\n<p>ALMEIDA \/ LAYA \/ OBES<\/p>\n<p><img decoding=\"async\" loading=\"lazy\" src=\"https:\/\/www.europesays.com\/es\/wp-content\/uploads\/2025\/09\/13vueltaciclista.jpg\" class=\"v-mdl__img-z\" width=\"720\" height=\"540\" alt=\"Mucha seguridad, protestas, y afici\u00f3n por el ciclismo: todas las im\u00e1genes de La Vuelta en Salamanca\"\/><\/p>\n<p><img loading=\"lazy\" decoding=\"async\" src=\"https:\/\/www.europesays.com\/es\/wp-content\/uploads\/2025\/09\/13vueltaciclista.jpg\" class=\"v-mdl__img-z\" width=\"720\" height=\"540\" alt=\"Mucha seguridad, protestas, y afici\u00f3n por el ciclismo: todas las im\u00e1genes de La Vuelta en Salamanca\"\/><\/p>\n<p><img decoding=\"async\" loading=\"lazy\" src=\"https:\/\/www.europesays.com\/es\/wp-content\/uploads\/2025\/09\/14vueltaciclista.jpg\" class=\"v-a-img\" width=\"720\" height=\"540\" alt=\"Mucha seguridad, protestas, y afici\u00f3n por el ciclismo: todas las im\u00e1genes de La Vuelta en Salamanca\"\/><\/p>\n<p>ALMEIDA \/ LAYA \/ OBES<\/p>\n<p><img decoding=\"async\" loading=\"lazy\" src=\"https:\/\/www.europesays.com\/es\/wp-content\/uploads\/2025\/09\/14vueltaciclista.jpg\" class=\"v-mdl__img-z\" width=\"720\" height=\"540\" alt=\"Mucha seguridad, protestas, y afici\u00f3n por el ciclismo: todas las im\u00e1genes de La Vuelta en Salamanca\"\/><\/p>\n<p><img loading=\"lazy\" decoding=\"async\" src=\"https:\/\/www.europesays.com\/es\/wp-content\/uploads\/2025\/09\/14vueltaciclista.jpg\" class=\"v-mdl__img-z\" width=\"720\" height=\"540\" alt=\"Mucha seguridad, protestas, y afici\u00f3n por el ciclismo: todas las im\u00e1genes de La Vuelta en Salamanca\"\/><\/p>\n<p><img decoding=\"async\" loading=\"lazy\" src=\"https:\/\/www.europesays.com\/es\/wp-content\/uploads\/2025\/09\/15vueltaciclista.jpg\" class=\"v-a-img\" width=\"720\" height=\"540\" alt=\"Mucha seguridad, protestas, y afici\u00f3n por el ciclismo: todas las im\u00e1genes de La Vuelta en Salamanca\"\/><\/p>\n<p>ALMEIDA \/ LAYA \/ OBES<\/p>\n<p><img decoding=\"async\" loading=\"lazy\" src=\"https:\/\/www.europesays.com\/es\/wp-content\/uploads\/2025\/09\/15vueltaciclista.jpg\" class=\"v-mdl__img-z\" width=\"720\" height=\"540\" alt=\"Mucha seguridad, protestas, y afici\u00f3n por el ciclismo: todas las im\u00e1genes de La Vuelta en Salamanca\"\/><\/p>\n<p><img loading=\"lazy\" decoding=\"async\" src=\"https:\/\/www.europesays.com\/es\/wp-content\/uploads\/2025\/09\/15vueltaciclista.jpg\" class=\"v-mdl__img-z\" width=\"720\" height=\"540\" alt=\"Mucha seguridad, protestas, y afici\u00f3n por el ciclismo: todas las im\u00e1genes de La Vuelta en Salamanca\"\/><\/p>\n<p><img decoding=\"async\" loading=\"lazy\" src=\"https:\/\/www.europesays.com\/es\/wp-content\/uploads\/2025\/09\/16vueltaciclista.jpg\" class=\"v-a-img\" width=\"720\" height=\"540\" alt=\"Mucha seguridad, protestas, y afici\u00f3n por el ciclismo: todas las im\u00e1genes de La Vuelta en Salamanca\"\/><\/p>\n<p>ALMEIDA \/ LAYA \/ OBES<\/p>\n<p><img decoding=\"async\" loading=\"lazy\" src=\"https:\/\/www.europesays.com\/es\/wp-content\/uploads\/2025\/09\/16vueltaciclista.jpg\" class=\"v-mdl__img-z\" width=\"720\" height=\"540\" alt=\"Mucha seguridad, protestas, y afici\u00f3n por el ciclismo: todas las im\u00e1genes de La Vuelta en Salamanca\"\/><\/p>\n<p><img loading=\"lazy\" decoding=\"async\" src=\"https:\/\/www.europesays.com\/es\/wp-content\/uploads\/2025\/09\/16vueltaciclista.jpg\" class=\"v-mdl__img-z\" width=\"720\" height=\"540\" alt=\"Mucha seguridad, protestas, y afici\u00f3n por el ciclismo: todas las im\u00e1genes de La Vuelta en Salamanca\"\/><\/p>\n<p><img decoding=\"async\" loading=\"lazy\" src=\"https:\/\/www.europesays.com\/es\/wp-content\/uploads\/2025\/09\/17vueltaciclista.jpg\" class=\"v-a-img\" width=\"720\" height=\"540\" alt=\"Mucha seguridad, protestas, y afici\u00f3n por el ciclismo: todas las im\u00e1genes de La Vuelta en Salamanca\"\/><\/p>\n<p>ALMEIDA \/ LAYA \/ OBES<\/p>\n<p><img decoding=\"async\" loading=\"lazy\" src=\"https:\/\/www.europesays.com\/es\/wp-content\/uploads\/2025\/09\/17vueltaciclista.jpg\" class=\"v-mdl__img-z\" width=\"720\" height=\"540\" alt=\"Mucha seguridad, protestas, y afici\u00f3n por el ciclismo: todas las im\u00e1genes de La Vuelta en Salamanca\"\/><\/p>\n<p><img loading=\"lazy\" decoding=\"async\" src=\"https:\/\/www.europesays.com\/es\/wp-content\/uploads\/2025\/09\/17vueltaciclista.jpg\" class=\"v-mdl__img-z\" width=\"720\" height=\"540\" alt=\"Mucha seguridad, protestas, y afici\u00f3n por el ciclismo: todas las im\u00e1genes de La Vuelta en Salamanca\"\/><\/p>\n<p><img decoding=\"async\" loading=\"lazy\" src=\"https:\/\/www.europesays.com\/es\/wp-content\/uploads\/2025\/09\/18vueltaciclista.jpg\" class=\"v-a-img\" width=\"720\" height=\"540\" alt=\"Mucha seguridad, protestas, y afici\u00f3n por el ciclismo: todas las im\u00e1genes de La Vuelta en Salamanca\"\/><\/p>\n<p>ALMEIDA \/ LAYA \/ OBES<\/p>\n<p><img decoding=\"async\" loading=\"lazy\" src=\"https:\/\/www.europesays.com\/es\/wp-content\/uploads\/2025\/09\/18vueltaciclista.jpg\" class=\"v-mdl__img-z\" width=\"720\" height=\"540\" alt=\"Mucha seguridad, protestas, y afici\u00f3n por el ciclismo: todas las im\u00e1genes de La Vuelta en Salamanca\"\/><\/p>\n<p><img loading=\"lazy\" decoding=\"async\" src=\"https:\/\/www.europesays.com\/es\/wp-content\/uploads\/2025\/09\/18vueltaciclista.jpg\" class=\"v-mdl__img-z\" width=\"720\" height=\"540\" alt=\"Mucha seguridad, protestas, y afici\u00f3n por el ciclismo: todas las im\u00e1genes de La Vuelta en Salamanca\"\/><\/p>\n<p><img decoding=\"async\" loading=\"lazy\" src=\"https:\/\/www.europesays.com\/es\/wp-content\/uploads\/2025\/09\/56vueltaciclista.jpg\" class=\"v-a-img\" width=\"720\" height=\"540\" alt=\"Mucha seguridad, protestas, y afici\u00f3n por el ciclismo: todas las im\u00e1genes de La Vuelta en Salamanca\"\/><\/p>\n<p>ALMEIDA \/ LAYA \/ OBES<\/p>\n<p><img decoding=\"async\" loading=\"lazy\" src=\"https:\/\/www.europesays.com\/es\/wp-content\/uploads\/2025\/09\/56vueltaciclista.jpg\" class=\"v-mdl__img-z\" width=\"720\" height=\"540\" alt=\"Mucha seguridad, protestas, y afici\u00f3n por el ciclismo: todas las im\u00e1genes de La Vuelta en Salamanca\"\/><\/p>\n<p><img loading=\"lazy\" decoding=\"async\" src=\"https:\/\/www.europesays.com\/es\/wp-content\/uploads\/2025\/09\/56vueltaciclista.jpg\" class=\"v-mdl__img-z\" width=\"720\" height=\"540\" alt=\"Mucha seguridad, protestas, y afici\u00f3n por el ciclismo: todas las im\u00e1genes de La Vuelta en Salamanca\"\/><\/p>\n<p><img decoding=\"async\" loading=\"lazy\" src=\"https:\/\/www.europesays.com\/es\/wp-content\/uploads\/2025\/09\/22vueltaciclista.jpg\" class=\"v-a-img\" width=\"720\" height=\"540\" alt=\"Mucha seguridad, protestas, y afici\u00f3n por el ciclismo: todas las im\u00e1genes de La Vuelta en Salamanca\"\/><\/p>\n<p>ALMEIDA \/ LAYA \/ OBES<\/p>\n<p><img decoding=\"async\" loading=\"lazy\" src=\"https:\/\/www.europesays.com\/es\/wp-content\/uploads\/2025\/09\/22vueltaciclista.jpg\" class=\"v-mdl__img-z\" width=\"720\" height=\"540\" alt=\"Mucha seguridad, protestas, y afici\u00f3n por el ciclismo: todas las im\u00e1genes de La Vuelta en Salamanca\"\/><\/p>\n<p><img loading=\"lazy\" decoding=\"async\" src=\"https:\/\/www.europesays.com\/es\/wp-content\/uploads\/2025\/09\/22vueltaciclista.jpg\" class=\"v-mdl__img-z\" width=\"720\" height=\"540\" alt=\"Mucha seguridad, protestas, y afici\u00f3n por el ciclismo: todas las im\u00e1genes de La Vuelta en Salamanca\"\/><\/p>\n<p><img decoding=\"async\" loading=\"lazy\" src=\"https:\/\/www.europesays.com\/es\/wp-content\/uploads\/2025\/09\/25vueltaciclista.jpg\" class=\"v-a-img\" width=\"720\" height=\"540\" alt=\"Mucha seguridad, protestas, y afici\u00f3n por el ciclismo: todas las im\u00e1genes de La Vuelta en Salamanca\"\/><\/p>\n<p>ALMEIDA \/ LAYA \/ OBES<\/p>\n<p><img decoding=\"async\" loading=\"lazy\" src=\"https:\/\/www.europesays.com\/es\/wp-content\/uploads\/2025\/09\/25vueltaciclista.jpg\" class=\"v-mdl__img-z\" width=\"720\" height=\"540\" alt=\"Mucha seguridad, protestas, y afici\u00f3n por el ciclismo: todas las im\u00e1genes de La Vuelta en Salamanca\"\/><\/p>\n<p><img loading=\"lazy\" decoding=\"async\" src=\"https:\/\/www.europesays.com\/es\/wp-content\/uploads\/2025\/09\/25vueltaciclista.jpg\" class=\"v-mdl__img-z\" width=\"720\" height=\"540\" alt=\"Mucha seguridad, protestas, y afici\u00f3n por el ciclismo: todas las im\u00e1genes de La Vuelta en Salamanca\"\/><\/p>\n<p><img decoding=\"async\" loading=\"lazy\" src=\"https:\/\/www.europesays.com\/es\/wp-content\/uploads\/2025\/09\/28vueltaciclista.jpg\" class=\"v-a-img\" width=\"720\" height=\"540\" alt=\"Mucha seguridad, protestas, y afici\u00f3n por el ciclismo: todas las im\u00e1genes de La Vuelta en Salamanca\"\/><\/p>\n<p>ALMEIDA \/ LAYA \/ OBES<\/p>\n<p><img decoding=\"async\" loading=\"lazy\" src=\"https:\/\/www.europesays.com\/es\/wp-content\/uploads\/2025\/09\/28vueltaciclista.jpg\" class=\"v-mdl__img-z\" width=\"720\" height=\"540\" alt=\"Mucha seguridad, protestas, y afici\u00f3n por el ciclismo: todas las im\u00e1genes de La Vuelta en Salamanca\"\/><\/p>\n<p><img loading=\"lazy\" decoding=\"async\" src=\"https:\/\/www.europesays.com\/es\/wp-content\/uploads\/2025\/09\/28vueltaciclista.jpg\" class=\"v-mdl__img-z\" width=\"720\" height=\"540\" alt=\"Mucha seguridad, protestas, y afici\u00f3n por el ciclismo: todas las im\u00e1genes de La Vuelta en Salamanca\"\/><\/p>\n<p><img decoding=\"async\" loading=\"lazy\" src=\"https:\/\/www.europesays.com\/es\/wp-content\/uploads\/2025\/09\/32vueltaciclista.jpg\" class=\"v-a-img\" width=\"720\" height=\"540\" alt=\"Mucha seguridad, protestas, y afici\u00f3n por el ciclismo: todas las im\u00e1genes de La Vuelta en Salamanca\"\/><\/p>\n<p>ALMEIDA \/ LAYA \/ OBES<\/p>\n<p><img decoding=\"async\" loading=\"lazy\" src=\"https:\/\/www.europesays.com\/es\/wp-content\/uploads\/2025\/09\/32vueltaciclista.jpg\" class=\"v-mdl__img-z\" width=\"720\" height=\"540\" alt=\"Mucha seguridad, protestas, y afici\u00f3n por el ciclismo: todas las im\u00e1genes de La Vuelta en Salamanca\"\/><\/p>\n<p><img loading=\"lazy\" decoding=\"async\" src=\"https:\/\/www.europesays.com\/es\/wp-content\/uploads\/2025\/09\/32vueltaciclista.jpg\" class=\"v-mdl__img-z\" width=\"720\" height=\"540\" alt=\"Mucha seguridad, protestas, y afici\u00f3n por el ciclismo: todas las im\u00e1genes de La Vuelta en Salamanca\"\/><\/p>\n<p><img decoding=\"async\" loading=\"lazy\" src=\"https:\/\/www.europesays.com\/es\/wp-content\/uploads\/2025\/09\/35vueltaciclista.jpg\" class=\"v-a-img\" width=\"720\" height=\"540\" alt=\"Mucha seguridad, protestas, y afici\u00f3n por el ciclismo: todas las im\u00e1genes de La Vuelta en Salamanca\"\/><\/p>\n<p>ALMEIDA \/ LAYA \/ OBES<\/p>\n<p><img decoding=\"async\" loading=\"lazy\" src=\"https:\/\/www.europesays.com\/es\/wp-content\/uploads\/2025\/09\/35vueltaciclista.jpg\" class=\"v-mdl__img-z\" width=\"720\" height=\"540\" alt=\"Mucha seguridad, protestas, y afici\u00f3n por el ciclismo: todas las im\u00e1genes de La Vuelta en Salamanca\"\/><\/p>\n<p><img loading=\"lazy\" decoding=\"async\" src=\"https:\/\/www.europesays.com\/es\/wp-content\/uploads\/2025\/09\/35vueltaciclista.jpg\" class=\"v-mdl__img-z\" width=\"720\" height=\"540\" alt=\"Mucha seguridad, protestas, y afici\u00f3n por el ciclismo: todas las im\u00e1genes de La Vuelta en Salamanca\"\/><\/p>\n<p><img decoding=\"async\" loading=\"lazy\" src=\"https:\/\/www.europesays.com\/es\/wp-content\/uploads\/2025\/09\/36vueltaciclista.jpg\" class=\"v-a-img\" width=\"720\" height=\"540\" alt=\"Mucha seguridad, protestas, y afici\u00f3n por el ciclismo: todas las im\u00e1genes de La Vuelta en Salamanca\"\/><\/p>\n<p><img decoding=\"async\" loading=\"lazy\" src=\"https:\/\/www.europesays.com\/es\/wp-content\/uploads\/2025\/09\/36vueltaciclista.jpg\" class=\"v-mdl__img-z\" width=\"720\" height=\"540\" alt=\"Mucha seguridad, protestas, y afici\u00f3n por el ciclismo: todas las im\u00e1genes de La Vuelta en Salamanca\"\/><\/p>\n<p><img loading=\"lazy\" decoding=\"async\" src=\"https:\/\/www.europesays.com\/es\/wp-content\/uploads\/2025\/09\/36vueltaciclista.jpg\" class=\"v-mdl__img-z\" width=\"720\" height=\"540\" alt=\"Mucha seguridad, protestas, y afici\u00f3n por el ciclismo: todas las im\u00e1genes de La Vuelta en Salamanca\"\/><\/p>\n<p><img decoding=\"async\" loading=\"lazy\" src=\"https:\/\/www.europesays.com\/es\/wp-content\/uploads\/2025\/09\/37vueltaciclista.jpg\" class=\"v-a-img\" width=\"720\" height=\"540\" alt=\"Mucha seguridad, protestas, y afici\u00f3n por el ciclismo: todas las im\u00e1genes de La Vuelta en Salamanca\"\/><\/p>\n<p><img decoding=\"async\" loading=\"lazy\" src=\"https:\/\/www.europesays.com\/es\/wp-content\/uploads\/2025\/09\/37vueltaciclista.jpg\" class=\"v-mdl__img-z\" width=\"720\" height=\"540\" alt=\"Mucha seguridad, protestas, y afici\u00f3n por el ciclismo: todas las im\u00e1genes de La Vuelta en Salamanca\"\/><\/p>\n<p><img loading=\"lazy\" decoding=\"async\" src=\"https:\/\/www.europesays.com\/es\/wp-content\/uploads\/2025\/09\/37vueltaciclista.jpg\" class=\"v-mdl__img-z\" width=\"720\" height=\"540\" alt=\"Mucha seguridad, protestas, y afici\u00f3n por el ciclismo: todas las im\u00e1genes de La Vuelta en Salamanca\"\/><\/p>\n<p><img decoding=\"async\" loading=\"lazy\" src=\"https:\/\/www.europesays.com\/es\/wp-content\/uploads\/2025\/09\/38vueltaciclista_20250912172821.jpg\" class=\"v-a-img\" width=\"720\" height=\"540\" alt=\"Mucha seguridad, protestas, y afici\u00f3n por el ciclismo: todas las im\u00e1genes de La Vuelta en Salamanca\"\/><\/p>\n<p><img decoding=\"async\" loading=\"lazy\" src=\"https:\/\/www.europesays.com\/es\/wp-content\/uploads\/2025\/09\/38vueltaciclista_20250912172821.jpg\" class=\"v-mdl__img-z\" width=\"720\" height=\"540\" alt=\"Mucha seguridad, protestas, y afici\u00f3n por el ciclismo: todas las im\u00e1genes de La Vuelta en Salamanca\"\/><\/p>\n<p><img loading=\"lazy\" decoding=\"async\" src=\"https:\/\/www.europesays.com\/es\/wp-content\/uploads\/2025\/09\/38vueltaciclista_20250912172821.jpg\" class=\"v-mdl__img-z\" width=\"720\" height=\"540\" alt=\"Mucha seguridad, protestas, y afici\u00f3n por el ciclismo: todas las im\u00e1genes de La Vuelta en Salamanca\"\/><\/p>\n<p><img decoding=\"async\" loading=\"lazy\" src=\"https:\/\/www.europesays.com\/es\/wp-content\/uploads\/2025\/09\/40vueltaciclista.jpg\" class=\"v-a-img\" width=\"720\" height=\"540\" alt=\"Mucha seguridad, protestas, y afici\u00f3n por el ciclismo: todas las im\u00e1genes de La Vuelta en Salamanca\"\/><\/p>\n<p><img decoding=\"async\" loading=\"lazy\" src=\"https:\/\/www.europesays.com\/es\/wp-content\/uploads\/2025\/09\/40vueltaciclista.jpg\" class=\"v-mdl__img-z\" width=\"720\" height=\"540\" alt=\"Mucha seguridad, protestas, y afici\u00f3n por el ciclismo: todas las im\u00e1genes de La Vuelta en Salamanca\"\/><\/p>\n<p><img loading=\"lazy\" decoding=\"async\" src=\"https:\/\/www.europesays.com\/es\/wp-content\/uploads\/2025\/09\/40vueltaciclista.jpg\" class=\"v-mdl__img-z\" width=\"720\" height=\"540\" alt=\"Mucha seguridad, protestas, y afici\u00f3n por el ciclismo: todas las im\u00e1genes de La Vuelta en Salamanca\"\/><\/p>\n<p><img decoding=\"async\" loading=\"lazy\" src=\"https:\/\/www.europesays.com\/es\/wp-content\/uploads\/2025\/09\/41vueltaciclista.jpg\" class=\"v-a-img\" width=\"720\" height=\"540\" alt=\"Mucha seguridad, protestas, y afici\u00f3n por el ciclismo: todas las im\u00e1genes de La Vuelta en Salamanca\"\/><\/p>\n<p><img decoding=\"async\" loading=\"lazy\" src=\"https:\/\/www.europesays.com\/es\/wp-content\/uploads\/2025\/09\/41vueltaciclista.jpg\" class=\"v-mdl__img-z\" width=\"720\" height=\"540\" alt=\"Mucha seguridad, protestas, y afici\u00f3n por el ciclismo: todas las im\u00e1genes de La Vuelta en Salamanca\"\/><\/p>\n<p><img loading=\"lazy\" decoding=\"async\" src=\"https:\/\/www.europesays.com\/es\/wp-content\/uploads\/2025\/09\/41vueltaciclista.jpg\" class=\"v-mdl__img-z\" width=\"720\" height=\"540\" alt=\"Mucha seguridad, protestas, y afici\u00f3n por el ciclismo: todas las im\u00e1genes de La Vuelta en Salamanca\"\/><\/p>\n<p><img decoding=\"async\" loading=\"lazy\" src=\"https:\/\/www.europesays.com\/es\/wp-content\/uploads\/2025\/09\/42vueltaciclista.jpg\" class=\"v-a-img\" width=\"720\" height=\"540\" alt=\"Mucha seguridad, protestas, y afici\u00f3n por el ciclismo: todas las im\u00e1genes de La Vuelta en Salamanca\"\/><\/p>\n<p><img decoding=\"async\" loading=\"lazy\" src=\"https:\/\/www.europesays.com\/es\/wp-content\/uploads\/2025\/09\/42vueltaciclista.jpg\" class=\"v-mdl__img-z\" width=\"720\" height=\"540\" alt=\"Mucha seguridad, protestas, y afici\u00f3n por el ciclismo: todas las im\u00e1genes de La Vuelta en Salamanca\"\/><\/p>\n<p><img loading=\"lazy\" decoding=\"async\" src=\"https:\/\/www.europesays.com\/es\/wp-content\/uploads\/2025\/09\/42vueltaciclista.jpg\" class=\"v-mdl__img-z\" width=\"720\" height=\"540\" alt=\"Mucha seguridad, protestas, y afici\u00f3n por el ciclismo: todas las im\u00e1genes de La Vuelta en Salamanca\"\/><\/p>\n<p><img decoding=\"async\" loading=\"lazy\" src=\"https:\/\/www.europesays.com\/es\/wp-content\/uploads\/2025\/09\/43vueltaciclista.jpg\" class=\"v-a-img\" width=\"720\" height=\"540\" alt=\"Mucha seguridad, protestas, y afici\u00f3n por el ciclismo: todas las im\u00e1genes de La Vuelta en Salamanca\"\/><\/p>\n<p><img decoding=\"async\" loading=\"lazy\" src=\"https:\/\/www.europesays.com\/es\/wp-content\/uploads\/2025\/09\/43vueltaciclista.jpg\" class=\"v-mdl__img-z\" width=\"720\" height=\"540\" alt=\"Mucha seguridad, protestas, y afici\u00f3n por el ciclismo: todas las im\u00e1genes de La Vuelta en Salamanca\"\/><\/p>\n<p><img loading=\"lazy\" decoding=\"async\" src=\"https:\/\/www.europesays.com\/es\/wp-content\/uploads\/2025\/09\/43vueltaciclista.jpg\" class=\"v-mdl__img-z\" width=\"720\" height=\"540\" alt=\"Mucha seguridad, protestas, y afici\u00f3n por el ciclismo: todas las im\u00e1genes de La Vuelta en Salamanca\"\/><\/p>\n<p><img decoding=\"async\" loading=\"lazy\" src=\"https:\/\/www.europesays.com\/es\/wp-content\/uploads\/2025\/09\/44vueltaciclista.jpg\" class=\"v-a-img\" width=\"720\" height=\"540\" alt=\"Mucha seguridad, protestas, y afici\u00f3n por el ciclismo: todas las im\u00e1genes de La Vuelta en Salamanca\"\/><\/p>\n<p><img decoding=\"async\" loading=\"lazy\" src=\"https:\/\/www.europesays.com\/es\/wp-content\/uploads\/2025\/09\/44vueltaciclista.jpg\" class=\"v-mdl__img-z\" width=\"720\" height=\"540\" alt=\"Mucha seguridad, protestas, y afici\u00f3n por el ciclismo: todas las im\u00e1genes de La Vuelta en Salamanca\"\/><\/p>\n<p><img loading=\"lazy\" decoding=\"async\" src=\"https:\/\/www.europesays.com\/es\/wp-content\/uploads\/2025\/09\/44vueltaciclista.jpg\" class=\"v-mdl__img-z\" width=\"720\" height=\"540\" alt=\"Mucha seguridad, protestas, y afici\u00f3n por el ciclismo: todas las im\u00e1genes de La Vuelta en Salamanca\"\/><\/p>\n<p><img decoding=\"async\" loading=\"lazy\" src=\"https:\/\/www.europesays.com\/es\/wp-content\/uploads\/2025\/09\/45vueltaciclista.jpg\" class=\"v-a-img\" width=\"720\" height=\"540\" alt=\"Mucha seguridad, protestas, y afici\u00f3n por el ciclismo: todas las im\u00e1genes de La Vuelta en Salamanca\"\/><\/p>\n<p><img decoding=\"async\" loading=\"lazy\" src=\"https:\/\/www.europesays.com\/es\/wp-content\/uploads\/2025\/09\/45vueltaciclista.jpg\" class=\"v-mdl__img-z\" width=\"720\" height=\"540\" alt=\"Mucha seguridad, protestas, y afici\u00f3n por el ciclismo: todas las im\u00e1genes de La Vuelta en Salamanca\"\/><\/p>\n<p><img loading=\"lazy\" decoding=\"async\" src=\"https:\/\/www.europesays.com\/es\/wp-content\/uploads\/2025\/09\/45vueltaciclista.jpg\" class=\"v-mdl__img-z\" width=\"720\" height=\"540\" alt=\"Mucha seguridad, protestas, y afici\u00f3n por el ciclismo: todas las im\u00e1genes de La Vuelta en Salamanca\"\/><\/p>\n<p><img decoding=\"async\" loading=\"lazy\" src=\"https:\/\/www.europesays.com\/es\/wp-content\/uploads\/2025\/09\/46vueltaciclista.jpg\" class=\"v-a-img\" width=\"720\" height=\"540\" alt=\"Mucha seguridad, protestas, y afici\u00f3n por el ciclismo: todas las im\u00e1genes de La Vuelta en Salamanca\"\/><\/p>\n<p><img decoding=\"async\" loading=\"lazy\" src=\"https:\/\/www.europesays.com\/es\/wp-content\/uploads\/2025\/09\/46vueltaciclista.jpg\" class=\"v-mdl__img-z\" width=\"720\" height=\"540\" alt=\"Mucha seguridad, protestas, y afici\u00f3n por el ciclismo: todas las im\u00e1genes de La Vuelta en Salamanca\"\/><\/p>\n<p><img loading=\"lazy\" decoding=\"async\" src=\"https:\/\/www.europesays.com\/es\/wp-content\/uploads\/2025\/09\/46vueltaciclista.jpg\" class=\"v-mdl__img-z\" width=\"720\" height=\"540\" alt=\"Mucha seguridad, protestas, y afici\u00f3n por el ciclismo: todas las im\u00e1genes de La Vuelta en Salamanca\"\/><\/p>\n<p><img decoding=\"async\" loading=\"lazy\" src=\"https:\/\/www.europesays.com\/es\/wp-content\/uploads\/2025\/09\/48vueltaciclista.jpg\" class=\"v-a-img\" width=\"720\" height=\"540\" alt=\"Mucha seguridad, protestas, y afici\u00f3n por el ciclismo: todas las im\u00e1genes de La Vuelta en Salamanca\"\/><\/p>\n<p><img decoding=\"async\" loading=\"lazy\" src=\"https:\/\/www.europesays.com\/es\/wp-content\/uploads\/2025\/09\/48vueltaciclista.jpg\" class=\"v-mdl__img-z\" width=\"720\" height=\"540\" alt=\"Mucha seguridad, protestas, y afici\u00f3n por el ciclismo: todas las im\u00e1genes de La Vuelta en Salamanca\"\/><\/p>\n<p><img loading=\"lazy\" decoding=\"async\" src=\"https:\/\/www.europesays.com\/es\/wp-content\/uploads\/2025\/09\/48vueltaciclista.jpg\" class=\"v-mdl__img-z\" width=\"720\" height=\"540\" alt=\"Mucha seguridad, protestas, y afici\u00f3n por el ciclismo: todas las im\u00e1genes de La Vuelta en Salamanca\"\/><\/p>\n<p><img decoding=\"async\" loading=\"lazy\" src=\"https:\/\/www.europesays.com\/es\/wp-content\/uploads\/2025\/09\/49vueltaciclista.jpg\" class=\"v-a-img\" width=\"720\" height=\"540\" alt=\"Mucha seguridad, protestas, y afici\u00f3n por el ciclismo: todas las im\u00e1genes de La Vuelta en Salamanca\"\/><\/p>\n<p><img decoding=\"async\" loading=\"lazy\" src=\"https:\/\/www.europesays.com\/es\/wp-content\/uploads\/2025\/09\/49vueltaciclista.jpg\" class=\"v-mdl__img-z\" width=\"720\" height=\"540\" alt=\"Mucha seguridad, protestas, y afici\u00f3n por el ciclismo: todas las im\u00e1genes de La Vuelta en Salamanca\"\/><\/p>\n<p><img loading=\"lazy\" decoding=\"async\" src=\"https:\/\/www.europesays.com\/es\/wp-content\/uploads\/2025\/09\/49vueltaciclista.jpg\" class=\"v-mdl__img-z\" width=\"720\" height=\"540\" alt=\"Mucha seguridad, protestas, y afici\u00f3n por el ciclismo: todas las im\u00e1genes de La Vuelta en Salamanca\"\/><\/p>\n<p><img decoding=\"async\" loading=\"lazy\" src=\"https:\/\/www.europesays.com\/es\/wp-content\/uploads\/2025\/09\/50vueltaciclista.jpg\" class=\"v-a-img\" width=\"720\" height=\"540\" alt=\"Mucha seguridad, protestas, y afici\u00f3n por el ciclismo: todas las im\u00e1genes de La Vuelta en Salamanca\"\/><\/p>\n<p><img decoding=\"async\" loading=\"lazy\" src=\"https:\/\/www.europesays.com\/es\/wp-content\/uploads\/2025\/09\/50vueltaciclista.jpg\" class=\"v-mdl__img-z\" width=\"720\" height=\"540\" alt=\"Mucha seguridad, protestas, y afici\u00f3n por el ciclismo: todas las im\u00e1genes de La Vuelta en Salamanca\"\/><\/p>\n<p><img loading=\"lazy\" decoding=\"async\" src=\"https:\/\/www.europesays.com\/es\/wp-content\/uploads\/2025\/09\/50vueltaciclista.jpg\" class=\"v-mdl__img-z\" width=\"720\" height=\"540\" alt=\"Mucha seguridad, protestas, y afici\u00f3n por el ciclismo: todas las im\u00e1genes de La Vuelta en Salamanca\"\/><\/p>\n<p><img decoding=\"async\" loading=\"lazy\" src=\"https:\/\/www.europesays.com\/es\/wp-content\/uploads\/2025\/09\/51vueltaciclista.jpg\" class=\"v-a-img\" width=\"720\" height=\"540\" alt=\"Mucha seguridad, protestas, y afici\u00f3n por el ciclismo: todas las im\u00e1genes de La Vuelta en Salamanca\"\/><\/p>\n<p><img decoding=\"async\" loading=\"lazy\" src=\"https:\/\/www.europesays.com\/es\/wp-content\/uploads\/2025\/09\/51vueltaciclista.jpg\" class=\"v-mdl__img-z\" width=\"720\" height=\"540\" alt=\"Mucha seguridad, protestas, y afici\u00f3n por el ciclismo: todas las im\u00e1genes de La Vuelta en Salamanca\"\/><\/p>\n<p><img loading=\"lazy\" decoding=\"async\" src=\"https:\/\/www.europesays.com\/es\/wp-content\/uploads\/2025\/09\/51vueltaciclista.jpg\" class=\"v-mdl__img-z\" width=\"720\" height=\"540\" alt=\"Mucha seguridad, protestas, y afici\u00f3n por el ciclismo: todas las im\u00e1genes de La Vuelta en Salamanca\"\/><\/p>\n<p><img decoding=\"async\" loading=\"lazy\" src=\"https:\/\/www.europesays.com\/es\/wp-content\/uploads\/2025\/09\/52vueltaciclista.jpg\" class=\"v-a-img\" width=\"720\" height=\"540\" alt=\"Mucha seguridad, protestas, y afici\u00f3n por el ciclismo: todas las im\u00e1genes de La Vuelta en Salamanca\"\/><\/p>\n<p><img decoding=\"async\" loading=\"lazy\" src=\"https:\/\/www.europesays.com\/es\/wp-content\/uploads\/2025\/09\/52vueltaciclista.jpg\" class=\"v-mdl__img-z\" width=\"720\" height=\"540\" alt=\"Mucha seguridad, protestas, y afici\u00f3n por el ciclismo: todas las im\u00e1genes de La Vuelta en Salamanca\"\/><\/p>\n<p><img loading=\"lazy\" decoding=\"async\" src=\"https:\/\/www.europesays.com\/es\/wp-content\/uploads\/2025\/09\/52vueltaciclista.jpg\" class=\"v-mdl__img-z\" width=\"720\" height=\"540\" alt=\"Mucha seguridad, protestas, y afici\u00f3n por el ciclismo: todas las im\u00e1genes de La Vuelta en Salamanca\"\/><\/p>\n<p><img decoding=\"async\" loading=\"lazy\" src=\"https:\/\/www.europesays.com\/es\/wp-content\/uploads\/2025\/09\/53vueltaciclista.jpg\" class=\"v-a-img\" width=\"720\" height=\"540\" alt=\"Mucha seguridad, protestas, y afici\u00f3n por el ciclismo: todas las im\u00e1genes de La Vuelta en Salamanca\"\/><\/p>\n<p><img decoding=\"async\" loading=\"lazy\" src=\"https:\/\/www.europesays.com\/es\/wp-content\/uploads\/2025\/09\/53vueltaciclista.jpg\" class=\"v-mdl__img-z\" width=\"720\" height=\"540\" alt=\"Mucha seguridad, protestas, y afici\u00f3n por el ciclismo: todas las im\u00e1genes de La Vuelta en Salamanca\"\/><\/p>\n<p><img loading=\"lazy\" decoding=\"async\" src=\"https:\/\/www.europesays.com\/es\/wp-content\/uploads\/2025\/09\/53vueltaciclista.jpg\" class=\"v-mdl__img-z\" width=\"720\" height=\"540\" alt=\"Mucha seguridad, protestas, y afici\u00f3n por el ciclismo: todas las im\u00e1genes de La Vuelta en Salamanca\"\/><\/p>\n<p><img decoding=\"async\" loading=\"lazy\" src=\"https:\/\/www.europesays.com\/es\/wp-content\/uploads\/2025\/09\/54vueltaciclista.jpg\" class=\"v-a-img\" width=\"720\" height=\"540\" alt=\"Mucha seguridad, protestas, y afici\u00f3n por el ciclismo: todas las im\u00e1genes de La Vuelta en Salamanca\"\/><\/p>\n<p><img decoding=\"async\" loading=\"lazy\" src=\"https:\/\/www.europesays.com\/es\/wp-content\/uploads\/2025\/09\/54vueltaciclista.jpg\" class=\"v-mdl__img-z\" width=\"720\" height=\"540\" alt=\"Mucha seguridad, protestas, y afici\u00f3n por el ciclismo: todas las im\u00e1genes de La Vuelta en Salamanca\"\/><\/p>\n<p><img loading=\"lazy\" decoding=\"async\" src=\"https:\/\/www.europesays.com\/es\/wp-content\/uploads\/2025\/09\/54vueltaciclista.jpg\" class=\"v-mdl__img-z\" width=\"720\" height=\"540\" alt=\"Mucha seguridad, protestas, y afici\u00f3n por el ciclismo: todas las im\u00e1genes de La Vuelta en Salamanca\"\/><\/p>\n<p><img decoding=\"async\" loading=\"lazy\" src=\"https:\/\/www.europesays.com\/es\/wp-content\/uploads\/2025\/09\/55vueltaciclista.jpg\" class=\"v-a-img\" width=\"720\" height=\"540\" alt=\"Mucha seguridad, protestas, y afici\u00f3n por el ciclismo: todas las im\u00e1genes de La Vuelta en Salamanca\"\/><\/p>\n<p><img decoding=\"async\" loading=\"lazy\" src=\"https:\/\/www.europesays.com\/es\/wp-content\/uploads\/2025\/09\/55vueltaciclista.jpg\" class=\"v-mdl__img-z\" width=\"720\" height=\"540\" alt=\"Mucha seguridad, protestas, y afici\u00f3n por el ciclismo: todas las im\u00e1genes de La Vuelta en Salamanca\"\/><\/p>\n<p><img loading=\"lazy\" decoding=\"async\" src=\"https:\/\/www.europesays.com\/es\/wp-content\/uploads\/2025\/09\/55vueltaciclista.jpg\" class=\"v-mdl__img-z\" width=\"720\" height=\"540\" alt=\"Mucha seguridad, protestas, y afici\u00f3n por el ciclismo: todas las im\u00e1genes de La Vuelta en Salamanca\"\/><\/p>\n<p><img decoding=\"async\" loading=\"lazy\" src=\"https:\/\/www.europesays.com\/es\/wp-content\/uploads\/2025\/09\/56vueltaciclista_20250912172830.jpg\" class=\"v-a-img\" width=\"720\" height=\"540\" alt=\"Mucha seguridad, protestas, y afici\u00f3n por el ciclismo: todas las im\u00e1genes de La Vuelta en Salamanca\"\/><\/p>\n<p><img decoding=\"async\" loading=\"lazy\" src=\"https:\/\/www.europesays.com\/es\/wp-content\/uploads\/2025\/09\/56vueltaciclista_20250912172830.jpg\" class=\"v-mdl__img-z\" width=\"720\" height=\"540\" alt=\"Mucha seguridad, protestas, y afici\u00f3n por el ciclismo: todas las im\u00e1genes de La Vuelta en Salamanca\"\/><\/p>\n<p><img loading=\"lazy\" decoding=\"async\" src=\"https:\/\/www.europesays.com\/es\/wp-content\/uploads\/2025\/09\/56vueltaciclista_20250912172830.jpg\" class=\"v-mdl__img-z\" width=\"720\" height=\"540\" alt=\"Mucha seguridad, protestas, y afici\u00f3n por el ciclismo: todas las im\u00e1genes de La Vuelta en Salamanca\"\/><\/p>\n<p><img decoding=\"async\" loading=\"lazy\" src=\"https:\/\/www.europesays.com\/es\/wp-content\/uploads\/2025\/09\/57vueltaciclista.jpg\" class=\"v-a-img\" width=\"720\" height=\"540\" alt=\"Mucha seguridad, protestas, y afici\u00f3n por el ciclismo: todas las im\u00e1genes de La Vuelta en Salamanca\"\/><\/p>\n<p><img decoding=\"async\" loading=\"lazy\" src=\"https:\/\/www.europesays.com\/es\/wp-content\/uploads\/2025\/09\/57vueltaciclista.jpg\" class=\"v-mdl__img-z\" width=\"720\" height=\"540\" alt=\"Mucha seguridad, protestas, y afici\u00f3n por el ciclismo: todas las im\u00e1genes de La Vuelta en Salamanca\"\/><\/p>\n<p><img loading=\"lazy\" decoding=\"async\" src=\"https:\/\/www.europesays.com\/es\/wp-content\/uploads\/2025\/09\/57vueltaciclista.jpg\" class=\"v-mdl__img-z\" width=\"720\" height=\"540\" alt=\"Mucha seguridad, protestas, y afici\u00f3n por el ciclismo: todas las im\u00e1genes de La Vuelta en Salamanca\"\/><\/p>\n<p><img decoding=\"async\" loading=\"lazy\" src=\"https:\/\/www.europesays.com\/es\/wp-content\/uploads\/2025\/09\/58vueltaciclista.jpg\" class=\"v-a-img\" width=\"720\" height=\"540\" alt=\"Mucha seguridad, protestas, y afici\u00f3n por el ciclismo: todas las im\u00e1genes de La Vuelta en Salamanca\"\/><\/p>\n<p><img decoding=\"async\" loading=\"lazy\" src=\"https:\/\/www.europesays.com\/es\/wp-content\/uploads\/2025\/09\/58vueltaciclista.jpg\" class=\"v-mdl__img-z\" width=\"720\" height=\"540\" alt=\"Mucha seguridad, protestas, y afici\u00f3n por el ciclismo: todas las im\u00e1genes de La Vuelta en Salamanca\"\/><\/p>\n<p><img loading=\"lazy\" decoding=\"async\" src=\"https:\/\/www.europesays.com\/es\/wp-content\/uploads\/2025\/09\/58vueltaciclista.jpg\" class=\"v-mdl__img-z\" width=\"720\" height=\"540\" alt=\"Mucha seguridad, protestas, y afici\u00f3n por el ciclismo: todas las im\u00e1genes de La Vuelta en Salamanca\"\/><\/p>\n<p><img decoding=\"async\" loading=\"lazy\" src=\"https:\/\/www.europesays.com\/es\/wp-content\/uploads\/2025\/09\/59vueltaciclista.jpg\" class=\"v-a-img\" width=\"720\" height=\"540\" alt=\"Mucha seguridad, protestas, y afici\u00f3n por el ciclismo: todas las im\u00e1genes de La Vuelta en Salamanca\"\/><\/p>\n<p><img decoding=\"async\" loading=\"lazy\" src=\"https:\/\/www.europesays.com\/es\/wp-content\/uploads\/2025\/09\/59vueltaciclista.jpg\" class=\"v-mdl__img-z\" width=\"720\" height=\"540\" alt=\"Mucha seguridad, protestas, y afici\u00f3n por el ciclismo: todas las im\u00e1genes de La Vuelta en Salamanca\"\/><\/p>\n<p><img loading=\"lazy\" decoding=\"async\" src=\"https:\/\/www.europesays.com\/es\/wp-content\/uploads\/2025\/09\/59vueltaciclista.jpg\" class=\"v-mdl__img-z\" width=\"720\" height=\"540\" alt=\"Mucha seguridad, protestas, y afici\u00f3n por el ciclismo: todas las im\u00e1genes de La Vuelta en Salamanca\"\/><\/p>\n<p><img decoding=\"async\" loading=\"lazy\" src=\"https:\/\/www.europesays.com\/es\/wp-content\/uploads\/2025\/09\/60vueltaciclista.jpg\" class=\"v-a-img\" width=\"720\" height=\"540\" alt=\"Mucha seguridad, protestas, y afici\u00f3n por el ciclismo: todas las im\u00e1genes de La Vuelta en Salamanca\"\/><\/p>\n<p><img decoding=\"async\" loading=\"lazy\" src=\"https:\/\/www.europesays.com\/es\/wp-content\/uploads\/2025\/09\/60vueltaciclista.jpg\" class=\"v-mdl__img-z\" width=\"720\" height=\"540\" alt=\"Mucha seguridad, protestas, y afici\u00f3n por el ciclismo: todas las im\u00e1genes de La Vuelta en Salamanca\"\/><\/p>\n<p><img loading=\"lazy\" decoding=\"async\" src=\"https:\/\/www.europesays.com\/es\/wp-content\/uploads\/2025\/09\/60vueltaciclista.jpg\" class=\"v-mdl__img-z\" width=\"720\" height=\"540\" alt=\"Mucha seguridad, protestas, y afici\u00f3n por el ciclismo: todas las im\u00e1genes de La Vuelta en Salamanca\"\/><\/p>\n<p><img decoding=\"async\" loading=\"lazy\" src=\"https:\/\/www.europesays.com\/es\/wp-content\/uploads\/2025\/09\/61vueltaciclista.jpg\" class=\"v-a-img\" width=\"720\" height=\"540\" alt=\"Mucha seguridad, protestas, y afici\u00f3n por el ciclismo: todas las im\u00e1genes de La Vuelta en Salamanca\"\/><\/p>\n<p><img decoding=\"async\" loading=\"lazy\" src=\"https:\/\/www.europesays.com\/es\/wp-content\/uploads\/2025\/09\/61vueltaciclista.jpg\" class=\"v-mdl__img-z\" width=\"720\" height=\"540\" alt=\"Mucha seguridad, protestas, y afici\u00f3n por el ciclismo: todas las im\u00e1genes de La Vuelta en Salamanca\"\/><\/p>\n<p><img loading=\"lazy\" decoding=\"async\" src=\"https:\/\/www.europesays.com\/es\/wp-content\/uploads\/2025\/09\/61vueltaciclista.jpg\" class=\"v-mdl__img-z\" width=\"720\" height=\"540\" alt=\"Mucha seguridad, protestas, y afici\u00f3n por el ciclismo: todas las im\u00e1genes de La Vuelta en Salamanca\"\/><\/p>\n<p><img decoding=\"async\" loading=\"lazy\" src=\"https:\/\/www.europesays.com\/es\/wp-content\/uploads\/2025\/09\/63vueltaciclista.jpg\" class=\"v-a-img\" width=\"720\" height=\"540\" alt=\"Mucha seguridad, protestas, y afici\u00f3n por el ciclismo: todas las im\u00e1genes de La Vuelta en Salamanca\"\/><\/p>\n<p><img decoding=\"async\" loading=\"lazy\" src=\"https:\/\/www.europesays.com\/es\/wp-content\/uploads\/2025\/09\/63vueltaciclista.jpg\" class=\"v-mdl__img-z\" width=\"720\" height=\"540\" alt=\"Mucha seguridad, protestas, y afici\u00f3n por el ciclismo: todas las im\u00e1genes de La Vuelta en Salamanca\"\/><\/p>\n<p><img loading=\"lazy\" decoding=\"async\" src=\"https:\/\/www.europesays.com\/es\/wp-content\/uploads\/2025\/09\/63vueltaciclista.jpg\" class=\"v-mdl__img-z\" width=\"720\" height=\"540\" alt=\"Mucha seguridad, protestas, y afici\u00f3n por el ciclismo: todas las im\u00e1genes de La Vuelta en Salamanca\"\/><\/p>\n<p><img decoding=\"async\" loading=\"lazy\" src=\"https:\/\/www.europesays.com\/es\/wp-content\/uploads\/2025\/09\/64vueltaciclista.jpg\" class=\"v-a-img\" width=\"720\" height=\"540\" alt=\"Mucha seguridad, protestas, y afici\u00f3n por el ciclismo: todas las im\u00e1genes de La Vuelta en Salamanca\"\/><\/p>\n<p><img decoding=\"async\" loading=\"lazy\" src=\"https:\/\/www.europesays.com\/es\/wp-content\/uploads\/2025\/09\/64vueltaciclista.jpg\" class=\"v-mdl__img-z\" width=\"720\" height=\"540\" alt=\"Mucha seguridad, protestas, y afici\u00f3n por el ciclismo: todas las im\u00e1genes de La Vuelta en Salamanca\"\/><\/p>\n<p><img loading=\"lazy\" decoding=\"async\" src=\"https:\/\/www.europesays.com\/es\/wp-content\/uploads\/2025\/09\/64vueltaciclista.jpg\" class=\"v-mdl__img-z\" width=\"720\" height=\"540\" alt=\"Mucha seguridad, protestas, y afici\u00f3n por el ciclismo: todas las im\u00e1genes de La Vuelta en Salamanca\"\/><\/p>\n","protected":false},"excerpt":{"rendered":"Viernes, 12 de septiembre 2025, 17:50 | Actualizado 20:52h. La 19\u00aa etapa de La Vuelta Ciclista a Espa\u00f1a,&hellip;\n","protected":false},"author":2,"featured_media":111539,"comment_status":"","ping_status":"","sticky":false,"template":"","format":"standard","meta":{"footnotes":""},"categories":[273],"tags":[6635,313,31071,312,168,25,24,4884,76,29763,37998,3614,23,167,1357],"class_list":{"0":"post-111538","1":"post","2":"type-post","3":"status-publish","4":"format-standard","5":"has-post-thumbnail","7":"category-ciclismo","8":"tag-apoyo","9":"tag-ciclismo","10":"tag-cruza","11":"tag-cycling","12":"tag-deportes","13":"tag-es","14":"tag-espana","15":"tag-incidentes","16":"tag-palestina","17":"tag-pancartas","18":"tag-proclamas","19":"tag-salamanca","20":"tag-spain","21":"tag-sports","22":"tag-vuelta"},"share_on_mastodon":{"url":"","error":""},"_links":{"self":[{"href":"https:\/\/www.europesays.com\/es\/wp-json\/wp\/v2\/posts\/111538","targetHints":{"allow":["GET"]}}],"collection":[{"href":"https:\/\/www.europesays.com\/es\/wp-json\/wp\/v2\/posts"}],"about":[{"href":"https:\/\/www.europesays.com\/es\/wp-json\/wp\/v2\/types\/post"}],"author":[{"embeddable":true,"href":"https:\/\/www.europesays.com\/es\/wp-json\/wp\/v2\/users\/2"}],"replies":[{"embeddable":true,"href":"https:\/\/www.europesays.com\/es\/wp-json\/wp\/v2\/comments?post=111538"}],"version-history":[{"count":0,"href":"https:\/\/www.europesays.com\/es\/wp-json\/wp\/v2\/posts\/111538\/revisions"}],"wp:featuredmedia":[{"embeddable":true,"href":"https:\/\/www.europesays.com\/es\/wp-json\/wp\/v2\/media\/111539"}],"wp:attachment":[{"href":"https:\/\/www.europesays.com\/es\/wp-json\/wp\/v2\/media?parent=111538"}],"wp:term":[{"taxonomy":"category","embeddable":true,"href":"https:\/\/www.europesays.com\/es\/wp-json\/wp\/v2\/categories?post=111538"},{"taxonomy":"post_tag","embeddable":true,"href":"https:\/\/www.europesays.com\/es\/wp-json\/wp\/v2\/tags?post=111538"}],"curies":[{"name":"wp","href":"https:\/\/api.w.org\/{rel}","templated":true}]}}