{"id":111540,"date":"2025-09-13T04:00:07","date_gmt":"2025-09-13T04:00:07","guid":{"rendered":"https:\/\/www.europesays.com\/es\/111540\/"},"modified":"2025-09-13T04:00:07","modified_gmt":"2025-09-13T04:00:07","slug":"el-cob-ensena-su-identidad-ante-el-bilbao-basket-72-91","status":"publish","type":"post","link":"https:\/\/www.europesays.com\/es\/111540\/","title":{"rendered":"El COB ense\u00f1a su identidad ante el Bilbao Basket (72-91)"},"content":{"rendered":"<p class=\"paragraph-atom &#10;        B-500-500-700-N B-600-500-700-N--md  \">La presentaci\u00f3n en el <strong>Pazo del <\/strong><a href=\"https:\/\/www.laregion.es\/zona-cob\/\" target=\"_blank\" rel=\"nofollow noopener\"><strong>COB <\/strong><\/a>fue de altura. Por el rival, por el torneo al que pertenec\u00eda el partido y por las ganas y la ilusi\u00f3n que tienen los ourensanos de mirar m\u00e1s arriba de lo que parecer\u00eda m\u00e1s c\u00f3modo, incluso sensato y hasta realista. Los de <strong>Moncho L\u00f3pez<\/strong> dieron un claro paso adelante en su juego respecto a la cita anterior contra el Breog\u00e1n y fueron capaces de competir muy bien ante un campe\u00f3n continental como el <strong>Bilbao Basket <\/strong>hasta los minutos finales. Pero tambi\u00e9n evidenciar que les sigue faltando ese plus de calidad, de acierto o de acoplamiento que les d\u00e9 m\u00e1s consistencia en el juego. Si es la tercera v\u00eda no habr\u00e1 problema, a ganas, trabajo e intensidad no tiene pinta de admitir reproche este equipo. Si es la segunda, la punter\u00eda, puede influir el cansancio, a los mejor hasta el cosquilleo del debut y tambi\u00e9n la presencia f\u00edsica del rival. Si es la primera ser\u00eda un problema.<\/p>\n<p class=\"paragraph-atom &#10;        B-500-500-700-N B-600-500-700-N--md  \">En los arranques y con piernas frescas el COB siempre jug\u00f3 bien y defendi\u00f3 todav\u00eda mejor. Queda claro que no va a depender de nadie en particular para subir la nota general y fue equilibrando quintetos y sensaciones para mantenerse siempre en partido. Lleg\u00f3 a dominar en el juego y en el marcador en el primer cuarto (23-19) y volvi\u00f3 a ser superior en el tercero (24-19). Atacando muy bien el rebote ofensivo y buscando bien las ventajas. Cuando encontr\u00f3 el acierto exterior de <strong>Sean McDonnell<\/strong> o el tiro puntual de alguno de sus compa\u00f1eros achuch\u00f3 a un rival superior en todo menos en las ganas. Pero el nivel de acierto nunca tuvo continuidad. 1 de 10 en triples en el segundo cuarto y 8 de 32 para acabar el partido es demasiado poco para algo m\u00e1s que no sea el notable alto. <\/p>\n<p class=\"paragraph-atom &#10;        B-500-500-700-N B-600-500-700-N--md  \">Incluso con malas tomas de decisiones a veces y p\u00e9rdidas de bal\u00f3n en los minutos de m\u00e1ximo cansancio, el COB siempre jug\u00f3 bien. Se reconoci\u00f3 seguro <strong>Moncho L\u00f3pez<\/strong> en lo que le vio a sus jugadores en la mayor\u00eda de los minutos y confirmaron los ourensanos que su nota m\u00e1s alta todav\u00eda no es para sacar el champ\u00e1n, pero su nota media ya es para pensar en competir bien.<\/p>\n<p class=\"paragraph-atom &#10;        B-500-500-700-N B-600-500-700-N--md  \">Rafa Lisboa vio el partido en la zona VIP del banquillo y tambi\u00e9n tiene que ser un argumento clave para meterle m\u00e1s d\u00e9cimas de calidad y de amenaza a su nuevo equipo. El base portugu\u00e9s viene de lo m\u00e1s alto tras brillar con y contra la \u00e9lite del Eurobasket, pero seguro que tambi\u00e9n le gust\u00f3 lo que va a tener esta temporada a su lado. Un COB se fue al \u00faltimo cuarto encimando al <strong>Bilbao Basket (61-67)<\/strong> y que hoy intentar\u00e1 repetir guion y sensaciones ante un rival con la misma complejidad, pero con el a\u00f1adido de tener m\u00e1s kil\u00f3metros en las piernas.<\/p>\n<p class=\"paragraph-atom &#10;        B-500-500-700-N B-600-500-700-N--md  \">Ser\u00e1 la segunda presencia cobista en un Pazo que tiene las citas contadas hasta el 2026. En la liga no ser\u00e1n contra rivales tan imponentes, pero el COB quiere invitar a pensar en partidos igual de llamativos, pero por m\u00e9ritos propios. La pizarra, las ganas y la idea seguro que gustar\u00e1n. Toca saber hasta qu\u00e9 altura son capaces de desarrollarlo los jugadores con los que se cuenta. <\/p>\n<p>\n        Relacionado\n    <\/p>\n","protected":false},"excerpt":{"rendered":"La presentaci\u00f3n en el Pazo del COB fue de altura. Por el rival, por el torneo al que&hellip;\n","protected":false},"author":2,"featured_media":111541,"comment_status":"","ping_status":"","sticky":false,"template":"","format":"standard","meta":{"footnotes":""},"categories":[269],"tags":[299,1918,298,2601,22068,168,5558,25,24,6949,23,167],"class_list":{"0":"post-111540","1":"post","2":"type-post","3":"status-publish","4":"format-standard","5":"has-post-thumbnail","7":"category-baloncesto","8":"tag-baloncesto","9":"tag-basket","10":"tag-basketball","11":"tag-bilbao","12":"tag-cob","13":"tag-deportes","14":"tag-ensena","15":"tag-es","16":"tag-espana","17":"tag-identidad","18":"tag-spain","19":"tag-sports"},"share_on_mastodon":{"url":"","error":""},"_links":{"self":[{"href":"https:\/\/www.europesays.com\/es\/wp-json\/wp\/v2\/posts\/111540","targetHints":{"allow":["GET"]}}],"collection":[{"href":"https:\/\/www.europesays.com\/es\/wp-json\/wp\/v2\/posts"}],"about":[{"href":"https:\/\/www.europesays.com\/es\/wp-json\/wp\/v2\/types\/post"}],"author":[{"embeddable":true,"href":"https:\/\/www.europesays.com\/es\/wp-json\/wp\/v2\/users\/2"}],"replies":[{"embeddable":true,"href":"https:\/\/www.europesays.com\/es\/wp-json\/wp\/v2\/comments?post=111540"}],"version-history":[{"count":0,"href":"https:\/\/www.europesays.com\/es\/wp-json\/wp\/v2\/posts\/111540\/revisions"}],"wp:featuredmedia":[{"embeddable":true,"href":"https:\/\/www.europesays.com\/es\/wp-json\/wp\/v2\/media\/111541"}],"wp:attachment":[{"href":"https:\/\/www.europesays.com\/es\/wp-json\/wp\/v2\/media?parent=111540"}],"wp:term":[{"taxonomy":"category","embeddable":true,"href":"https:\/\/www.europesays.com\/es\/wp-json\/wp\/v2\/categories?post=111540"},{"taxonomy":"post_tag","embeddable":true,"href":"https:\/\/www.europesays.com\/es\/wp-json\/wp\/v2\/tags?post=111540"}],"curies":[{"name":"wp","href":"https:\/\/api.w.org\/{rel}","templated":true}]}}