{"id":111542,"date":"2025-09-13T04:01:07","date_gmt":"2025-09-13T04:01:07","guid":{"rendered":"https:\/\/www.europesays.com\/es\/111542\/"},"modified":"2025-09-13T04:01:07","modified_gmt":"2025-09-13T04:01:07","slug":"el-barakaldo-se-impone-en-un-frenetico-derbi","status":"publish","type":"post","link":"https:\/\/www.europesays.com\/es\/111542\/","title":{"rendered":"El Barakaldo se impone en un fren\u00e9tico derbi"},"content":{"rendered":"<p class=\"v-mdl-ath__p v-mdl-ath__p--6\">\nViernes, 12 de septiembre 2025, 23:45<\/p>\n<p class=\"v-p\">El primer derbi vizca\u00edno de esta temporada en Primera Federaci\u00f3n cae hacia el lado del Barakaldo. El cuadro fabril pudo imponerse al Arenas en un duelo cerrado en la primera mitad, pero que tuvo un segundo tiempo de lo m\u00e1s apasionante y fren\u00e9tico, con los tres goles del encuentro separados por solo un cuarto de hora. La tensi\u00f3n se mantuvo hasta el final, pero los locales pudieron mantener su ventaja para celebrar su primera victoria del presente curso. Mientras, es la primera derrota de los getxotarras, en su primera salida a domicilio. <\/p>\n<p class=\"v-scr__t\">Barakaldo CF<\/p>\n<p class=\"v-scr__p v-scr__p--3\">Ispizua; De Jes\u00fas, Arana, Ropero, Oier L\u00f3pez (Pedernales, min. 66); Molina, Naveira (San Bartolom\u00e9, min. 73); Mandiang (Mu\u00f1oz, min. 66), Huidobro, Eric P\u00e9rez (Albizua, min. 86); Galarza (Merino, min. 73).<\/p>\n<p class=\"v-scr__n-c v-scr__n-c--1 \">\n 2\n<\/p>\n<p class=\"v-scr__n-c v-scr__n-c--2\">\n&#8211;\n<\/p>\n<p class=\"v-scr__n-c v-scr__n-c--3 \">\n 1\n<\/p>\n<p class=\"v-scr__t\">Arenas Club<\/p>\n<p class=\"v-scr__p v-scr__p--3\">Gastesi; Borik\u00f3 (Sustatxa, min. 80); Sillero, Paul \u00c1lvarez, Galder (Troncho, min. 46), Pablo Garc\u00eda; Zabala (Mattheus, min. 57), Verde, Hidalgo (Lartitegi, min. 80); Diocou y \u00c1lvaro V\u00e1zquez (Jorge Luis, min. 57).<\/p>\n<ul class=\"v-u\">\n<li class=\"v-u__l\">\n<p class=\"v-p\">\nGOLES<br \/>\n1-0; Huidobro (min. 47). 2-0; Oier L\u00f3pez (min. 55). 2-1; Docou (min. 61).\n<\/p>\n<\/li>\n<li class=\"v-u__l\">\n<p class=\"v-p\">\n\u00c1RBITRO<br \/>\nMar\u00eda Eugenia Gil amonest\u00f3 a los locales Naveira (min. 15), Huidobro (min. 75) y De Jes\u00fas (min. 87) y a los visitantes Zabala (min. 1) y Galder (min. 3).\n<\/p>\n<\/li>\n<li class=\"v-u__l\">\n<p class=\"v-p\">\nINCIDENCIAS<br \/>\n2.890 espectadores en Lasesarre.\n<\/p>\n<\/li>\n<\/ul>\n<p class=\"v-p\"> El Arenas vari\u00f3 su esquema respecto a su planteamiento en Gobela durante las dos primeras jornadas, en las que hab\u00eda acumulado cuatro puntos en su casillero. Sali\u00f3 en Lasesarre con una l\u00ednea de cinco defensores. El Barakaldo, que a\u00fan no conoc\u00eda la victoria, comenz\u00f3 con m\u00e1s empuje los primeros minutos, pero muy pronto se igualaron las tornas. De hecho, la primera oportunidad de estrenar el marcador fue en el minuto 24. Oier L\u00f3pez realiz\u00f3 un robo en campo contrario, asisti\u00f3 en el otro lado a Sadiou Mandiang, pero el disparo de este se fue ligeramente desviado. <\/p>\n<p class=\"v-p\">Los de La Margen Izquierda volvieron a ejercer una clara superioridad en los \u00faltimos veinte minutos de la primera mitad. La siguiente ocasi\u00f3n tambi\u00e9n les fue favorable. Ekaitz Molina entr\u00f3 con decisi\u00f3n en un c\u00f3rner, cuyo remate toc\u00f3 en un defensor rival y se fue de nuevo a saque de esquina. La \u00faltima de este periodo la protagoniz\u00f3 Markel Arana con una aventura en solitario, saliendo desde la zaga y disparando con la zurda desde la frontal del \u00e1rea, muy cerca del poste derecho. <\/p>\n<p class=\"v-p\">El Arenas pas\u00f3 a defensa de cuatro en el descanso, pero el Barakaldo pronto trunc\u00f3 sus planes. En el minuto 47, Julen Huidobro caz\u00f3 un bal\u00f3n en la media luna del \u00e1rea y arm\u00f3 una volea en cuanto le lleg\u00f3 el esf\u00e9rico para anotar un espl\u00e9ndido gol. Un tanto que pareci\u00f3 servirles de est\u00edmulo porque, solo diez minutos despu\u00e9s, Oier Gastesi fue capaz de intervenir ante un potente disparo de Sadiou Mandiang, pero el rechace se pase\u00f3 por la l\u00ednea de gol y Oier L\u00f3pez solo tuvo que meter la cabeza para hacer el segundo. <\/p>\n<p class=\"v-p\">No obstante, no estar\u00eda todo hecho. Poco despu\u00e9s, Baba Diocou volvi\u00f3 a aparecer en escena para driblar a tres rivales en \u00e1rea contraria y definir con precisi\u00f3n para recortar distancias. El extremo de 20 a\u00f1os sigue siendo una de las grandes sensaciones de este comienzo de competici\u00f3n y volvi\u00f3 a dejar grandes destellos en Lasesarre. Incluso pudo anotar el segundo tanto en su cuenta particular en otra gran acci\u00f3n, en la que fall\u00f3 en la definici\u00f3n. Sabin Merino debut\u00f3 con la el\u00e1stica gualdinegra y pudo estrenarse marcando en uno contra uno, pero Gastesi le gan\u00f3 la partida. No lo tuvo que lamentar su equipo, pese al vibrante final, en el que hubo ocasiones para ambas escuadras.<\/p>\n<p>Comenta<\/p>\n<p>Reporta un error<\/p>\n","protected":false},"excerpt":{"rendered":"Viernes, 12 de septiembre 2025, 23:45 El primer derbi vizca\u00edno de esta temporada en Primera Federaci\u00f3n cae hacia&hellip;\n","protected":false},"author":2,"featured_media":111543,"comment_status":"","ping_status":"","sticky":false,"template":"","format":"standard","meta":{"footnotes":""},"categories":[268],"tags":[14314,168,18298,25,24,280,25713,282,15265,281,23,167],"class_list":{"0":"post-111542","1":"post","2":"type-post","3":"status-publish","4":"format-standard","5":"has-post-thumbnail","7":"category-futbol","8":"tag-barakaldo","9":"tag-deportes","10":"tag-derbi","11":"tag-es","12":"tag-espana","13":"tag-football","14":"tag-frenetico","15":"tag-futbol","16":"tag-impone","17":"tag-soccer","18":"tag-spain","19":"tag-sports"},"share_on_mastodon":{"url":"","error":""},"_links":{"self":[{"href":"https:\/\/www.europesays.com\/es\/wp-json\/wp\/v2\/posts\/111542","targetHints":{"allow":["GET"]}}],"collection":[{"href":"https:\/\/www.europesays.com\/es\/wp-json\/wp\/v2\/posts"}],"about":[{"href":"https:\/\/www.europesays.com\/es\/wp-json\/wp\/v2\/types\/post"}],"author":[{"embeddable":true,"href":"https:\/\/www.europesays.com\/es\/wp-json\/wp\/v2\/users\/2"}],"replies":[{"embeddable":true,"href":"https:\/\/www.europesays.com\/es\/wp-json\/wp\/v2\/comments?post=111542"}],"version-history":[{"count":0,"href":"https:\/\/www.europesays.com\/es\/wp-json\/wp\/v2\/posts\/111542\/revisions"}],"wp:featuredmedia":[{"embeddable":true,"href":"https:\/\/www.europesays.com\/es\/wp-json\/wp\/v2\/media\/111543"}],"wp:attachment":[{"href":"https:\/\/www.europesays.com\/es\/wp-json\/wp\/v2\/media?parent=111542"}],"wp:term":[{"taxonomy":"category","embeddable":true,"href":"https:\/\/www.europesays.com\/es\/wp-json\/wp\/v2\/categories?post=111542"},{"taxonomy":"post_tag","embeddable":true,"href":"https:\/\/www.europesays.com\/es\/wp-json\/wp\/v2\/tags?post=111542"}],"curies":[{"name":"wp","href":"https:\/\/api.w.org\/{rel}","templated":true}]}}