{"id":111550,"date":"2025-09-13T04:06:11","date_gmt":"2025-09-13T04:06:11","guid":{"rendered":"https:\/\/www.europesays.com\/es\/111550\/"},"modified":"2025-09-13T04:06:11","modified_gmt":"2025-09-13T04:06:11","slug":"britney-spears-defiende-a-justin-bieber-tras-las-criticas-por-usar-a-su-hijo-como-publicidad","status":"publish","type":"post","link":"https:\/\/www.europesays.com\/es\/111550\/","title":{"rendered":"Britney Spears defiende a Justin Bieber tras las cr\u00edticas por \u201cusar\u201d a su hijo como publicidad"},"content":{"rendered":"<p>\n          La relaci\u00f3n de Britney Spears y sus hijos Sean Preston y Jayden James<\/p>\n<p><b>Britney Spears<\/b> es mam\u00e1 de dos hijos: <b>Sean Preston y Jayden James, <\/b>fruto de su relaci\u00f3n con <b>Kevin Federline<\/b>. Desde su separaci\u00f3n en 2007, los ni\u00f1os han vivido principalmente con su pap\u00e1, mientras que la relaci\u00f3n con su mam\u00e1 ha pasado por momentos de cercan\u00eda y otros de fuerte distanciamiento, especialmente durante los a\u00f1os en que Britney estuvo bajo la tutela legal de su padre, Jamie Spears.<\/p>\n<p>             <img loading=\"lazy\" decoding=\"async\" src=\"https:\/\/www.europesays.com\/es\/wp-content\/uploads\/2025\/09\/1757736371_199_\" class=\"lazyload\" alt=\"Britney Spears And Sons Visit Dodgers Stadium - April 17, 2013\"  width=\"1200\" height=\"799\"\/> <\/p>\n<p>              Britney Spears con sus dos hijos.<br \/>\n              (Handout\/Getty Images)<\/p>\n<p>Durante ese tiempo, la cantante tuvo un contacto muy limitado con sus hijos, lo que gener\u00f3 una profunda tristeza en ella, como ha expresado p\u00fablicamente en varias ocasiones.<\/p>\n<p>En entrevistas, Jayden incluso lleg\u00f3 a decir que deseaba que su mam\u00e1 dejara de compartir tantos aspectos de su vida privada en redes sociales, ya que eso tambi\u00e9n los afectaba a ellos como hijos.<\/p>\n<p>Sin embargo, en los \u00faltimos a\u00f1os, la relaci\u00f3n ha mostrado signos de mejora. En 2024, Jayden viaj\u00f3 a Los \u00c1ngeles para reencontrarse con <b>Britney Spears<\/b> despu\u00e9s de dos a\u00f1os sin verse, y tambi\u00e9n pasaron juntos las fiestas navide\u00f1as, en lo que ella describi\u00f3 como una de las navidades m\u00e1s felices de su vida.<\/p>\n<p>             <img loading=\"lazy\" decoding=\"async\" src=\"https:\/\/www.europesays.com\/es\/wp-content\/uploads\/2025\/09\/1757736371_574_\" class=\"lazyload\" alt=\"EXC Sean Preston Spears Federline\"  width=\"1200\" height=\"800\"\/> <\/p>\n<p>              Kevin Federline con su hijo Sean Preston<br \/>\n              (Backgrid\/The Grosby Group)<\/p>\n<p>Aunque con Sean la relaci\u00f3n ha sido m\u00e1s discreta, se sabe que hay comunicaci\u00f3n y una intenci\u00f3n de acercamiento progresivo.<\/p>\n<p>Ambos hijos de la int\u00e9rprete de \u00abToxic\u00bb parecen mantener una postura cautelosa en relaci\u00f3n con su famosa mam\u00e1, ya que intentan proteger su privacidad mientras exploran la posibilidad de reconstruir el v\u00ednculo con la cantante.<\/p>\n<p>Britney, por su parte, ha expresado p\u00fablicamente lo mucho que ha sufrido por la distancia con sus hijos y su deseo de volver a formar parte activa de sus vidas.<\/p>\n<p>Si bien el proceso no ha sido f\u00e1cil ni inmediato, los encuentros recientes con Jayden y los intentos de acercamiento con Sean muestran que hay una voluntad genuina de sanar heridas del pasado.<\/p>\n","protected":false},"excerpt":{"rendered":"La relaci\u00f3n de Britney Spears y sus hijos Sean Preston y Jayden James Britney Spears es mam\u00e1 de&hellip;\n","protected":false},"author":2,"featured_media":111551,"comment_status":"","ping_status":"","sticky":false,"template":"","format":"standard","meta":{"footnotes":""},"categories":[170],"tags":[23845,38000,38001,38002,37999,146,147,25,24,2793,2818,184,185,23],"class_list":{"0":"post-111550","1":"post","2":"type-post","3":"status-publish","4":"format-standard","5":"has-post-thumbnail","7":"category-musica","8":"tag-britney-spears","9":"tag-britney-spears-defiende-justin-bieber","10":"tag-britney-spears-defiende-justin-bieber-por-fotos-de-su-bebe","11":"tag-britney-spears-y-justin-bieber","12":"tag-britney-spears-y-sus-hijos","13":"tag-entertainment","14":"tag-entretenimiento","15":"tag-es","16":"tag-espana","17":"tag-espectaculos","18":"tag-justin-bieber","19":"tag-music","20":"tag-musica","21":"tag-spain"},"share_on_mastodon":{"url":"","error":""},"_links":{"self":[{"href":"https:\/\/www.europesays.com\/es\/wp-json\/wp\/v2\/posts\/111550","targetHints":{"allow":["GET"]}}],"collection":[{"href":"https:\/\/www.europesays.com\/es\/wp-json\/wp\/v2\/posts"}],"about":[{"href":"https:\/\/www.europesays.com\/es\/wp-json\/wp\/v2\/types\/post"}],"author":[{"embeddable":true,"href":"https:\/\/www.europesays.com\/es\/wp-json\/wp\/v2\/users\/2"}],"replies":[{"embeddable":true,"href":"https:\/\/www.europesays.com\/es\/wp-json\/wp\/v2\/comments?post=111550"}],"version-history":[{"count":0,"href":"https:\/\/www.europesays.com\/es\/wp-json\/wp\/v2\/posts\/111550\/revisions"}],"wp:featuredmedia":[{"embeddable":true,"href":"https:\/\/www.europesays.com\/es\/wp-json\/wp\/v2\/media\/111551"}],"wp:attachment":[{"href":"https:\/\/www.europesays.com\/es\/wp-json\/wp\/v2\/media?parent=111550"}],"wp:term":[{"taxonomy":"category","embeddable":true,"href":"https:\/\/www.europesays.com\/es\/wp-json\/wp\/v2\/categories?post=111550"},{"taxonomy":"post_tag","embeddable":true,"href":"https:\/\/www.europesays.com\/es\/wp-json\/wp\/v2\/tags?post=111550"}],"curies":[{"name":"wp","href":"https:\/\/api.w.org\/{rel}","templated":true}]}}