{"id":111554,"date":"2025-09-13T04:08:15","date_gmt":"2025-09-13T04:08:15","guid":{"rendered":"https:\/\/www.europesays.com\/es\/111554\/"},"modified":"2025-09-13T04:08:15","modified_gmt":"2025-09-13T04:08:15","slug":"podemos-igualar-las-5-de-2023","status":"publish","type":"post","link":"https:\/\/www.europesays.com\/es\/111554\/","title":{"rendered":"Podemos igualar las 5 de 2023"},"content":{"rendered":"<p data-journey-content=\"true\" data-node-id=\"3\" class=\"css-i9p093 emevuu60\">\u00ab<strong data-node-id=\"3.1\"><a href=\"https:\/\/www.runnersworld.com\/es\/noticias-running\/a65906978\/seleccion-espanola-mundial-atletismo-tokio-2025\/\" target=\"_blank\" data-vars-ga-outbound-link=\"https:\/\/www.runnersworld.com\/es\/noticias-running\/a65906978\/seleccion-espanola-mundial-atletismo-tokio-2025\/\" data-vars-ga-ux-element=\"Hyperlink\" data-vars-ga-call-to-action=\"Tenemos 7 u 8 opciones de medalla y podemos igualar el n\u00famero de medallas de Budapest 2023\" data-node-id=\"3.1.0\" class=\"body-link css-b8iqzl emevuu60\" rel=\"nofollow noopener\">Tenemos 7 u 8 opciones de medalla y podemos igualar el n\u00famero de medallas de Budapest 2023<\/a><\/strong>\u00ab, se atreve el seleccionador espa\u00f1ol de atletismo, Pepe Peir\u00f3, al que los atletas acusan siempre de optimista, de hombre muy esperanzado. Igualar el \u00faltimo resultado en el Mundial de atletismo de Tokio 2025 no es cualquier cosa. Se trata del mejor campeonato de la historia, cinco medallas y cuatro de oro gracias al festival de la marcha con Mar\u00eda P\u00e9rez y el ausente \u00c1lvaro Mart\u00edn. <\/p>\n<p data-journey-content=\"true\" data-node-id=\"6\" class=\"css-i9p093 emevuu60\">Peir\u00f3 sabe que no todas las opciones saldr\u00e1n y que los oros ser\u00e1n dif\u00edcilmente repetibles, pero conf\u00eda en que puedan llenarse todos los dedos de la mano para contar la cosecha. <strong data-node-id=\"6.1\">Si hacemos caso al ranking, Espa\u00f1a lograr\u00eda cuatro medallas y otros cuatro puestos de finalista<\/strong>, pero la competici\u00f3n dictar\u00e1 sentencia.<\/p>\n<p>Contenidos relacionadosGrandes opcionesMar\u00eda P\u00e9rez x2 (20 y 35 kil\u00f3metros marcha)<img draggable=\"true\" alt=\"athletics olympic games paris 2024: day 12\" title=\"Athletics - Olympic Games Paris 2024: Day 12\" loading=\"lazy\" width=\"3782\" height=\"2436\" decoding=\"async\" data-nimg=\"1\" style=\"color:transparent;width:100%;height:auto;\"   src=\"https:\/\/www.europesays.com\/es\/wp-content\/uploads\/2025\/09\/maria-perez-of-team-spain-celebrates-after-crossing-the-news-photo-1757674907.pjpeg\" class=\"css-0 e1g79fud0\"\/><\/p>\n<p>David Ramos\/\/Getty Images<\/p>\n<p data-journey-content=\"true\" data-node-id=\"16\" class=\"css-i9p093 emevuu60\"><strong data-node-id=\"16.0\">Mar\u00eda P\u00e9rez multiplica las opciones y abre el calendario espa\u00f1ol en el Mundial de atletismo de Tokio<\/strong>. En la noche de este viernes (00:30h del s\u00e1bado 13) afronta los 35 kil\u00f3metros marcha, y exactamente una semana despu\u00e9s, el s\u00e1bado 20, los 20 kil\u00f3metros. En los dos llega como campeona mundial.<\/p>\n<p data-journey-content=\"true\" data-node-id=\"18\" class=\"css-i9p093 emevuu60\"><strong data-node-id=\"18.0\">En los 35 kil\u00f3metros la granadina no solo tiene la mejor marca mundial del a\u00f1o (2h38:59) y de la historia (2h38:15)<\/strong>, sino que gan\u00f3 la Copa de Europa en Podebrady en mayo. Las rivales que m\u00e1s le inquietan son su amiga italiana <strong data-node-id=\"18.2\">Antonella Palmisano<\/strong>, la china <strong data-node-id=\"18.4\">Li Ma<\/strong> y la peruana <strong data-node-id=\"18.6\">Kimberly Garc\u00eda<\/strong>, toda vez que las mejores asi\u00e1ticas se han decantado solo por los 20 kil\u00f3metros. La humedad, a m\u00e1s del 90% con 25\u00ba C, es quiz\u00e1 el gran enemigo, pero optar\u00e1 por una t\u00e1ctica m\u00e1s conservadora y se ha adaptado en las c\u00e1maras de calor de sus concentraciones en Font Romeu y Barcelona.<\/p>\n<p data-journey-content=\"true\" data-node-id=\"20\" class=\"css-i9p093 emevuu60\"><strong data-node-id=\"20.0\">En los 20 kil\u00f3metros marcha lo tiene un poco m\u00e1s dif\u00edcil para ganar, aunque venciera en la gran prueba de Cantones de Coru\u00f1a<\/strong> (1h27:22), un minimundial en junio. La japonesa <strong data-node-id=\"20.2\">Nanako Fuji<\/strong> marcha en casa y tiene mejor marca (1h26:33), y compite tambi\u00e9n la campeona ol\u00edmpica china. <strong data-node-id=\"20.4\">Jiayu Yang<\/strong> (1h23), la \u00fanica que le derrot\u00f3 en Par\u00eds, in\u00e9dita este a\u00f1o. La tercera en aquella prueba, la australiana Jemima Montag, es baja. Por lo dem\u00e1s, el resto de rivales ser\u00e1n las mismas: <strong data-node-id=\"20.6\">Palmisano<\/strong>, <strong data-node-id=\"20.8\">Garc\u00eda<\/strong>, <strong data-node-id=\"20.10\">A<\/strong><strong data-node-id=\"20.11\">legna Gonz\u00e1lez <\/strong>o las chinas <strong data-node-id=\"20.13\">Li Ma<\/strong> y <strong data-node-id=\"20.15\">Li Peng<\/strong>.<\/p>\n<p>Jordan D\u00edaz &#8211; Triple salto<img draggable=\"true\" alt=\"athletics olympic games paris 2024: day 15\" title=\"Athletics - Olympic Games Paris 2024: Day 15\" loading=\"lazy\" width=\"8256\" height=\"5504\" decoding=\"async\" data-nimg=\"1\" style=\"color:transparent;width:100%;height:auto;\"   src=\"https:\/\/www.europesays.com\/es\/wp-content\/uploads\/2025\/09\/gold-medalist-jordan-alejandro-diaz-fortun-of-team-spain-news-photo-1757674932.pjpeg\" class=\"css-0 e1g79fud0\"\/><\/p>\n<p>Anadolu\/\/Getty Images<\/p>\n<p data-journey-content=\"true\" data-node-id=\"26\" class=\"css-i9p093 emevuu60\"><strong data-node-id=\"26.0\">El ranking dice una cosa y la l\u00f3gica, otra<\/strong>. La tabla de marca sit\u00faa a Jordan D\u00edaz solo como el 15\u00ba atleta que m\u00e1s lejos ha llegado este 2025 en el triple salto. Si se mira m\u00e1s all\u00e1, hay que contemplar que el espa\u00f1ol de origen cubano solo complet\u00f3 un brinco (17,16 metros) en todo el a\u00f1o, hace poco m\u00e1s de un mes para ser campe\u00f3n de Espa\u00f1a en Tarragona, y que <strong data-node-id=\"26.2\">llega como campe\u00f3n ol\u00edmpico y hombre con mejor marca personal de todos los presentes<\/strong>. Tras toda un a\u00f1o de dudas por una lesi\u00f3n en la rodilla y mucha parsimonia competitiva, solo queda confiar en su indudable calidad y su nervio competitivo para derrotar a <strong data-node-id=\"26.4\">Andy D\u00edaz<\/strong> y <strong data-node-id=\"26.6\">Pedro Pablo Pichardo<\/strong>, italiano y portugu\u00e9s con genes caribe\u00f1os, los hombres que le acompa\u00f1aron en el podio de Par\u00eds, y que tambi\u00e9n se han tomado el curso con calma. La resaca ol\u00edmpica invita a pensar m\u00e1s en un concurso de 17,50 que de 18 metros.<\/p>\n<p>Opciones mediasMiguel \u00c1ngel L\u00f3pez &#8211; 35 kil\u00f3metros marcha<img draggable=\"true\" alt=\"athletics race walk day 6 european championships munich 2022\" title=\"Athletics Race Walk - Day 6 - European Championships Munich 2022\" loading=\"lazy\" width=\"3405\" height=\"2348\" decoding=\"async\" data-nimg=\"1\" style=\"color:transparent;width:100%;height:auto;\"   src=\"https:\/\/www.europesays.com\/es\/wp-content\/uploads\/2025\/09\/gold-medalist-miguel-angel-lopez-of-spain-celebrates-on-the-news-photo-1757674996.pjpeg\" class=\"css-0 e1g79fud0\"\/><\/p>\n<p>Sebastian Widmann\/\/Getty Images<\/p>\n<p data-journey-content=\"true\" data-node-id=\"31\" class=\"css-i9p093 emevuu60\">El atleta murciano ha celebrado los diez a\u00f1os de su t\u00edtulo mundial en los 20 kil\u00f3metros de 2015&#8230;entrenando para seguir dando guerra. Y su presencia en Tokio no es testimonial a sus 37 a\u00f1os. Miguel \u00c1ngel L\u00f3pez llega con la tercera mejor marca del a\u00f1o (2h23:44) y 10\u00aa de la historia en los 35 kil\u00f3metros despu\u00e9s de su bronce en la Copa de Europa de Podebrady, donde le superaron <a href=\"https:\/\/www.runnersworld.com\/es\/noticias-running\/a65895185\/markus-rooth-massimo-stano-sin-mundial-tokio-caida-pertiga-lesion\/\" target=\"_blank\" data-vars-ga-outbound-link=\"https:\/\/www.runnersworld.com\/es\/noticias-running\/a65895185\/markus-rooth-massimo-stano-sin-mundial-tokio-caida-pertiga-lesion\/\" data-vars-ga-ux-element=\"Hyperlink\" data-vars-ga-call-to-action=\"el italiano Massimo Stano, ausente\" data-node-id=\"31.1\" class=\"body-link css-b8iqzl emevuu60\" rel=\"nofollow noopener\">el italiano Massimo Stano, ausente<\/a>, y el alem\u00e1n <strong data-node-id=\"31.3\">Christopher Linke<\/strong>. Otros rivales importantes ser\u00e1n el canadiense <strong data-node-id=\"31.5\">Evan Dunfee<\/strong> y el japon\u00e9s <strong data-node-id=\"31.7\">Masatora Kawano<\/strong>, el que m\u00e1s f\u00e1cil deber\u00eda tenerlo para adaptarse a la humedad con sus compa\u00f1eros <strong data-node-id=\"31.9\">Hayato Katsuki <\/strong>(2h24:38), <strong data-node-id=\"31.11\">Satoshi Maruo<\/strong> (2h24:24) o el mexicano<strong data-node-id=\"31.13\"> Jos\u00e9 Luis Doctor <\/strong>(2h24:38), adem\u00e1s de los atletas m\u00e1s habituales de los 20 kil\u00f3metros como el sueco <strong data-node-id=\"31.15\">Perseus Karlstrom<\/strong>. Superl\u00f3pez ya se proclam\u00f3 campe\u00f3n de Europa de esta distancia hace tres a\u00f1os en M\u00fanich, cuando ya nadie le esperaba.<\/p>\n<p>Paul McGrath &#8211; 20 kil\u00f3metros marcha<img draggable=\"true\" alt=\"athletics paris 24 olympics games day 6\" title=\"Athletics - Paris 24 Olympics Games - Day 6\" loading=\"lazy\" width=\"4243\" height=\"2830\" decoding=\"async\" data-nimg=\"1\" style=\"color:transparent;width:100%;height:auto;\"   src=\"https:\/\/www.europesays.com\/es\/wp-content\/uploads\/2025\/09\/paul-mcgrath-of-spain-competes-during-mens-20km-race-walk-news-photo-1757675035.pjpeg\" class=\"css-0 e1g79fud0\"\/><\/p>\n<p>Europa Press Sports\/\/Getty Images<\/p>\n<p data-journey-content=\"true\" data-node-id=\"35\" class=\"css-i9p093 emevuu60\">El subcampe\u00f3n de Europa busca dar un paso adelante a nivel mundial tras su decepci\u00f3n en Par\u00eds. Y aunque llegue con la novena marca del a\u00f1o (1h18:05), su marca viene de ganar la Copa de Europa de Podebrady, aunque luego fallara en Cantones. Sus principales rivales apuntarn a ser asi\u00e1ticos, encabezados por el plusmarquista mundial <strong data-node-id=\"35.1\">Toshikazu Yamanishi<\/strong> y los locales <strong data-node-id=\"35.3\">Satoshi Maruo<\/strong>, el chino <strong data-node-id=\"35.5\">Zhaohao Wang<\/strong>, adem\u00e1s del brasile\u00f1o <strong data-node-id=\"35.7\">Caio Bonfim<\/strong>, el italiano <strong data-node-id=\"35.9\">Francesco Fortunato<\/strong> o el sueco <strong data-node-id=\"35.11\">Perseus Karlstrom<\/strong>, a los que gan\u00f3 en la Rep\u00fablica Checa. <a href=\"https:\/\/www.runnersworld.com\/es\/noticias-running\/a65919857\/daniel-pintado-campeon-olimpico-paris-causara-otra-baja-notable-marcha-mundial-tokio\/\" target=\"_blank\" data-vars-ga-outbound-link=\"https:\/\/www.runnersworld.com\/es\/noticias-running\/a65919857\/daniel-pintado-campeon-olimpico-paris-causara-otra-baja-notable-marcha-mundial-tokio\/\" data-vars-ga-ux-element=\"Hyperlink\" data-vars-ga-call-to-action=\"La ausencia del campe\u00f3n ol\u00edmpico Brian Pintado\" data-node-id=\"35.13\" class=\"body-link css-b8iqzl emevuu60\" rel=\"nofollow noopener\">La ausencia del campe\u00f3n ol\u00edmpico Brian Pintado<\/a> y del italiano Massimo Stano aumentan las opciones. <\/p>\n<p data-journey-content=\"true\" data-node-id=\"37\" class=\"css-i9p093 emevuu60\"><strong data-node-id=\"37.0\">Con menos opciones, el doble medallista europeo Diego Garc\u00eda Carrera, que llega m\u00e1s escondido a Tokio<\/strong>. <\/p>\n<p>Mohamed Attaoui &#8211; 800 metros<img draggable=\"true\" alt=\"european athletics team championships 1st division 2025\" title=\"European Athletics Team Championships 1st Division 2025\" loading=\"lazy\" width=\"4337\" height=\"2891\" decoding=\"async\" data-nimg=\"1\" style=\"color:transparent;width:100%;height:auto;\"   src=\"https:\/\/www.europesays.com\/es\/wp-content\/uploads\/2025\/09\/mohamed-attaoui-of-spain-competing-in-the-800m-men-during-news-photo-1757675058.pjpeg\" class=\"css-0 e1g79fud0\"\/><\/p>\n<p>BSR Agency\/\/Getty Images<\/p>\n<p data-journey-content=\"true\" data-node-id=\"41\" class=\"css-i9p093 emevuu60\">Mohamed Attaoui lleva todo el verano entre los mejores del mundo de los 800 metros, hasta el punto de llegar entre los tres primeros en tres carreras de la Liga de Diamante: gan\u00f3 en Par\u00eds, lleg\u00f3 segundo en Oslo y tercero en Lausana, hace menos de un mes. Es cierto que en algunas de aquellas carreras no estaban todos los rivales de Tokio, el campe\u00f3n ol\u00edmpico <strong data-node-id=\"41.1\">Emmanuel Wanyonyi<\/strong>, el campe\u00f3n mundial <strong data-node-id=\"41.3\">Marco Arop<\/strong>, el bronce ol\u00edmpico <strong data-node-id=\"41.5\">Djamel Sedjati<\/strong>, el estadounidense renacido <strong data-node-id=\"41.7\">Donavan Brazier<\/strong>, el rematador brit\u00e1nico <strong data-node-id=\"41.9\">Max Burgin<\/strong>&#8230;<\/p>\n<p data-journey-content=\"true\" data-node-id=\"43\" class=\"css-i9p093 emevuu60\">La \u00faltima carrera, la final de la Liga de Diamante de Z\u00farich, dej\u00f3 a Attaoui en sexto lugar, pero ah\u00ed prob\u00f3 una estrategia m\u00e1s agresiva de la habitual para darse cuenta de que tiene que correr como siempre, a cola de grupo y encender su impactante cambio de ritmo en la \u00faltima contrarrecta. <strong data-node-id=\"43.1\">Su gran marca en los 1.000m en las \u00faltimas semanas (2:12) confirma que llega en gran forma<\/strong> y dispuesto a rematar hacia el podio. A pesar de que diez hombres superen su marca del a\u00f1o de 1:42.73, <strong data-node-id=\"43.3\">su regularidad por debajo de 1:44 son su mejor garant\u00eda<\/strong>. <\/p>\n<p>Quique Llopis &#8211; 110m. vallas<img draggable=\"true\" alt=\"european athletics team championships division 1\" title=\"European Athletics Team Championships Division 1\" loading=\"lazy\" width=\"4751\" height=\"3167\" decoding=\"async\" data-nimg=\"1\" style=\"color:transparent;width:100%;height:auto;\"   src=\"https:\/\/www.europesays.com\/es\/wp-content\/uploads\/2025\/09\/jason-joseph-of-team-switzerland-enrique-llopis-of-team-news-photo-1757674862.pjpeg\" class=\"css-0 e1g79fud0\"\/><\/p>\n<p>Europa Press Sports\/\/Getty Images<\/p>\n<p data-journey-content=\"true\" data-node-id=\"47\" class=\"body-text css-i9p093 emevuu60\">El vallista valenciano llega en una situaci\u00f3n similar a la de Attaoui. Aunque una decena de hombres han corrido m\u00e1s r\u00e1pido que \u00e9l este a\u00f1o en los 110 metros vallas, <strong data-node-id=\"47.1\">ha estado en todas las grandes carreras y en la \u00faltima, <\/strong><a href=\"https:\/\/www.runnersworld.com\/es\/noticias-running\/a65929335\/quique-llopis-agranda-ilusion-para-tokio-enorme-segundo-puesto-final-liga-diamante-zurich\/\" target=\"_blank\" data-vars-ga-outbound-link=\"https:\/\/www.runnersworld.com\/es\/noticias-running\/a65929335\/quique-llopis-agranda-ilusion-para-tokio-enorme-segundo-puesto-final-liga-diamante-zurich\/\" data-vars-ga-ux-element=\"Hyperlink\" data-vars-ga-call-to-action=\"la final de la Liga de Diamante de Z\u00farich, solo le derrot\u00f3 el inabordable estadounidense Cordell Tinch\" data-node-id=\"47.2\" class=\"body-link css-b8iqzl emevuu60\" rel=\"nofollow noopener\"><strong data-node-id=\"47.2.0\">la final de la Liga de Diamante de Z\u00farich, solo le derrot\u00f3 el inabordable estadounidense <\/strong><strong data-node-id=\"47.2.1\">Cordell Tinch<\/strong><\/a><strong data-node-id=\"47.3\"\/>, que llega como favorito incluso por delante del campe\u00f3n ol\u00edmpico Grant Holloway. <\/p>\n<p data-journey-content=\"true\" data-node-id=\"49\" class=\"css-i9p093 emevuu60\">Entre los argumentos a favor de Llopis est\u00e1n su pureza t\u00e9cnica sobre las vallas, su regularidad en marcas inferiores a 13,30s y la carrera que se marc\u00f3 en el Campeonato de Espa\u00f1a de Tarragona, donde baj\u00f3 de los 13 segundos pero con viento a favor ilegal por muy poco, un marca que le situar\u00eda como el tercero del a\u00f1o. El japon\u00e9s <strong data-node-id=\"49.1\">Rachid Muratake<\/strong> (12,92s) es la gran sensaci\u00f3n de la temporada, pero irregular, y el franc\u00e9s <strong data-node-id=\"49.3\">Just Kwaou-Mathey<\/strong> (12,99s) llega tambi\u00e9n muy en forma. Los estadounidenses <strong data-node-id=\"49.5\">Ja&#8217;Kobe Tharp<\/strong> y <strong data-node-id=\"49.7\">Dylan Beard<\/strong>, el jamaicano <strong data-node-id=\"49.9\">Orlando Bennet<\/strong> y el suizo <strong data-node-id=\"49.11\">Jason Joseph<\/strong> ser\u00e1n otros rivales en una prueba siempre accidentada y abierta a sorpresas.<\/p>\n<p>Relevo 4x100m femenino<img draggable=\"true\" alt=\"european athletics team championships 1st division 2025\" title=\"European Athletics Team Championships 1st Division 2025\" loading=\"lazy\" width=\"3937\" height=\"2625\" decoding=\"async\" data-nimg=\"1\" style=\"color:transparent;width:100%;height:auto;\"   src=\"https:\/\/www.europesays.com\/es\/wp-content\/uploads\/2025\/09\/jael-bestue-paula-sevilla-and-maria-isabel-perez-celebrates-news-photo-1757675744.pjpeg\" class=\"css-0 e1g79fud0\"\/><\/p>\n<p>Luciano Lima\/\/Getty Images<\/p>\n<p data-journey-content=\"true\" data-node-id=\"55\" class=\"css-i9p093 emevuu60\"><strong data-node-id=\"55.0\">El equipo que gan\u00f3 la plata en el Mundial de Relevos tras Gran Breta\u00f1a llega con la cuarta marca mundial del a\u00f1o<\/strong>, pero parece tener potencial incluso para superar su gran r\u00e9cord de Espa\u00f1a de 42,11s. Esta vez <strong data-node-id=\"55.2\">Estados Unidos <\/strong>y <strong data-node-id=\"55.4\">Jamaica<\/strong> alinear\u00e1n a todas sus estrellas, lo que aumentar\u00e1 notablemente su dificultad, pero este equipo ya demostr\u00f3 ser capaz de acercarse a las mejores con el quinto puesto en el Mundial de Eugene 2022. Todo apunta a que Esperan\u00e7a Cladera, Jael Bestu\u00e9, Paula Sevilla y Maribel P\u00e9rez volver\u00e1n a formar la alineaci\u00f3n. Las dos primeras han crecido enormemente este verano en los 200m, Sevilla tendr\u00e1 un campeonato ajetreado con los relevos largos y las dudas llegan por parte de la sevillana, que ha completado un mal verano en la prueba individual. Por si acaso, <a href=\"https:\/\/www.runnersworld.com\/es\/noticias-running\/a65578532\/aitana-rodrigo-guillem-crespi-campeones-espana-100-metros-lisos-tarragona\/\" target=\"_blank\" data-vars-ga-outbound-link=\"https:\/\/www.runnersworld.com\/es\/noticias-running\/a65578532\/aitana-rodrigo-guillem-crespi-campeones-espana-100-metros-lisos-tarragona\/\" data-vars-ga-ux-element=\"Hyperlink\" data-vars-ga-call-to-action=\"espera la campeona de Espa\u00f1a del hect\u00f3metro Aitana Rodrigo\" data-node-id=\"55.6\" class=\"body-link css-b8iqzl emevuu60\" rel=\"nofollow noopener\">espera la campeona de Espa\u00f1a del hect\u00f3metro Aitana Rodrigo<\/a>.<\/p>\n<p>Opciones remotasRelevo 4x400m femenino<img draggable=\"true\" alt=\"world athletics relays guangzhou 25 day 2\" title=\"World Athletics Relays Guangzhou 25 - Day 2\" loading=\"lazy\" width=\"2940\" height=\"1960\" decoding=\"async\" data-nimg=\"1\" style=\"color:transparent;width:100%;height:auto;\"   src=\"https:\/\/www.europesays.com\/es\/wp-content\/uploads\/2025\/09\/gold-medalists-blanca-hervas-of-team-spain-paula-sevilla-of-news-photo-1757675704.pjpeg\" class=\"css-0 e1g79fud0\"\/><\/p>\n<p>Lintao Zhang\/\/Getty Images<\/p>\n<p data-journey-content=\"true\" data-node-id=\"60\" class=\"css-i9p093 emevuu60\">S\u00ed, las &#8216;Golden Bubles&#8217; ganaron el Mundial de Guangzhou. S\u00ed, <strong data-node-id=\"60.1\">l<\/strong><strong data-node-id=\"60.2\">legan con la segunda marca mundial del a\u00f1o (3:24.11)<\/strong>. Pero deber\u00e1n primero romper el techo hist\u00f3rico de acceder a la final y despu\u00e9s <strong data-node-id=\"60.4\">enfrentarse a la Estados Unidos de Sydney McLaughlin, a los Pa\u00edses Bajos de Femke Bol&#8230;y Jamaica y Reino Unido<\/strong>, que subieron al podio ol\u00edmpico de Par\u00eds&#8230;o Polonia, que tiene nombres fuertes. La marca de China no les habr\u00eda servido para entrar en la final ol\u00edmpica, as\u00ed que deber\u00edan recortar mucho el r\u00e9cord de Espa\u00f1a para acercarlo a la frontera de los 3 minutos y 20 segundos para tener opciones.<\/p>\n<p>Ant\u00eda Chamosa &#8211; 20 kil\u00f3metros marcha <img draggable=\"true\" alt=\"european athletics u23 outdoor championships tallinn 2021\" title=\"European Athletics U23 Outdoor Championships Tallinn 2021\" loading=\"lazy\" width=\"6000\" height=\"4000\" decoding=\"async\" data-nimg=\"1\" style=\"color:transparent;width:100%;height:auto;\"   src=\"https:\/\/www.europesays.com\/es\/wp-content\/uploads\/2025\/09\/antia-chamosa-dacasa-from-the-spanish-team-in-the-20kms-news-photo-1757676613.pjpeg\" class=\"css-0 e1g79fud0\"\/><\/p>\n<p>Europa Press Sports\/\/Getty Images<\/p>\n<p data-journey-content=\"true\" data-node-id=\"64\" class=\"css-i9p093 emevuu60\"><strong data-node-id=\"64.0\">La marchadora gallega se proclam\u00f3 campeona de Espa\u00f1a con una marca de campanillas de 1h27:55<\/strong> que le sit\u00faa entre las seis m\u00e1s r\u00e1pidas del mundo en 2025 en los 20 kil\u00f3metros marcha, y aunque a sus 25 a\u00f1os su potencial internacional a nivel absoluto est\u00e1 por demostrar, podr\u00eda dar la sorpresa, aunque para ello necesitar\u00e1 una gran adaptaci\u00f3n a las condiciones de calor y humedad y esperar el fallo de otras favoritos que no se han prodigado demasiado \u2013o lo suficientemente en serio\u2013 en la distancia.<\/p>\n<p>F\u00e1tima Diame y Lester Lescay &#8211; Longitud <img draggable=\"true\" alt=\"european athletics team championships 1st division 2025\" title=\"European Athletics Team Championships 1st Division 2025\" loading=\"lazy\" width=\"5096\" height=\"3397\" decoding=\"async\" data-nimg=\"1\" style=\"color:transparent;width:100%;height:auto;\"   src=\"https:\/\/www.europesays.com\/es\/wp-content\/uploads\/2025\/09\/fatima-diame-of-team-spain-looks-on-during-the-womens-long-news-photo-1757676367.pjpeg\" class=\"css-0 e1g79fud0\"\/><\/p>\n<p>Luciano Lima\/\/Getty Images<\/p>\n<p data-journey-content=\"true\" data-node-id=\"68\" class=\"css-i9p093 emevuu60\">Hablamos aqu\u00ed de opciones ya muy remotas, pero en la longitud el gran salto puede llegar en cualquier momento. Y <strong data-node-id=\"68.1\">F\u00e1tima Diame tiene calidad para llegar a siete metros, y nadie conf\u00eda m\u00e1s que ella en que ese momento llegue<\/strong>. Si la conjunci\u00f3n se da en la final del Mundial de Tokio, estar\u00e1 en las medallas. La realidad dice que con sus 6,88m le sit\u00faan como la 14\u00aa que m\u00e1s lejos ha llegado en el a\u00f1o, pero que todo est\u00e1 muy apretado y que Diame ya ha sacado dos bronces mundiales en pista cubierta, cotizados m\u00e1s baratos pero en los que tampoco llegaba como favorita.<\/p>\n<p data-journey-content=\"true\" data-node-id=\"70\" class=\"css-i9p093 emevuu60\"><strong data-node-id=\"70.0\">Lester Lescay<\/strong> tambi\u00e9n aparece escondido. Hay 17 atletas en el mundo que han saltado m\u00e1s lejos que \u00e9l este curso. <strong data-node-id=\"70.2\">Sus 8,17m no reflejan el potencial de un hombre de 23 a\u00f1os que a veces se atasca con la t\u00e9cnica pero que el a\u00f1o pasado alcanz\u00f3 8,35m<\/strong>, una medida en la que se espera que se jueguen los metales. Con el car\u00e1cter competitivo cubano, ya subi\u00f3 al podio en el Euroindoor de Apeldoorn este invierno, donde solo 8,12m le sirvieron.<\/p>\n<p data-journey-content=\"true\" data-node-id=\"72\" class=\"css-i9p093 emevuu60\"><strong data-node-id=\"72.0.0\">** <a href=\"https:\/\/www.runnersworld.com\/es\/noticias-running\/a66064907\/fatima-diame-pierde-mundial-atletismo-tokio-lesion-menos-24-horas-saltar\/\" target=\"_blank\" data-vars-ga-outbound-link=\"https:\/\/www.runnersworld.com\/es\/noticias-running\/a66064907\/fatima-diame-pierde-mundial-atletismo-tokio-lesion-menos-24-horas-saltar\/\" data-vars-ga-ux-element=\"Hyperlink\" data-vars-ga-call-to-action=\"F\u00e1tima Diame finalmente no competir\u00e1 por una probable rotura del isquiotibial derecho\" data-node-id=\"72.0.0.1\" class=\"body-link css-b8iqzl emevuu60\" rel=\"nofollow noopener\">F\u00e1tima Diame finalmente no competir\u00e1 por una probable rotura del isquiotibial derecho<\/a> a falta de 24 horas de la clasificaci\u00f3n.<\/strong><\/p>\n<p>Thierry Ndikumwenayo &#8211; 5.000 y 10.000m <img draggable=\"true\" alt=\"european athletics team championships division 1\" title=\"European Athletics Team Championships Division 1\" loading=\"lazy\" width=\"1024\" height=\"683\" decoding=\"async\" data-nimg=\"1\" style=\"color:transparent;width:100%;height:auto;\"   src=\"https:\/\/www.europesays.com\/es\/wp-content\/uploads\/2025\/09\/thierry-ndikumwenayo-of-spain-competes-in-the-mens-5000m-news-photo-1757676589.pjpeg\" class=\"css-0 e1g79fud0\"\/><\/p>\n<p>Europa Press Sports\/\/Getty Images<\/p>\n<p data-journey-content=\"true\" data-node-id=\"76\" class=\"css-i9p093 emevuu60\">El atleta afincado en Castell\u00f3n no ha corrido este a\u00f1o los 10.000m, donde el a\u00f1o pasado destroz\u00f3 el r\u00e9cord de Espa\u00f1a en Par\u00eds y<strong data-node-id=\"76.1\"> entr\u00f3 en el club de los que bajan ampliamente de los 27 minutos, y s\u00ed se ha prodigado en los 5.000m, donde su marca (12:47.67) es la octava mejor del a\u00f1o<\/strong>&#8230;y a menos de tres segundos de la mejor. Eso s\u00ed, al atleta de origen burund\u00e9s le perjudica la falta de velocidad final con la que se suelen decidir las medallas. Una carrera a ritmo alto podr\u00eda aumentar sus pocas opciones ante los africanos.<\/p>\n<p>Contenidos relacionados<img src=\"https:\/\/www.europesays.com\/es\/wp-content\/uploads\/2025\/09\/bf5a06c2-4db6-4862-9c02-4721903e0f33_1658474936.file\" alt=\"Headshot of Ismael P\u00e9rez\" title=\"Headshot of Ismael P\u00e9rez\" width=\"100%\" height=\"100%\" decoding=\"async\" loading=\"lazy\" class=\"css-o0wq4v ev8dhu53\"\/><\/p>\n<p>Ismael P\u00e9rez es periodista experto en atletismo y deporte ol\u00edmpico. Se enganch\u00f3 en los Juegos Ol\u00edmpicos en Atenas 2004 y desde entonces es feliz siguiendo competiciones desde la tribuna de prensa, hablando con los deportistas, sigui\u00e9ndolos en las redes sociales y contando historias, aunque tambi\u00e9n saliendo con la bicicleta o saltando en un concierto.<\/p>\n<p>Estudi\u00f3 la Licenciatura de Periodismo en la Universidad de Valladolid y tiene un M\u00e1ster en Periodismo y Comunicaci\u00f3n Digital en la EAE Business School de Madrid. Ha vivido en Tur\u00edn y Roma y ha cubierto actualidad de todo tipo en El Norte de Castilla, El Mundo de Castilla y Le\u00f3n, Televisi\u00f3n Castilla y Le\u00f3n, Rome Reports y trabajado la comunicaci\u00f3n corporativa en Burson Cohn &amp; Wolfe. Tambi\u00e9n ha escrito sobre grandes campeonatos de atletismo en Somos Ol\u00edmpicos, Vavel o Foroatletismo y ha intervenido en la IAAF Global Running Conference en Lanzhou (China).<\/p>\n<p>Con una trayectoria de m\u00e1s de una d\u00e9cada en el oficio, lleva desde 2019 vinculado a Runner&#8217;s World, Men&#8217;s Health y Women&#8217;s Health en Hearst Magazines y escribiendo sobre actualidad del atletismo de competici\u00f3n, carreras populares, triatl\u00f3n, trail running, olimpismo aunque a veces tambi\u00e9n le ha tirado al ciclismo, la escalada, la vela, la nataci\u00f3n, el tenis, el pirag\u00fcismo, el judo, el snowboard\u2026o cualquier cosa que tenga hueco en los Juegos Ol\u00edmpicos (que no Olimpiadas).\u00a0<\/p>\n","protected":false},"excerpt":{"rendered":"\u00abTenemos 7 u 8 opciones de medalla y podemos igualar el n\u00famero de medallas de Budapest 2023\u00ab, se&hellip;\n","protected":false},"author":2,"featured_media":111555,"comment_status":"","ping_status":"","sticky":false,"template":"","format":"standard","meta":{"footnotes":""},"categories":[93],"tags":[168,253,25,24,23,167],"class_list":{"0":"post-111554","1":"post","2":"type-post","3":"status-publish","4":"format-standard","5":"has-post-thumbnail","7":"category-deportes","8":"tag-deportes","9":"tag-discover","10":"tag-es","11":"tag-espana","12":"tag-spain","13":"tag-sports"},"share_on_mastodon":{"url":"","error":""},"_links":{"self":[{"href":"https:\/\/www.europesays.com\/es\/wp-json\/wp\/v2\/posts\/111554","targetHints":{"allow":["GET"]}}],"collection":[{"href":"https:\/\/www.europesays.com\/es\/wp-json\/wp\/v2\/posts"}],"about":[{"href":"https:\/\/www.europesays.com\/es\/wp-json\/wp\/v2\/types\/post"}],"author":[{"embeddable":true,"href":"https:\/\/www.europesays.com\/es\/wp-json\/wp\/v2\/users\/2"}],"replies":[{"embeddable":true,"href":"https:\/\/www.europesays.com\/es\/wp-json\/wp\/v2\/comments?post=111554"}],"version-history":[{"count":0,"href":"https:\/\/www.europesays.com\/es\/wp-json\/wp\/v2\/posts\/111554\/revisions"}],"wp:featuredmedia":[{"embeddable":true,"href":"https:\/\/www.europesays.com\/es\/wp-json\/wp\/v2\/media\/111555"}],"wp:attachment":[{"href":"https:\/\/www.europesays.com\/es\/wp-json\/wp\/v2\/media?parent=111554"}],"wp:term":[{"taxonomy":"category","embeddable":true,"href":"https:\/\/www.europesays.com\/es\/wp-json\/wp\/v2\/categories?post=111554"},{"taxonomy":"post_tag","embeddable":true,"href":"https:\/\/www.europesays.com\/es\/wp-json\/wp\/v2\/tags?post=111554"}],"curies":[{"name":"wp","href":"https:\/\/api.w.org\/{rel}","templated":true}]}}