{"id":111570,"date":"2025-09-13T04:16:08","date_gmt":"2025-09-13T04:16:08","guid":{"rendered":"https:\/\/www.europesays.com\/es\/111570\/"},"modified":"2025-09-13T04:16:08","modified_gmt":"2025-09-13T04:16:08","slug":"entre-el-ascenso-y-la-supervivencia","status":"publish","type":"post","link":"https:\/\/www.europesays.com\/es\/111570\/","title":{"rendered":"Entre el ascenso y la supervivencia"},"content":{"rendered":"<p class=\"ft-text ft-helper-closenews\">El grupo A de Primera Nacional est\u00e1 formado por 16 equipos, de los cuales doce son gallegos (nueve de la provincia de Pontevedra) y cuatro canarios (G\u00e1ldar, Ingenio, Tacoronte y Lanzarote).<\/p>\n<p class=\"ft-text\"><strong>Valinox Nov\u00e1s. <\/strong><\/p>\n<p class=\"ft-text\">El equipo de O Rosal ha afrontado una gran reestructuraci\u00f3n tras el descenso. Pierde a hombres tan importantes como el capit\u00e1n Manu Mart\u00ednez (casi 30 a\u00f1os en el club), Germ\u00e1n Hermida, Oriol Teixidor o Pau Ferr\u00e9. En las caras nuevas podemos destacar a Isma G\u00f3mez (procedente del Saeplast Ca\u00f1iza), Diego Prada (Eivissa), Rub\u00e9n Fern\u00e1ndez (Villa de Aranda) y Bruno V\u00e1zquez (Cisne), adem\u00e1s de la incorporaci\u00f3n del nuevo entrenador, que ser\u00e1 el asturiano Guillermo Artime. Durante la pretemporada y la Copa Galicia ya se han visto las caras con algunos de los pr\u00f3ximos rivales en Primera Nacional y adem\u00e1s sumaron el primer t\u00edtulo de la temporada al vencer al Lir\u00f3n Teucro en la final de la Copa Galicia.<\/p>\n<p class=\"ft-text\">Artime hizo un balance positivo de la pretemporada: \u00abVenimos de un descenso, con muchos cambios en la plantilla y mi llegada, por lo que el objetivo era encajar todo. El balance es positivo a nivel de resultados y sensaciones. El equipo ha dado un paso al frente y estamos mejorando cada semana\u00bb. Al hablar de objetivos, el preparador destaca: \u00abQueremos hacer una gran temporada, meternos en la fase de ascenso y, porque no, so\u00f1ar con ascender a Honor Plata y devolver al Nov\u00e1s a donde creemos que se merece\u201d.<\/p>\n<p class=\"ft-text\"><strong>Reconquista de Vigo. <\/strong><\/p>\n<p class=\"ft-text\">El club vigu\u00e9s tambi\u00e9n est\u00e1 lleno de novedades y cambios. Tuvo once bajas importantes, de jugadores destacados y con nombre, como son Anxo Font\u00e1n, Pepe Cami\u00f1a, Sergio Altirriba, Asier V\u00e1zquez, Iago Vidal, Pablis, Iago Rivas, Pablo Garrido, Javi Frei y Agust\u00edn Labartete. El equipo los suplir\u00e1 con Andr\u00e9 de Moura (Cisne), Manuel Rodr\u00edguez (Luceros), Alberto Hern\u00e1ndez (Ca\u00f1iza), Juan Nov\u00e1s (Carballal), Rom\u00e1n Arboleya (Cisne), Alex Rey (Ca\u00f1iza) y Manuel Hern\u00e1ndez (Cisne), qued\u00e1ndose con una plantilla m\u00e1s corta y un poco renqueante por la derecha, donde pasaron de tener cuatro zurdos a uno. En el aspecto positivo, esta temporada contar\u00e1n con el filial, reci\u00e9n creado, lo que permitir\u00e1 al entrenador tirar de sus canteranos cuando sea necesario.<\/p>\n<p class=\"ft-text\">La pretemporada les permiti\u00f3 hacer un buen trabajo, seg\u00fan indica el entrenador, V\u00edctor Rivas. \u00abLa valoraci\u00f3n es positiva, teniendo en cuenta que es un equipo completamente nuevo, despu\u00e9s de tanta baja y tanta alta. De los cuatro partidos contra equipos de la categor\u00eda (Ca\u00f1iza, Luceros, Culleredo y Carballal) ganamos tres, as\u00ed que poco m\u00e1s podemos pedir. Estamos trabajando duro, pero a\u00fan falta mucho para tener el sistema de juego asimilado\u00bb.<\/p>\n<p class=\"ft-text\">Chao y Rom\u00e1n se est\u00e1n recuperando de sus lesiones, por lo que no podr\u00e1n entrar en el equipo antes de noviembre. Con todo ello, Rivas reconoce que \u00abel objetivo, quiz\u00e1s, no es tan ambicioso como el a\u00f1o pasado, que aspir\u00e1bamos a estar por la zona alta. Ahora queremos tener una temporada tranquila, as\u00ed que iremos partido a partido, sin renunciar a nada\u00bb.<\/p>\n<p class=\"ft-text\"><strong>Granitos Ib\u00e9ricos Carballal. <\/strong><\/p>\n<p class=\"ft-text\">La plantilla de Carballal tuvo muchas e importantes bajas. Perdieron a Nov\u00e1s en porter\u00eda, a los hermanos Alex y Yago L\u00f3pez (fichados por el Cisne), Edu Alonso, que se fue a Soria, Iv\u00e1n (retirado) y \u00c1ngel (por motivos laborales). Todos ellos jugadores de peso y muchos minutos en la cancha.<\/p>\n<p class=\"ft-text\">En las incorporaciones, hay que destacar a Xoel y Dani, ambos procedentes del Ribeiro, extremos de calidad. Pero la plantilla es mucho m\u00e1s corta y el t\u00e9cnico, Fran Gonz\u00e1lez, tirar\u00e1 del filial, destacando las incorporaciones de Yago Garc\u00eda (primera l\u00ednea) y Diego Otero (porter\u00eda), j\u00f3venes, pero con proyecci\u00f3n. As\u00ed, tal y como explica el preparador, \u00abel objetivo es bastante diferente al del a\u00f1o pasado, que estuvimos en los puestos de arriba hasta el final. Esta temporada queremos no pasar apuros. Quitando a 4 o 5 equipos, el resto estamos muy parejos. Adem\u00e1s, siempre, con el sello de este equipo: relear todos los partidos\u00bb.<\/p>\n<p class=\"ft-text\"><strong>BM Porri\u00f1o. <\/strong><\/p>\n<p class=\"ft-text\">El conjunto dirigido por Dani Benaches emprende la temporada con el objetivo de la permanencia, con una plantilla muy corta, que le obligar\u00e1 a tirar del equipo juvenil. El capit\u00e1n Moreiras, Mart\u00edn Brandariz y Guillermo Cabral abandonaron la disciplina rojilla y en incorporaciones suman a Xacob Novoa y David Costa (del Ribadavia) y a Sa\u00fal Cand\u00e1n, que llevaba dos a\u00f1os sin competir. Benaches explica que, pese a las dificultades, \u00abvamos con toda la ilusi\u00f3n del mundo a competir\u00bb, algo que hicieron en todos los partidos de la pasada temporada.<\/p>\n<p class=\"ft-text\"><strong>Saeplast Ca\u00f1iza. <\/strong><\/p>\n<p class=\"ft-text\">Otra renovaci\u00f3n absoluta en el club de A Ca\u00f1iza, tanto en plantilla como en cuerpo t\u00e9cnico. Se pone al frente del conjunto Valeria Plaza, procedente del BM Salamanca, tambi\u00e9n de Primera Nacional, y el equipo ha experimentado nueve bajas y doce altas (adem\u00e1s de los canteranos \u00d3scar y brais). Las caras nuevas son Paulo Dacosta (BM Herencia), Marcos Peque\u00f1o (BM Herencia), Fran Fortuna (Barakaldo), Dar\u00edo P\u00e9rez (Universidad de Valladolid), Cristian Canosa, Manuel P\u00e9rez (Tui), All\u00e1n Magno (Balonmano Soria), Luciano Flores (Melilla), Sergi Corcuera (Mallorca), Iv\u00e1n Capelo (Lavadores) e Iv\u00e1n Plaza. La entrenadora est\u00e1 satisfecha con la pretemporada: \u00abLos chicos se han adaptado bien tanto al trabajo f\u00edsico como a los distintos cambios. Con tantas altas, lo m\u00e1s dif\u00edcil ha sido conjuntarse, pero yo estoy satisfecha y creo que estamos preparados para competir con quien venga\u00bb.<\/p>\n<p class=\"ft-text\">El objetivo prioritario es mantener la categor\u00eda, pero sin ponerse l\u00edmites: \u00abNosotros vamos a pelear a muerte cada partido que tengamos. Cada fin de semana nos dejaremos la vida y trataremos de conseguir cuanto antes este primer objetivo para despu\u00e9s intentar estar cada vez m\u00e1s arriba\u00bb.<\/p>\n<p>Tres partidos en casa y dos fuera en el arranque<\/p>\n<p class=\"ft-text\">Y as\u00ed, este fin de semana arranca la temporada 2024\/25, con el Reconquista, Valinox Nov\u00e1s y Saeplast Ca\u00f1iza como locatarios, mientras que Granitos Ib\u00e9ricos Carballal y BM Porrri\u00f1o jugar\u00e1n fuera.Balonmano Reconquista de Vigo-Balonmano Ingenio (hoy, 20:00, horas, As Travesas).Automan\u00eda Luceros-Granitos Ib\u00e9ricos Carballal (ma\u00f1ana, 13:00 horas, O Gata\u00f1al).Lir\u00f3n Teucro 80 Aniversario-BM. Porri\u00f1o (hoy, 17:00 horas, Pavill\u00f3n Municipal de Pontevedra).Valinox Nov\u00e1s-Sermarther Ciudad de Tacoronte (hoy, 19:00 horas, Pavill\u00f3n Municipal do Rosal).Saeplast BM. Ca\u00f1iza-Disicl\u00edn Balonm\u00e1n Lal\u00edn (hoy, 18:00 horas, Pavill\u00f3n Municipal da Ca\u00f1iza).<\/p>\n<p data-close=\"closedContent\" class=\"subscribeHideForDisplay\">Suscr\u00edbete para seguir leyendo<\/p>\n","protected":false},"excerpt":{"rendered":"El grupo A de Primera Nacional est\u00e1 formado por 16 equipos, de los cuales doce son gallegos (nueve&hellip;\n","protected":false},"author":2,"featured_media":111571,"comment_status":"","ping_status":"","sticky":false,"template":"","format":"standard","meta":{"footnotes":""},"categories":[278],"tags":[6421,376,12123,168,25,24,10957,375,961,1078,23,167,8768],"class_list":{"0":"post-111570","1":"post","2":"type-post","3":"status-publish","4":"format-standard","5":"has-post-thumbnail","7":"category-balonmano","8":"tag-ascenso","9":"tag-balonmano","10":"tag-cisne","11":"tag-deportes","12":"tag-es","13":"tag-espana","14":"tag-fin-de-semana","15":"tag-handball","16":"tag-pretemporada","17":"tag-primera","18":"tag-spain","19":"tag-sports","20":"tag-supervivencia"},"share_on_mastodon":{"url":"","error":""},"_links":{"self":[{"href":"https:\/\/www.europesays.com\/es\/wp-json\/wp\/v2\/posts\/111570","targetHints":{"allow":["GET"]}}],"collection":[{"href":"https:\/\/www.europesays.com\/es\/wp-json\/wp\/v2\/posts"}],"about":[{"href":"https:\/\/www.europesays.com\/es\/wp-json\/wp\/v2\/types\/post"}],"author":[{"embeddable":true,"href":"https:\/\/www.europesays.com\/es\/wp-json\/wp\/v2\/users\/2"}],"replies":[{"embeddable":true,"href":"https:\/\/www.europesays.com\/es\/wp-json\/wp\/v2\/comments?post=111570"}],"version-history":[{"count":0,"href":"https:\/\/www.europesays.com\/es\/wp-json\/wp\/v2\/posts\/111570\/revisions"}],"wp:featuredmedia":[{"embeddable":true,"href":"https:\/\/www.europesays.com\/es\/wp-json\/wp\/v2\/media\/111571"}],"wp:attachment":[{"href":"https:\/\/www.europesays.com\/es\/wp-json\/wp\/v2\/media?parent=111570"}],"wp:term":[{"taxonomy":"category","embeddable":true,"href":"https:\/\/www.europesays.com\/es\/wp-json\/wp\/v2\/categories?post=111570"},{"taxonomy":"post_tag","embeddable":true,"href":"https:\/\/www.europesays.com\/es\/wp-json\/wp\/v2\/tags?post=111570"}],"curies":[{"name":"wp","href":"https:\/\/api.w.org\/{rel}","templated":true}]}}