{"id":111572,"date":"2025-09-13T04:17:18","date_gmt":"2025-09-13T04:17:18","guid":{"rendered":"https:\/\/www.europesays.com\/es\/111572\/"},"modified":"2025-09-13T04:17:18","modified_gmt":"2025-09-13T04:17:18","slug":"a-punt-to-broadcast-double-bullfighting-session-this-saturday-13th-september","status":"publish","type":"post","link":"https:\/\/www.europesays.com\/es\/111572\/","title":{"rendered":"\u00c0 Punt to Broadcast Double Bullfighting Session This Saturday, 13th September"},"content":{"rendered":"<p><img fetchpriority=\"high\" class=\"v-a-img\" src=\"https:\/\/www.europesays.com\/es\/wp-content\/uploads\/2025\/09\/Diego Ventura (foto 3)-koTB--1200x840@TodoAlicante.jpg\" loading=\"eager\" decoding=\"async\" alt=\"Diego Ventura in a horseback bullfight.\"  width=\"1200\" height=\"840\"\/><\/p>\n<p>Diego Ventura in a horseback bullfight.          AP        <\/p>\n<p>The schedule includes the usual &#8216;La Pla\u00e7a&#8217; programme, a historic bullfight featuring Rinc\u00f3n, Ponce, and Barrera, and on Sunday, live from Albacete.<\/p>\n<p class=\"v-mdl-ath__p v-mdl-ath__p--6\">\nFriday, 12 September 2025, 16:07<\/p>\n<p class=\"v-p\"> This Saturday, 13th September, <a href=\"https:\/\/www.todoalicante.es\/sociedad\/punt-revoluciona-parrilla-arranque-curso-directos-nuevos-20250904134814-nt.html\" data-voc-vtm-id=\"in-text-traffic\" title=\"\u00c0 Punt\" rel=\"nofollow noopener\" target=\"_blank\">\u00c0 Punt<\/a> will offer a special session for all bullfighting enthusiasts. The public broadcaster has scheduled a double feature starting at 1 PM with the new episode of the programme &#8216;La Pla\u00e7a&#8217;. This week, journalist Jorge Casals will present exclusive footage of bullfighter Juan Ortega handling a bull in the town of Burriana, among other reports. <\/p>\n<p class=\"v-p\"> Later in the afternoon, from 6 PM, a new episode of the <a href=\"https:\/\/www.todoalicante.es\/comunitat\/punt-emitira-corridas-toros-historicas-domingos-20250828155247-nt.html\" data-voc-vtm-id=\"in-text-traffic\" title=\"historic bullfights\" rel=\"nofollow noopener\" target=\"_blank\">historic bullfights<\/a> retrieved from the Valencian radio and television archive will be broadcast. This episode will feature the lineup from the 1995 July Fair in Valencia, where C\u00e9sar Rinc\u00f3n, Enrique Ponce, and Vicente Barrera performed. <\/p>\n<p><a href=\"http:\/\/www.todoalicante.es\/sociedad\/lalqueria-blanca-encara-desenlace-estreno-ultimos-seis-20250911161652-nt.html#vtm_modulosEngag=mod-rel:english:noticia:1:cmp:2-not\" class=\"v-a-link\" title=\"L&#039;Alqueria Blanca faces its conclusion with the premiere of the last six episodes\" rel=\"nofollow noopener\" target=\"_blank\"><br \/>\n<img decoding=\"async\" loading=\"lazy\" class=\"v-a-img\" src=\"https:\/\/www.europesays.com\/es\/wp-content\/uploads\/2025\/09\/ALQUERIA-kVvE--366x256@TodoAlicante.jpg\" alt=\"L'Alqueria Blanca faces its conclusion with the premiere of the last six episodes\"\/><br \/>\n<\/a><\/p>\n<p><a href=\"http:\/\/www.todoalicante.es\/comunitat\/punt-potencia-programas-produccion-propia-nueva-temporada-20250906115345-nt.html#vtm_modulosEngag=mod-rel:english:noticia:2:cmp:2-not\" class=\"v-a-link\" title=\"\u00c0 Punt boosts its own production programmes in the new season\" rel=\"nofollow noopener\" target=\"_blank\"><br \/>\n<img decoding=\"async\" loading=\"lazy\" class=\"v-a-img\" src=\"https:\/\/www.europesays.com\/es\/wp-content\/uploads\/2025\/09\/programacion_apunt (2)-kwiD--366x256@TodoAlicante.jpg\" alt=\"\u00c0 Punt boosts its own production programmes in the new season\"\/><br \/>\n<\/a><\/p>\n<p class=\"v-p\"> During those fair days, both Ponce and Barrera performed again. In the first, a mano a mano between the two Valencians, Ponce emerged victorious, while in the second occasion, Barrera was the one who exited through the main gate. At that time, there was great anticipation to see them alongside Colombian C\u00e9sar Rinc\u00f3n, who had just opened the main gate at Las Ventas and was also maintaining a rivalry with Enrique Ponce at all the fairs. <\/p>\n<p class=\"v-p\"> To complete the weekend&#8217;s bullfighting schedule, on Sunday, 15th September, a live bullfight on horseback will be broadcast from the Albacete bullring. The event will take place at 6 PM featuring a lineup of three stars, including Alicante&#8217;s Andy Cartagena, who will perform alongside Diego Ventura and Lea Vicens, all from Los Esparteles. The event will be narrated by journalist Jorge Casals, who will be joined by Ontinyent&#8217;s horseback bullfighter, Pablo Donat. <\/p>\n<p>Second season of &#8216;Terra de Bous&#8217; on \u00c0 Punt R\u00e0dio<\/p>\n<p class=\"v-p\"> On another note, the programme &#8216;Terra de Bous&#8217;, which airs on \u00c0 Punt R\u00e0dio on Fridays from 6 to 7 PM, begins its second season with a commitment to cover novice bullfighters and fairs in the Valencian Community. The programme, directed and presented by Germ\u00e0 Estela, will feature two guests this week: Juan Antonio Espl\u00e1 and his son, Santiago Espl\u00e1, who will be the protagonist next Saturday, 20th September, in the second semi-final of the Circuit Valenci\u00e0 de Novillades to be held in Algemes\u00ed in the recently restored original rectangular square. <\/p>\n<p>Comenta<\/p>\n<p>Reporta un error<\/p>\n","protected":false},"excerpt":{"rendered":"Diego Ventura in a horseback bullfight. AP The schedule includes the usual &#8216;La Pla\u00e7a&#8217; programme, a historic bullfight&hellip;\n","protected":false},"author":2,"featured_media":111573,"comment_status":"","ping_status":"","sticky":false,"template":"","format":"standard","meta":{"footnotes":""},"categories":[277],"tags":[38003,373,168,28732,25,24,19344,23,167,374],"class_list":{"0":"post-111572","1":"post","2":"type-post","3":"status-publish","4":"format-standard","5":"has-post-thumbnail","7":"category-toreo","8":"tag-broadcast","9":"tag-bullfighting","10":"tag-deportes","11":"tag-double","12":"tag-es","13":"tag-espana","14":"tag-punt","15":"tag-spain","16":"tag-sports","17":"tag-toreo"},"share_on_mastodon":{"url":"","error":""},"_links":{"self":[{"href":"https:\/\/www.europesays.com\/es\/wp-json\/wp\/v2\/posts\/111572","targetHints":{"allow":["GET"]}}],"collection":[{"href":"https:\/\/www.europesays.com\/es\/wp-json\/wp\/v2\/posts"}],"about":[{"href":"https:\/\/www.europesays.com\/es\/wp-json\/wp\/v2\/types\/post"}],"author":[{"embeddable":true,"href":"https:\/\/www.europesays.com\/es\/wp-json\/wp\/v2\/users\/2"}],"replies":[{"embeddable":true,"href":"https:\/\/www.europesays.com\/es\/wp-json\/wp\/v2\/comments?post=111572"}],"version-history":[{"count":0,"href":"https:\/\/www.europesays.com\/es\/wp-json\/wp\/v2\/posts\/111572\/revisions"}],"wp:featuredmedia":[{"embeddable":true,"href":"https:\/\/www.europesays.com\/es\/wp-json\/wp\/v2\/media\/111573"}],"wp:attachment":[{"href":"https:\/\/www.europesays.com\/es\/wp-json\/wp\/v2\/media?parent=111572"}],"wp:term":[{"taxonomy":"category","embeddable":true,"href":"https:\/\/www.europesays.com\/es\/wp-json\/wp\/v2\/categories?post=111572"},{"taxonomy":"post_tag","embeddable":true,"href":"https:\/\/www.europesays.com\/es\/wp-json\/wp\/v2\/tags?post=111572"}],"curies":[{"name":"wp","href":"https:\/\/api.w.org\/{rel}","templated":true}]}}