{"id":111592,"date":"2025-09-13T04:33:12","date_gmt":"2025-09-13T04:33:12","guid":{"rendered":"https:\/\/www.europesays.com\/es\/111592\/"},"modified":"2025-09-13T04:33:12","modified_gmt":"2025-09-13T04:33:12","slug":"directo-al-grano-anuncia-una-entrevista-a-oscar-puente-como-reclamo-para-su-estreno-en-rtve","status":"publish","type":"post","link":"https:\/\/www.europesays.com\/es\/111592\/","title":{"rendered":"&#8216;Directo al grano&#8217; anuncia una entrevista a \u00d3scar Puente como reclamo para su estreno en RTVE"},"content":{"rendered":"<p class=\"article-text\">\n        El programa <strong>Directo al grano<\/strong> contin\u00faa avanzando detalles antes de su estreno. Con el fin de promocionar su primera entrega, <strong>Marta Flich <\/strong>y <strong>Gonzalo Mir\u00f3<\/strong> han acudido a La Hora de La 1 para compartir una noticia de impacto con los espectadores: su primer invitado el pr\u00f3ximo lunes, 15 de septiembre, ser\u00e1 <strong>\u00d3scar Puente<\/strong>.\n    <\/p>\n<p>    <a href=\"https:\/\/www.eldiario.es\/noticias\/rtve-detalla-presupuestos-directo-grano-seis-grandes-apuestas-prime-time_1_12592181.html\" data-mrf-recirculation=\"saber-mas\" data-dl-event=\"saber-mas\" rel=\"nofollow noopener\" target=\"_blank\"><\/p>\n<p class=\"know-more__title\">RTVE detalla los presupuestos para &#8216;Directo al grano&#8217; y seis de sus grandes apuestas de prime time<\/p>\n<p>            <img decoding=\"async\" class=\"lazy\" loading=\"lazy\" data-src=\"https:\/\/static.eldiario.es\/clip\/4041f461-3fb6-41ee-b990-1391bdd7b481_16-9-aspect-ratio_default_0.jpg\" src=\"data:image\/svg+xml,%3Csvg xmlns=\" http:=\"\" viewbox=\"0 0 880 495\" alt=\"RTVE detalla los presupuestos para 'Directo al grano' y seis de sus grandes apuestas de prime time\"\/><\/p>\n<p>                        <\/a><\/p>\n<p class=\"article-text\">\n        Mirando a c\u00e1mara, la presentadora se ha dirigido a la audiencia matinal de <strong>RTVE<\/strong>: \u201cEl ministro \u00d3scar Puente, en Directo al grano\u201d. Con una entrevista como esta, el nuevo espacio vespertino de <strong>La 1<\/strong>, cuyo <a href=\"https:\/\/www.eldiario.es\/vertele\/noticias\/directo-al-grano-estreno-horario-rtve-malas-lenguas-cintora_1_12593748.html\" data-mrf-recirculation=\"links-noticia\" class=\"link\" rel=\"nofollow noopener\" target=\"_blank\">horario de emisi\u00f3n<\/a> se dilatar\u00e1 entre las 15:55 y las 17:30 horas, se garantiza captar la atenci\u00f3n de sus potenciales seguidores en la batalla por la sobremesa.\n    <\/p>\n<p class=\"article-text\">\n        Producido por RTVE en colaboraci\u00f3n con La Osa y Big Ban Media, Directo al grano llega a las pantallas de La 1 con el objetivo de ser el magac\u00edn de referencia. Junto a Marta Flich, Gonzalo Mir\u00f3 capitanear\u00e1 cada una de sus emisiones. Ambos estar\u00e1n acompa\u00f1ados por un nutrido plantel de <strong>hasta 35 colaboradores<\/strong>, siempre con la intenci\u00f3n de analizar la actualidad.\n    <\/p>\n<p>    <a href=\"https:\/\/www.eldiario.es\/vertele\/audiencias-tv\/jueves-11-septiembre-2025-la-revuelta-el-hormiguero-firman-duelo-igualado-broncano-gana-centesima-coincidencia_1_12597197.html\" data-mrf-recirculation=\"saber-mas-abajo\" data-dl-event=\"saber-mas-abajo\" rel=\"nofollow noopener\" target=\"_blank\"><\/p>\n<p class=\"know-more__title\">&#8216;La Revuelta&#8217; (14.4%) y &#8216;El Hormiguero&#8217; firman su duelo m\u00e1s igualado: Broncano gana por una cent\u00e9sima en coincidencia<\/p>\n<p>            <img decoding=\"async\" class=\"lazy\" loading=\"lazy\" data-src=\"https:\/\/static.eldiario.es\/clip\/d0c6975a-d825-4bc8-bcdc-8c4a7940d998_16-9-aspect-ratio_default_0.jpg\" src=\"data:image\/svg+xml,%3Csvg xmlns=\" http:=\"\" viewbox=\"0 0 880 495\" alt=\"'La Revuelta' (14.4%) y 'El Hormiguero' firman su duelo m\u00e1s igualado: Broncano gana por una cent\u00e9sima en coincidencia\"\/><\/p>\n<p>                        <\/a><\/p>\n<blockquote class=\"twitter-tweet\" data-lang=\"es\"><p><a href=\"https:\/\/twitter.com\/X\/status\/1966432231569674408?ref_src=twsrc%5Etfw\" rel=\"nofollow noopener\" target=\"_blank\"><\/p><\/blockquote>\n<p class=\"article-text\">\n        El pr\u00f3ximo lunes, \u00d3scar Puente ser\u00e1 el principal reclamo de Directo al grano frente a la competencia. Su comparecencia p\u00fablica se enmarca en un <strong>contexto pol\u00edtico<\/strong> de<strong> alto voltaje<\/strong>, enfrent\u00e1ndose a otras ofertas como Sue\u00f1os de libertad (Antena 3), El tiempo justo (Telecinco), Todo es mentira (Cuatro) y Zapeando (laSexta).\n    <\/p>\n<p>                                <script async src=\"https:\/\/platform.twitter.com\/widgets.js\" charset=\"utf-8\"><\/script><\/p>\n","protected":false},"excerpt":{"rendered":"El programa Directo al grano contin\u00faa avanzando detalles antes de su estreno. Con el fin de promocionar su&hellip;\n","protected":false},"author":2,"featured_media":111593,"comment_status":"","ping_status":"","sticky":false,"template":"","format":"standard","meta":{"footnotes":""},"categories":[91],"tags":[20690,146,147,3141,25,24,6870,2952,518,23],"class_list":{"0":"post-111592","1":"post","2":"type-post","3":"status-publish","4":"format-standard","5":"has-post-thumbnail","7":"category-entretenimiento","8":"tag-directo-al-grano","9":"tag-entertainment","10":"tag-entretenimiento","11":"tag-entrevista","12":"tag-es","13":"tag-espana","14":"tag-la-1","15":"tag-oscar-puente","16":"tag-rtve","17":"tag-spain"},"share_on_mastodon":{"url":"","error":""},"_links":{"self":[{"href":"https:\/\/www.europesays.com\/es\/wp-json\/wp\/v2\/posts\/111592","targetHints":{"allow":["GET"]}}],"collection":[{"href":"https:\/\/www.europesays.com\/es\/wp-json\/wp\/v2\/posts"}],"about":[{"href":"https:\/\/www.europesays.com\/es\/wp-json\/wp\/v2\/types\/post"}],"author":[{"embeddable":true,"href":"https:\/\/www.europesays.com\/es\/wp-json\/wp\/v2\/users\/2"}],"replies":[{"embeddable":true,"href":"https:\/\/www.europesays.com\/es\/wp-json\/wp\/v2\/comments?post=111592"}],"version-history":[{"count":0,"href":"https:\/\/www.europesays.com\/es\/wp-json\/wp\/v2\/posts\/111592\/revisions"}],"wp:featuredmedia":[{"embeddable":true,"href":"https:\/\/www.europesays.com\/es\/wp-json\/wp\/v2\/media\/111593"}],"wp:attachment":[{"href":"https:\/\/www.europesays.com\/es\/wp-json\/wp\/v2\/media?parent=111592"}],"wp:term":[{"taxonomy":"category","embeddable":true,"href":"https:\/\/www.europesays.com\/es\/wp-json\/wp\/v2\/categories?post=111592"},{"taxonomy":"post_tag","embeddable":true,"href":"https:\/\/www.europesays.com\/es\/wp-json\/wp\/v2\/tags?post=111592"}],"curies":[{"name":"wp","href":"https:\/\/api.w.org\/{rel}","templated":true}]}}